{"id":74436,"date":"2025-03-19T00:25:42","date_gmt":"2025-03-18T23:25:42","guid":{"rendered":"https:\/\/www.infokuryr.cz\/n\/?p=74436"},"modified":"2025-03-18T18:41:19","modified_gmt":"2025-03-18T17:41:19","slug":"zelensky-odstoupi-byvaly-poradce-prezidenta-ukrajiny-varuje-ze-by-se-ukrajina-mohla-po-valce-zhroutit","status":"publish","type":"post","link":"https:\/\/www.infokuryr.cz\/n\/2025\/03\/19\/zelensky-odstoupi-byvaly-poradce-prezidenta-ukrajiny-varuje-ze-by-se-ukrajina-mohla-po-valce-zhroutit\/","title":{"rendered":"\u201eZelensky odstoup\u00ed\u201c \u2013 B\u00fdval\u00fd poradce prezidenta Ukrajiny varuje, \u017ee by se Ukrajina mohla po v\u00e1lce zhroutit"},"content":{"rendered":"<div id=\"fb-root\"><\/div>\n<h3 class=\"s-tagline fw-tagline\"><span>Zelensk\u00e9ho \u010das se bl\u00ed\u017e\u00ed, \u0159\u00edk\u00e1 b\u00fdval\u00fd bl\u00edzk\u00fd poradce Zelensk\u00e9ho, ale volby by tak\u00e9 mohly vy\u00fastit v chaos a kolaps Ukrajiny<\/span><\/h3>\n<p><span>B\u00fdval\u00fd poradce ukrajinsk\u00e9ho prezidenta Oleksij Arestovy\u010d \u0159\u00edk\u00e1, \u017ee je p\u0159esv\u011bd\u010den, \u017ee ukrajinsk\u00fd prezident Volodymyr Zelenskyj brzy odstoup\u00ed, k \u010demu\u017e dojde po podeps\u00e1n\u00ed dohody o p\u0159\u00edm\u011b\u0159\u00ed.<\/span><\/p>\n<p><span>Arestovy\u010d sd\u00edlel sv\u00e9 teorie o budoucnosti sou\u010dasn\u00e9 vl\u00e1dy na Ukrajin\u011b na kan\u00e1lu YouTube novin\u00e1\u0159e Vasilije Golovanova. Podle jeho n\u00e1zoru nebude Zelenskyj usilovat o dal\u0161\u00ed rok ve funkci prezidenta.<\/span><\/p>\n<p><span>\u201eDnes vypad\u00e1 dob\u0159e zn\u00e1m\u00fd vzorec takto: Zelenskyj v ur\u010dit\u00e9 f\u00e1zi po p\u0159\u00edm\u011b\u0159\u00ed dobrovoln\u011b odstoup\u00ed,\u201c argumentoval.<\/span><\/p>\n<p><span>Jak b\u00fdval\u00fd poradce dodal, Zelenskyj nep\u0159e\u017eije po p\u0159edvolebn\u00ed kampani, kter\u00e1 m\u00e1 prob\u011bhnout po zru\u0161en\u00ed stann\u00e9ho pr\u00e1va v zemi. Kdy tato chv\u00edle nastane, z\u00e1le\u017e\u00ed na m\u00edrov\u00fdch rozhovorech.<\/span><\/p>\n<p><span>Arestovy\u010d tvrd\u00ed, \u017ee Ukrajina pak projde velk\u00fdmi politick\u00fdmi zm\u011bnami. Konec v\u00e1lky podle jeho n\u00e1zoru prosp\u011bje mimo jin\u00e9 arm\u00e1d\u011b a nacionalist\u016fm, kte\u0159\u00ed budou cht\u00edt pohnat sou\u010dasnou vl\u00e1du k odpov\u011bdnosti, a prezidentsk\u00e1 kampa\u0148 bude velmi emotivn\u00ed.<\/span><\/p>\n<p><span>\u201eJe mo\u017en\u00e9, \u017ee se tento proces stane chaotick\u00fdm, co\u017e si nikdo nem\u016f\u017ee dovolit, proto\u017ee to povede ke zhroucen\u00ed cel\u00e9, pracn\u011b budovan\u00e9 struktury,\u201c \u0159ekl.<\/span><\/p>\n<h2 class=\"wp-block-heading\"><span>Jak bude Ukrajina vypadat po v\u00e1lce?<\/span><\/h2>\n<p><span>Arestovy\u010d poznamenal, \u017ee politick\u00fd chaos na Ukrajin\u011b by p\u0159edstavoval v\u00e1\u017en\u00fd probl\u00e9m pro bezpe\u010dnostn\u00ed syst\u00e9m cel\u00e9 v\u00fdchodn\u00ed Evropy.<\/span><\/p>\n<p><span>Ze sv\u00e9 strany by v p\u0159edvolebn\u00ed kampani navrhoval ustaven\u00ed technick\u00e9 vl\u00e1dy, jej\u00edm\u017e \u00fakolem by byla aktualizace z\u00e1kon\u016f o volb\u00e1ch. Arestovy\u010d argumentuje t\u00edm, \u017ee sou\u010dasn\u00e9 normy nemus\u00ed fungovat kv\u016fli obrovsk\u00e9mu odlivu ukrajinsk\u00e9ho lidu do z\u00e1padn\u00edch zem\u00ed a tak\u00e9 kv\u016fli tomu, \u017ee n\u011bkte\u0159\u00ed ob\u010dan\u00e9 skon\u010d\u00ed na \u00fazem\u00edch okupovan\u00fdch Rusy a nebudou moci volit.<\/span><\/p>\n<p><span>\u201eJak dlouho to bude trvat, nen\u00ed zn\u00e1mo, uk\u00e1\u017ee se pozice stran, pokud na to USA vyvinou tlak, m\u016f\u017ee to trvat a\u017e t\u0159i m\u011bs\u00edce, pokud ne, ud\u011bl\u00e1me v\u0161e v po\u0159\u00e1dku a v klidu to bude \u0161est nebo osm m\u011bs\u00edc\u016f,\u201c uzav\u0159el.<\/span><\/p>\n<p><img decoding=\"async\" loading=\"lazy\" class=\"alignnone size-full wp-image-71983\" src=\"http:\/\/www.infokuryr.cz\/n\/wp-content\/uploads\/2025\/02\/aaa.jpg\" alt=\"\" width=\"89\" height=\"23\" \/><\/p>\n<p>&nbsp;<\/p>\n","protected":false},"excerpt":{"rendered":"<p>Zelensk\u00e9ho \u010das se bl\u00ed\u017e\u00ed, \u0159\u00edk\u00e1 b\u00fdval\u00fd bl\u00edzk\u00fd poradce Zelensk\u00e9ho, ale volby by tak\u00e9 mohly vy\u00fastit&#8230;<\/p>\n","protected":false},"author":2,"featured_media":65244,"comment_status":"closed","ping_status":"closed","sticky":false,"template":"","format":"standard","meta":[],"categories":[7],"tags":[1503,26,27,1000],"_links":{"self":[{"href":"https:\/\/www.infokuryr.cz\/n\/wp-json\/wp\/v2\/posts\/74436"}],"collection":[{"href":"https:\/\/www.infokuryr.cz\/n\/wp-json\/wp\/v2\/posts"}],"about":[{"href":"https:\/\/www.infokuryr.cz\/n\/wp-json\/wp\/v2\/types\/post"}],"author":[{"embeddable":true,"href":"https:\/\/www.infokuryr.cz\/n\/wp-json\/wp\/v2\/users\/2"}],"replies":[{"embeddable":true,"href":"https:\/\/www.infokuryr.cz\/n\/wp-json\/wp\/v2\/comments?post=74436"}],"version-history":[{"count":0,"href":"https:\/\/www.infokuryr.cz\/n\/wp-json\/wp\/v2\/posts\/74436\/revisions"}],"wp:featuredmedia":[{"embeddable":true,"href":"https:\/\/www.infokuryr.cz\/n\/wp-json\/wp\/v2\/media\/65244"}],"wp:attachment":[{"href":"https:\/\/www.infokuryr.cz\/n\/wp-json\/wp\/v2\/media?parent=74436"}],"wp:term":[{"taxonomy":"category","embeddable":true,"href":"https:\/\/www.infokuryr.cz\/n\/wp-json\/wp\/v2\/categories?post=74436"},{"taxonomy":"post_tag","embeddable":true,"href":"https:\/\/www.infokuryr.cz\/n\/wp-json\/wp\/v2\/tags?post=74436"}],"curies":[{"name":"wp","href":"https:\/\/api.w.org\/{rel}","templated":true}]}}