{"id":74434,"date":"2025-03-19T00:24:42","date_gmt":"2025-03-18T23:24:42","guid":{"rendered":"https:\/\/www.infokuryr.cz\/n\/?p=74434"},"modified":"2025-03-18T18:38:57","modified_gmt":"2025-03-18T17:38:57","slug":"madarsko-reklo-ne-dalsi-platbe-eu-kyjevu","status":"publish","type":"post","link":"https:\/\/www.infokuryr.cz\/n\/2025\/03\/19\/madarsko-reklo-ne-dalsi-platbe-eu-kyjevu\/","title":{"rendered":"Ma\u010farsko \u0159eklo ne dal\u0161\u00ed platb\u011b EU Kyjevu"},"content":{"rendered":"<div id=\"fb-root\"><\/div>\n<h3 class=\"s-tagline fw-tagline\"><span>Ma\u010farsk\u00fd ministr zahrani\u010d\u00ed P\u00e9ter Szijj\u00e1rt\u00f3 \u0159\u00edk\u00e1, \u017ee nov\u00fd n\u00e1vrh Bruselu vych\u00e1z\u00ed z \u201eprov\u00e1le\u010dn\u00e9ho postoje\u201c<\/span><\/h3>\n<p><span>Rada pro zahrani\u010dn\u00ed v\u011bci Evropsk\u00e9 unie ji\u017e pl\u00e1nuje dal\u0161\u00ed bal\u00ed\u010dek pomoci pro Ukrajinu. Budape\u0161\u0165 to v\u0161ak op\u011bt pl\u00e1nuje zastavit.<\/span><\/p>\n<p><span>Nov\u00fd bal\u00ed\u010dek bude podle ma\u010farsk\u00e9ho ministra zahrani\u010d\u00ed P\u00e9tera Szijj\u00e1rt\u00f3 sest\u00e1vat z nejm\u00e9n\u011b 20 miliard eur. Szijj\u00e1rt\u00f3 se t\u00e9to nov\u00e9 prov\u00e1le\u010dn\u00e9 iniciativ\u011b EU v\u011bnoval\u00a0v pond\u011bl\u00ed na sv\u00e9\u00a0<\/span><a href=\"https:\/\/www.facebook.com\/szijjarto.peter.official\/posts\/pfbid02dMwS3aeRYoZzKNKFX1c31TmqM4BXkaYN7TAzBicvosH8a3dSDPsECEjLp4ueJ1x8l\"><span>facebookov\u00e9 zdi .<\/span><\/a><\/p>\n<p><span>Jin\u00e9 zdroje, jako je \u0161pan\u011blsk\u00fd list\u00a0<\/span><a href=\"https:\/\/en.ara.cat\/misc\/the-eu-s-40-billion-plan-to-strengthen-ukraine-against-putin-and-trump_1_5318257.html\"><span>ARA<\/span><\/a><span> , tvrdily, \u017ee \u010d\u00e1stka by mohla skon\u010dit a\u017e 40 miliardami eur. K projedn\u00e1n\u00ed n\u00e1vrhu v Bruselu se v pond\u011bl\u00ed se\u0161la Rada pro zahrani\u010dn\u00ed v\u011bci.<\/span><\/p>\n<p><span>&#8222;Nenech\u00e1me se do toho zat\u00e1hnout,&#8220; napsal Szijj\u00e1rt\u00f3. \u201eNedovol\u00edme, aby byly pen\u00edze ma\u010farsk\u00fdch da\u0148ov\u00fdch poplatn\u00edk\u016f pou\u017eity na financov\u00e1n\u00ed dod\u00e1vek zbran\u00ed na Ukrajinu, m\u00edsto toho podporujeme m\u00edrov\u00e1 jedn\u00e1n\u00ed.<\/span><\/p>\n<p><span>\u201eD\u00edky prezidentu Trumpovi nebyla nad\u011bje na m\u00edr za posledn\u00ed t\u0159i roky tak bl\u00edzko jako nyn\u00ed,\u201c dodal ministr zahrani\u010d\u00ed. \u201eZ\u00e1m\u011br Bruselu br\u00e1nit m\u00edrov\u00fdm jedn\u00e1n\u00edm je proto v Bruselu st\u00e1le nep\u0159ijateln\u00fd.<\/span><\/p>\n<p><span>M\u00edstop\u0159edsedkyn\u011b Evropsk\u00e9 komise Kaja Kallasov\u00e1 v\u0161ak v pond\u011bl\u00ed podle\u00a0<\/span><a href=\"https:\/\/www.euronews.com\/my-europe\/2025\/03\/17\/russia-cant-really-be-trusted-kaja-kallas-warns-ahead-of-new-trump-putin-call\"><span>Euronews<\/span><\/a><span>\u00a0zaujala opa\u010dn\u00fd postoj . &#8222;Pr\u00e1v\u011b te\u010f vid\u00edme, \u017ee Rusko ve skute\u010dnosti nechce m\u00edr,&#8220; \u0159ekla novin\u00e1\u0159\u016fm po sch\u016fzce s t\u00edm, \u017ee &#8222;kolem stolu panuje pochopen\u00ed, \u017ee Rusku nelze ve skute\u010dnosti v\u011b\u0159it.&#8220;<\/span><\/p>\n<p><span>&#8222;M\u00ed\u010d je na stran\u011b Ruska,&#8220; dodala a zopakovala v\u011btu, kterou v posledn\u00edch t\u00fddnech \u010dasto sl\u00fdchali z\u00e1padn\u00ed politici.<\/span><\/p>\n<p><span>Budape\u0161\u0165 m\u00e1 pravomoc vetovat jakoukoli celoevropskou unijn\u00ed distribuci dal\u0161\u00ed pomoci Ukrajin\u011b, o n\u00ed\u017e mus\u00ed jednomysln\u011b rozhodnout v\u0161echny \u010dlensk\u00e9 st\u00e1ty. O pl\u00e1nech obej\u00edt Ma\u010farsko se podle ARA ji\u017e diskutuje diplomatickou cestou schv\u00e1len\u00edm pomoci prost\u0159ednictv\u00edm samostatn\u00e9 koalice slo\u017een\u00e9 v\u00fdhradn\u011b z t\u011bch zem\u00ed, kter\u00e9 cht\u011bj\u00ed Kyjevu poskytnout v\u00edce pomoci.<\/span><\/p>\n<p><span>Odpor proti dal\u0161\u00ed v\u00fdplat\u011b v\u00e1lkou unaven\u00e9 zemi v\u0161ak nep\u0159ich\u00e1z\u00ed pouze z Ma\u010farska. \u0160pan\u011blsk\u00fd ministr zahrani\u010d\u00ed Jos\u00e9 Manuel Albares v pond\u011bl\u00ed v Bruselu novin\u00e1\u0159\u016fm \u0159ekl, \u017ee zat\u00edmco jeho zem\u011b ji\u017e souhlasila s bilater\u00e1ln\u00edm poskytnut\u00edm jedn\u00e9 miliardy eur Ukrajin\u011b, nov\u00fd n\u00e1vrh navrhuje pom\u011brn\u00fd p\u0159\u00edsp\u011bvek ka\u017ed\u00e9ho \u010dlensk\u00e9ho st\u00e1tu na z\u00e1klad\u011b jejich hrub\u00e9ho dom\u00e1c\u00edho produktu. Pokud by s t\u00edm \u0160pan\u011blsko souhlasilo, bylo by to na h\u00e1ku za 3 miliardy eur \u2013 n\u011bco, co je pro Madrid nep\u0159ijateln\u00e9.<\/span><\/p>\n<p><span>Bruselsk\u00e1 sch\u016fzka se uskute\u010dnila den p\u0159ed pl\u00e1novan\u00fdm telefon\u00e1tem americk\u00e9ho prezidenta Donalda Trumpa s rusk\u00fdm prezidentem Vladimirem Putinem, jeho\u017e c\u00edlem je p\u0159esv\u011bd\u010dit rusk\u00e9ho v\u016fdce, aby souhlasil s 30denn\u00edm p\u0159\u00edm\u011b\u0159\u00edm ve v\u00e1lce na Ukrajin\u011b. Vzhledem k nep\u0159\u00e1telstv\u00ed americk\u00e9ho prezidenta k ukrajinsk\u00e9mu prezidentovi Volodymyru Zelensk\u00e9mu a otev\u0159enosti jedn\u00e1n\u00ed s Putinem nen\u00ed jeho na\u010dasov\u00e1n\u00ed rozhodn\u011b n\u00e1hodn\u00e9.<\/span><\/p>\n<p><span>O navrhovan\u00e9m bal\u00ed\u010dku pomoci budou l\u00edd\u0159i EU jednat na \u010dtvrte\u010dn\u00edm summitu.<\/span><\/p>\n<p><img decoding=\"async\" loading=\"lazy\" class=\"alignnone size-full wp-image-71983\" src=\"http:\/\/www.infokuryr.cz\/n\/wp-content\/uploads\/2025\/02\/aaa.jpg\" alt=\"\" width=\"89\" height=\"23\" \/><\/p>\n<p>&nbsp;<\/p>\n","protected":false},"excerpt":{"rendered":"<p>Ma\u010farsk\u00fd ministr zahrani\u010d\u00ed P\u00e9ter Szijj\u00e1rt\u00f3 \u0159\u00edk\u00e1, \u017ee nov\u00fd n\u00e1vrh Bruselu vych\u00e1z\u00ed z \u201eprov\u00e1le\u010dn\u00e9ho postoje\u201c Rada&#8230;<\/p>\n","protected":false},"author":2,"featured_media":74435,"comment_status":"closed","ping_status":"closed","sticky":false,"template":"","format":"standard","meta":[],"categories":[7],"tags":[41,78,90,26],"_links":{"self":[{"href":"https:\/\/www.infokuryr.cz\/n\/wp-json\/wp\/v2\/posts\/74434"}],"collection":[{"href":"https:\/\/www.infokuryr.cz\/n\/wp-json\/wp\/v2\/posts"}],"about":[{"href":"https:\/\/www.infokuryr.cz\/n\/wp-json\/wp\/v2\/types\/post"}],"author":[{"embeddable":true,"href":"https:\/\/www.infokuryr.cz\/n\/wp-json\/wp\/v2\/users\/2"}],"replies":[{"embeddable":true,"href":"https:\/\/www.infokuryr.cz\/n\/wp-json\/wp\/v2\/comments?post=74434"}],"version-history":[{"count":0,"href":"https:\/\/www.infokuryr.cz\/n\/wp-json\/wp\/v2\/posts\/74434\/revisions"}],"wp:featuredmedia":[{"embeddable":true,"href":"https:\/\/www.infokuryr.cz\/n\/wp-json\/wp\/v2\/media\/74435"}],"wp:attachment":[{"href":"https:\/\/www.infokuryr.cz\/n\/wp-json\/wp\/v2\/media?parent=74434"}],"wp:term":[{"taxonomy":"category","embeddable":true,"href":"https:\/\/www.infokuryr.cz\/n\/wp-json\/wp\/v2\/categories?post=74434"},{"taxonomy":"post_tag","embeddable":true,"href":"https:\/\/www.infokuryr.cz\/n\/wp-json\/wp\/v2\/tags?post=74434"}],"curies":[{"name":"wp","href":"https:\/\/api.w.org\/{rel}","templated":true}]}}