{"id":74432,"date":"2025-03-19T00:23:54","date_gmt":"2025-03-18T23:23:54","guid":{"rendered":"https:\/\/www.infokuryr.cz\/n\/?p=74432"},"modified":"2025-03-18T18:35:48","modified_gmt":"2025-03-18T17:35:48","slug":"neutralita-znepokojujici-jasot-nad-dohodou-o-vojenskych-zbranich-mezi-steyrem-a-rheinmetallem","status":"publish","type":"post","link":"https:\/\/www.infokuryr.cz\/n\/2025\/03\/19\/neutralita-znepokojujici-jasot-nad-dohodou-o-vojenskych-zbranich-mezi-steyrem-a-rheinmetallem\/","title":{"rendered":"Neutralita? Znepokojuj\u00edc\u00ed j\u00e1sot nad dohodou o vojensk\u00fdch zbran\u00edch mezi Steyrem a Rheinmetallem"},"content":{"rendered":"<div id=\"fb-root\"><\/div>\n<p><strong><span>Existuje dobr\u00fd d\u016fvod, pro\u010d je rakousk\u00e1 v\u011b\u010dn\u00e1 neutralita zakotvena v \u00fastav\u011b, ale nov\u00e1 vl\u00e1da ji po\u0161lap\u00e1v\u00e1. Zat\u00edmco ministryn\u011b zahrani\u010d\u00ed NEOS Beate Meinl-Reisinger stru\u010dn\u011b pov\u00fd\u0161ila povinnost EU poskytovat pomoc na stejnou \u00farove\u0148 jako neutralitu, \u010d\u00edm\u017e ignorovala Irskou dolo\u017eku, mainstreamov\u00fd tisk tleskal dohod\u011b o vojensk\u00fdch zbran\u00edch mezi Steyrem a Rheinmetallem. M\u011blo by se Rakousko st\u00e1t \u00fa\u010dastn\u00edkem v\u00e1lky? MFG se d\u016fsledn\u011b stav\u00ed proti erozi neutrality.<\/span><\/strong><\/p>\n<p><em><span>Tiskov\u00e1 zpr\u00e1va od MFG:<\/span><\/em><\/p>\n<p><strong><span>Strana MFG se bez kompromis\u016f a relativizace zav\u00e1zala k trval\u00e9 neutralit\u011b Rakouska, jak je zakotveno v \u00fastav\u011b. Dohoda o vojensk\u00fdch zbran\u00edch mezi Steyrem a Rheinmetallem je extr\u00e9mn\u011b nebezpe\u010dn\u00e1 a nen\u00ed d\u016fvod k oslav\u011b. Rovn\u011b\u017e je t\u0159eba odm\u00edtnout snahy nov\u00e9 spolkov\u00e9 vl\u00e1dy, zejm\u00e9na ministryn\u011b zahrani\u010d\u00ed NEOS Beate Meinl-Reisingerov\u00e9, aby se Rakousko stalo partyz\u00e1nsk\u00fdm \u00fa\u010dastn\u00edkem v\u00e1lky na Ukrajin\u011b.<\/span><\/strong><\/p>\n<p><span>Nap\u0159\u00ed\u010d etablovan\u00fdm tiskov\u00fdm prost\u0159ed\u00edm panuje \u0161\u00edlenstv\u00ed radosti z \u201emegadohody\u201c mezi Steyr Motors a Rheinmetall Landsysteme GmbH. Rheinmetall je jedn\u00edm z dodavatel\u016f vojensk\u00e9ho materi\u00e1lu na Ukrajinu, kter\u00e1 je ve v\u00e1lce s Ruskem. P\u0159edpokl\u00e1d\u00e1 se, \u017ee motory a jednotky od Steyr Motors budou pou\u017eity pro bojov\u00e9 tanky, lokomotivy a dal\u0161\u00ed vojenskou techniku.<\/span><\/p>\n<p><span>\u201eDod\u00e1vky zbran\u00ed do v\u00e1le\u010dn\u00fdch z\u00f3n jsou nekompatibiln\u00ed s rakouskou trvalou neutralitou. Nepom\u00e1h\u00e1 neust\u00e1le poukazovat na to, \u017ee ekonomika na\u0161\u00ed zem\u011b je v konstantn\u00ed sestupn\u00e9 spir\u00e1le. \u0160patn\u00e1 ekonomick\u00e1 v\u00fdkonnost je zp\u016fsobena zav\u00e1d\u011bj\u00edc\u00edmi politikami \u00f6vp a Greens, Feder\u00e1ln\u00ed stranou, a to, \u017ee je p\u0159edseda, a o\u017eivuj\u00edc\u00ed se, a to, \u017ee je p\u0159edseda, a to, \u017ee je p\u0159edseda, a to, \u017ee je to zmocn\u011bno,\u201c, a to, \u017ee je to zmocn\u011bno, a zmizev, a to, \u017ee je to \u0161esti, a je zvln\u011bn\u00e1 G) v Rakousku.<\/span><\/p>\n<p><strong><em><span>&#8222;Dod\u00e1vky zbran\u00ed nevytv\u00e1\u0159ej\u00ed m\u00edr &#8211; pouze diplomacie m\u016f\u017ee zajistit, aby v\u00edce lid\u00ed nezem\u0159elo nesmysln\u011b!&#8220;<\/span><\/em><\/strong><\/p>\n<p><cite><em><span>LAbg. Joachim Aigner, p\u0159edseda feder\u00e1ln\u00ed strany MFG-Rakousko<\/span><\/em><\/cite><\/p>\n<p><span>Od sv\u00e9ho zalo\u017een\u00ed se strana MFG zav\u00e1zala dodr\u017eovat feder\u00e1ln\u00ed \u00fastavu a zachov\u00e1vat neutralitu. Nesm\u00ed doch\u00e1zet k \u017e\u00e1dn\u00fdm kompromis\u016fm nebo podkop\u00e1v\u00e1n\u00ed. Zd\u00e1 se, \u017ee nov\u00e1 n\u011bmeck\u00e1 vl\u00e1da se chce st\u00e1le v\u00edce p\u0159ibli\u017eovat NATO a nezd\u00e1 se, \u017ee by m\u011bla probl\u00e9m se spole\u010dnou arm\u00e1dou EU.<\/span><\/p>\n<p><span>Zvl\u00e1\u0161t\u011b znepokojiv\u00e9 je ned\u00e1vn\u00e9 prohl\u00e1\u0161en\u00ed ministryn\u011b zahrani\u010d\u00ed Beate Meinl-Reisinger, \u017ee neutralita je \u201ena stejn\u00e9 \u00farovni\u201c jako povinnost EU poskytnout pomoc. Ve skute\u010dnosti je to naopak: neutralita m\u00e1 p\u0159ednost p\u0159ed touto povinnost\u00ed.\u00a0<\/span><strong><span>Takzvan\u00e1 \u201eirsk\u00e1 klauzule\u201c ve Smlouv\u011b o EU Rakousku v\u00fdslovn\u011b zaru\u010duje zachov\u00e1n\u00ed jeho neutrality \u2013 i v p\u0159\u00edpad\u011b povinnosti EU poskytnout pomoc.<\/span><\/strong><span> Kdo tuto ochrannou klauzuli ignoruje nebo zleh\u010duje, zpochyb\u0148uje \u00fastavn\u011b zakotvenou neutralitu a chce z\u0159ejm\u011b zatla\u010dit Rakousko do v\u00e1lky s Ruskem.\u00a0<\/span><\/p>\n<p><span>Vojen\u0161t\u00ed d\u016fstojn\u00edci opakovan\u011b prohl\u00e1sili, \u017ee Rakousko je ji\u017e zapojeno do hybridn\u00ed v\u00e1lky proti Rusku. Je proto o to d\u016fle\u017eit\u011bj\u0161\u00ed p\u0159ijmout ve\u0161ker\u00e1 mo\u017en\u00e1 diplomatick\u00e1 opat\u0159en\u00ed a pamatovat na to, \u017ee Rakousko bylo kdysi mezin\u00e1rodn\u011b uzn\u00e1van\u00fdm m\u00edstem jedn\u00e1n\u00ed v\u00e1l\u010d\u00edc\u00edch stran. &#8222;Ka\u017ed\u00fd, kdo m\u00e1 vlastn\u00ed d\u011bti, bratry, otce a dal\u0161\u00ed bl\u00edzk\u00e9, by m\u011bl pochopit, \u017ee v\u00e1lka je nejstra\u0161n\u011bj\u0161\u00ed ud\u00e1lost\u00ed, do kter\u00e9 mohou nezodpov\u011bdn\u00e9 vl\u00e1dy sv\u00e9 lidi donutit. MFG jasn\u011b \u0159\u00edk\u00e1: &#8218;Sicha ned!&#8216;, pokud chce n\u011bkdo zru\u0161it na\u0161i neutralitu a poslat na\u0161e rakousk\u00e9 ob\u010dany do v\u00e1lky,&#8220; uzav\u0159el Aigner.<\/span><\/p>\n<p><img decoding=\"async\" loading=\"lazy\" class=\"alignnone size-full wp-image-71983\" src=\"http:\/\/www.infokuryr.cz\/n\/wp-content\/uploads\/2025\/02\/aaa.jpg\" alt=\"\" width=\"89\" height=\"23\" \/><\/p>\n<p>&nbsp;<\/p>\n","protected":false},"excerpt":{"rendered":"<p>Existuje dobr\u00fd d\u016fvod, pro\u010d je rakousk\u00e1 v\u011b\u010dn\u00e1 neutralita zakotvena v \u00fastav\u011b, ale nov\u00e1 vl\u00e1da ji&#8230;<\/p>\n","protected":false},"author":2,"featured_media":74433,"comment_status":"closed","ping_status":"closed","sticky":false,"template":"","format":"standard","meta":[],"categories":[7],"tags":[1942,120,40],"_links":{"self":[{"href":"https:\/\/www.infokuryr.cz\/n\/wp-json\/wp\/v2\/posts\/74432"}],"collection":[{"href":"https:\/\/www.infokuryr.cz\/n\/wp-json\/wp\/v2\/posts"}],"about":[{"href":"https:\/\/www.infokuryr.cz\/n\/wp-json\/wp\/v2\/types\/post"}],"author":[{"embeddable":true,"href":"https:\/\/www.infokuryr.cz\/n\/wp-json\/wp\/v2\/users\/2"}],"replies":[{"embeddable":true,"href":"https:\/\/www.infokuryr.cz\/n\/wp-json\/wp\/v2\/comments?post=74432"}],"version-history":[{"count":0,"href":"https:\/\/www.infokuryr.cz\/n\/wp-json\/wp\/v2\/posts\/74432\/revisions"}],"wp:featuredmedia":[{"embeddable":true,"href":"https:\/\/www.infokuryr.cz\/n\/wp-json\/wp\/v2\/media\/74433"}],"wp:attachment":[{"href":"https:\/\/www.infokuryr.cz\/n\/wp-json\/wp\/v2\/media?parent=74432"}],"wp:term":[{"taxonomy":"category","embeddable":true,"href":"https:\/\/www.infokuryr.cz\/n\/wp-json\/wp\/v2\/categories?post=74432"},{"taxonomy":"post_tag","embeddable":true,"href":"https:\/\/www.infokuryr.cz\/n\/wp-json\/wp\/v2\/tags?post=74432"}],"curies":[{"name":"wp","href":"https:\/\/api.w.org\/{rel}","templated":true}]}}