{"id":74430,"date":"2025-03-19T00:21:43","date_gmt":"2025-03-18T23:21:43","guid":{"rendered":"https:\/\/www.infokuryr.cz\/n\/?p=74430"},"modified":"2025-03-18T18:55:16","modified_gmt":"2025-03-18T17:55:16","slug":"krvava-konfrontace-odnoz-al-kaidy-a-hizballah-v-pohranicnim-konfliktu","status":"publish","type":"post","link":"https:\/\/www.infokuryr.cz\/n\/2025\/03\/19\/krvava-konfrontace-odnoz-al-kaidy-a-hizballah-v-pohranicnim-konfliktu\/","title":{"rendered":"Krvav\u00e1 konfrontace: odno\u017e Al-K\u00e1idy a Hizball\u00e1h v pohrani\u010dn\u00edm konfliktu"},"content":{"rendered":"<div id=\"fb-root\"><\/div>\n<p><strong>Na syrsko-libanonsk\u00e9 hranici situace mezi islamistick\u00fdmi skupinami postupn\u011b eskaluje v nebezpe\u010dn\u00fd po\u017e\u00e1r. Syrsk\u00e9 s\u00edly veden\u00e9 odno\u017e\u00ed al-K\u00e1idy Hayat Tahrir al-Sham (HTS) svedly t\u011b\u017ek\u00e9 boje s libanonskou arm\u00e1dou a \u0161\u00editsk\u00fdmi milicemi pot\u00e9, co raketami a d\u011blost\u0159electvem za\u00fato\u010dily na pohrani\u010dn\u00ed m\u011bsta v Libanonu.<\/strong><\/p>\n<p><a href=\"https:\/\/thecradle.co\/articles\/hts-led-syrian-forces-clash-with-lebanese-army-on-border\">Podle m\u00edstn\u00edch zpr\u00e1v<\/a>\u00a0bylo \u00fadol\u00ed Bekaa\u00a0v ned\u011bli brzy \u201epo dobu t\u0159\u00ed hodin nep\u0159etr\u017eit\u011b bombardov\u00e1no raketami a d\u011blost\u0159electvem ze syrsk\u00e9ho \u00fazem\u00ed\u201c. HTS, b\u00fdval\u00e1 odno\u017e al-K\u00e1idy veden\u00e1 Ab\u00fa Mohammadem al-Jolanim, tak\u00e9 pou\u017e\u00edvala drony k infiltraci libanonsk\u00e9ho \u00fazem\u00ed. N\u011bkolik raket vyp\u00e1len\u00fdch z oblasti Kusajr zas\u00e1hlo libanonsk\u00e9 pohrani\u010dn\u00ed m\u011bsto Qasr. \u00datoky zabily civilisty na libanonsk\u00e9 stran\u011b, v\u010detn\u011b nejm\u00e9n\u011b jednoho d\u00edt\u011bte. Libanonsk\u00e9 ozbrojen\u00e9 s\u00edly (LAF) odpov\u011bd\u011bly protipalbou na \u00fato\u010dn\u00e9 pozice. Podle vojensk\u00e9ho zdroje, kter\u00fd Al-D\u017eaz\u00ed\u0159e \u0159ekl, bylo v boj\u00edch zabito osm p\u0159\u00edslu\u0161n\u00edk\u016f syrsk\u00e9ho ministerstva obrany (HTS).<\/p>\n<p><a href=\"https:\/\/twitter.com\/Osint613\/status\/1901379282888175977\">Ned\u00e1vn\u00e9 boje<\/a>\u00a0za\u010daly pot\u00e9, co byli na libanonsk\u00e9m \u00fazem\u00ed nalezeni t\u0159i mrtv\u00ed bojovn\u00edci HTS, kter\u00e9 libanonsk\u00e1 arm\u00e1da a \u010cerven\u00fd k\u0159\u00ed\u017e p\u0159edaly Dama\u0161ku. Medi\u00e1ln\u00ed kancel\u00e1\u0159 syrsk\u00e9ho ministerstva obrany \u0159ekla st\u00e1tn\u00ed tiskov\u00e9 agentu\u0159e SANA, \u017ee \u201edomobrana Hizball\u00e1hu\u201c unesla t\u0159i bojovn\u00edky na hranici, odvezla je na libanonsk\u00e9 \u00fazem\u00ed a \u201ena m\u00edst\u011b je popravila\u201c. Jin\u00e9 zpr\u00e1vy nazna\u010duj\u00ed, \u017ee tito t\u0159i byli ji\u017e v Libanonu, kdy\u017e byli zabiti. Libanonsk\u00e1 tiskov\u00e1 agentura Annahar v pond\u011bl\u00ed informovala, \u017ee dva libanon\u0161t\u00ed teenage\u0159i byli nalezeni mrtv\u00ed v pohrani\u010dn\u00ed oblasti Matraba. \u0158\u00edk\u00e1 se, \u017ee byli uneseni a zabiti syrsk\u00fdmi bezpe\u010dnostn\u00edmi silami z jejich domov\u016f v Libanonu.<\/p>\n<p>Syrsk\u00e9 \u00fa\u0159ady tvrd\u00ed, \u017ee na hranic\u00edch bojuj\u00ed s Hizball\u00e1hem, a\u010dkoli libanonsk\u00e9 hnut\u00ed odporu vydalo prohl\u00e1\u0161en\u00ed kategoricky pop\u00edraj\u00edc\u00ed jakoukoli \u00fa\u010dast na ned\u00e1vn\u00fdch ud\u00e1lostech. Syrsk\u00fd fotograf a novin\u00e1\u0159 byli v ned\u011bli zran\u011bni p\u0159i odvetn\u00fdch \u00fatoc\u00edch z Libanonu.<\/p>\n<p>Konflikt odhaluje hlubok\u00e9 ideologick\u00e9 a sekt\u00e1\u0159sk\u00e9 rozd\u00edly mezi zapojen\u00fdmi islamistick\u00fdmi skupinami. Sunnitsk\u00e1 HTS pod al-Jolani, kter\u00e1 se ofici\u00e1ln\u011b distancovala od al-K\u00e1idy, ale nad\u00e1le obhajuje jej\u00ed d\u017eih\u00e1distickou ideologii, je v z\u00e1sadn\u00ed opozici v\u016f\u010di \u0161\u00editsk\u00e9mu Hizball\u00e1hu, kter\u00fd je podporov\u00e1n islamistick\u00fdm re\u017eimem v \u00cdr\u00e1nu. Zat\u00edmco HTS bojuje za sunnitsk\u00fd islamismus a usiluje o z\u0159\u00edzen\u00ed chal\u00edf\u00e1tu, Hizball\u00e1h sleduje \u0161\u00editsky orientovanou agendu se siln\u00fdmi vazbami na \u00edr\u00e1nsk\u00fd re\u017eim. Tyto sekt\u00e1\u0159sk\u00e9 rozd\u00edly vedly v minulosti opakovan\u011b ke krvav\u00fdm konflikt\u016fm.<\/p>\n<p>&#8222;Libanonsk\u00e9 vesnice a m\u011bsta v regionu byly ost\u0159elov\u00e1ny ze syrsk\u00e9ho \u00fazem\u00ed. Vojensk\u00e9 jednotky reagovaly na zdroje palby vhodn\u00fdmi zbran\u011bmi, zv\u00fd\u0161ily svou p\u0159\u00edtomnost a zajistily bezpe\u010dnost,&#8220; uvedla v pond\u011bl\u00ed r\u00e1no libanonsk\u00e1 arm\u00e1da. &#8222;Kontakty mezi arm\u00e1dn\u00edm velen\u00edm a syrsk\u00fdmi \u00fa\u0159ady budou i nad\u00e1le zaji\u0161\u0165ovat bezpe\u010dnost a stabilitu v pohrani\u010dn\u00ed oblasti.&#8220;<\/p>\n<p>Syrsk\u00e1 arm\u00e1da vyslala posily k libanonsk\u00fdm hranic\u00edm. Obnoven\u00e9 boje p\u0159ich\u00e1zej\u00ed v\u00edce ne\u017e m\u011bs\u00edc po t\u011b\u017ek\u00fdch st\u0159etech mezi syrsk\u00fdmi vojensk\u00fdmi silami a p\u0159\u00edslu\u0161n\u00edky libanonsk\u00fdch kmen\u016f na za\u010d\u00e1tku \u00fanora. V t\u00e9 dob\u011b syrsk\u00e9 s\u00edly nasadily jednotky, aby z\u0159\u00eddily kontroln\u00ed stanovi\u0161t\u011b, \u00fadajn\u011b aby zabr\u00e1nily pa\u0161er\u00e1ck\u00fdm aktivit\u00e1m. Po dohod\u011b s libanonskou arm\u00e1dou se kmeny st\u00e1hly z hranic a boje skon\u010dily. Sou\u010dasn\u00e1 eskalace ale ukazuje, jak k\u0159ehk\u00e1 bezpe\u010dnostn\u00ed situace v regionu z\u016fst\u00e1v\u00e1 a jak rychle m\u016f\u017ee sekt\u00e1\u0159sk\u00e9 nap\u011bt\u00ed mezi islamistick\u00fdmi skupinami p\u0159er\u016fst v otev\u0159en\u00e9 n\u00e1sil\u00ed.<\/p>\n<p><img decoding=\"async\" loading=\"lazy\" class=\"alignnone size-full wp-image-71983\" src=\"http:\/\/www.infokuryr.cz\/n\/wp-content\/uploads\/2025\/02\/aaa.jpg\" alt=\"\" width=\"89\" height=\"23\" \/><\/p>\n<p>&nbsp;<\/p>\n","protected":false},"excerpt":{"rendered":"<p>Na syrsko-libanonsk\u00e9 hranici situace mezi islamistick\u00fdmi skupinami postupn\u011b eskaluje v nebezpe\u010dn\u00fd po\u017e\u00e1r. Syrsk\u00e9 s\u00edly veden\u00e9&#8230;<\/p>\n","protected":false},"author":2,"featured_media":74431,"comment_status":"closed","ping_status":"closed","sticky":false,"template":"","format":"standard","meta":[],"categories":[7],"tags":[220,405,147],"_links":{"self":[{"href":"https:\/\/www.infokuryr.cz\/n\/wp-json\/wp\/v2\/posts\/74430"}],"collection":[{"href":"https:\/\/www.infokuryr.cz\/n\/wp-json\/wp\/v2\/posts"}],"about":[{"href":"https:\/\/www.infokuryr.cz\/n\/wp-json\/wp\/v2\/types\/post"}],"author":[{"embeddable":true,"href":"https:\/\/www.infokuryr.cz\/n\/wp-json\/wp\/v2\/users\/2"}],"replies":[{"embeddable":true,"href":"https:\/\/www.infokuryr.cz\/n\/wp-json\/wp\/v2\/comments?post=74430"}],"version-history":[{"count":0,"href":"https:\/\/www.infokuryr.cz\/n\/wp-json\/wp\/v2\/posts\/74430\/revisions"}],"wp:featuredmedia":[{"embeddable":true,"href":"https:\/\/www.infokuryr.cz\/n\/wp-json\/wp\/v2\/media\/74431"}],"wp:attachment":[{"href":"https:\/\/www.infokuryr.cz\/n\/wp-json\/wp\/v2\/media?parent=74430"}],"wp:term":[{"taxonomy":"category","embeddable":true,"href":"https:\/\/www.infokuryr.cz\/n\/wp-json\/wp\/v2\/categories?post=74430"},{"taxonomy":"post_tag","embeddable":true,"href":"https:\/\/www.infokuryr.cz\/n\/wp-json\/wp\/v2\/tags?post=74430"}],"curies":[{"name":"wp","href":"https:\/\/api.w.org\/{rel}","templated":true}]}}