{"id":74428,"date":"2025-03-19T00:21:46","date_gmt":"2025-03-18T23:21:46","guid":{"rendered":"https:\/\/www.infokuryr.cz\/n\/?p=74428"},"modified":"2025-03-18T18:29:43","modified_gmt":"2025-03-18T17:29:43","slug":"neuveritelne-evropska-unie-plati-islamistum-v-syrii-58-miliardy-eur","status":"publish","type":"post","link":"https:\/\/www.infokuryr.cz\/n\/2025\/03\/19\/neuveritelne-evropska-unie-plati-islamistum-v-syrii-58-miliardy-eur\/","title":{"rendered":"Neuv\u011b\u0159iteln\u00e9: Evropsk\u00e1 unie plat\u00ed islamist\u016fm v S\u00fdrii 5,8 miliardy eur"},"content":{"rendered":"<div id=\"fb-root\"><\/div>\n<p><strong><span>Aby se v\u016fdce islamist\u016f Ahmed al-Sharaa mohl z\u00fa\u010dastnit syrsk\u00e9 konference v Bruselu, Evropsk\u00e1 unie mu zru\u0161ila status teroristy. Celkem se m\u016f\u017ee krve\u017e\u00edzniv\u00fd svat\u00fd v\u00e1le\u010dn\u00edk t\u011b\u0161it na 5,8 miliardy eur, kter\u00e9 \u201ehodnotov\u011b zalo\u017een\u00fd Z\u00e1pad\u201c odevzd\u00e1v\u00e1 S\u00fdrii, kter\u00e1 douf\u00e1, \u017ee neskon\u010d\u00ed na stran\u011b Ruska jako svr\u017een\u00fd Asad\u016fv re\u017eim, ale orientuje se na NATO. Za t\u00edmto \u00fa\u010delem te\u010dou pen\u00edze ob\u010dan\u016f z\u00e1padn\u00edch \u201edemokraci\u00ed\u201c proudy \u2013 stejn\u011b jako krev v ulic\u00edch S\u00fdrie.<\/span><\/strong><\/p>\n<p><span>Na za\u010d\u00e1tku b\u0159ezna byly v z\u00e1vislosti na zdroji v S\u00fdrii zavra\u017ed\u011bny stovky a\u017e tis\u00edce lid\u00ed, proto\u017ee m\u011bli \u0161patn\u00e9 n\u00e1bo\u017eenstv\u00ed. To v\u0161e se d\u011bje za p\u0159\u00edtomnosti nov\u00e9 \u201evl\u00e1dy\u201c, kterou z\u00e1padn\u00ed m\u00e9dia benevolentn\u011b ozna\u010duj\u00ed jako \u201ep\u0159echodnou vl\u00e1du\u201c pod veden\u00edm \u201ep\u0159echodn\u00e9ho prezidenta\u201c Ahmeda al-Sharaa.\u00a0<\/span><strong><span>Koupil si p\u011bkn\u00e9 obleky na m\u00edru a p\u0159es noc u\u017e z n\u011bj nen\u00ed krvela\u010dn\u00fd terorista Al-K\u00e1idy.<\/span><\/strong><span>\u00a0Zapomn\u011blo se tak\u00e9 na jeho v\u00e1le\u010dn\u00e9 jm\u00e9no, Abu Mohammad al-Julani.<\/span><\/p>\n<figure class=\"wp-block-image size-full\"><img decoding=\"async\" loading=\"lazy\" class=\"wp-image-140994 aligncenter\" src=\"https:\/\/report24.news\/wp-content\/uploads\/2025\/03\/image-19.png\" sizes=\"(max-width: 1511px) 100vw, 1511px\" srcset=\"https:\/\/report24.news\/wp-content\/uploads\/2025\/03\/image-19.png 1511w, https:\/\/report24.news\/wp-content\/uploads\/2025\/03\/image-19-768x546.png 768w, https:\/\/report24.news\/wp-content\/uploads\/2025\/03\/image-19-600x426.png 600w\" alt=\"\" width=\"747\" height=\"531\" \/><figcaption class=\"wp-element-caption\"><em>Nov\u00fd vl\u00e1dce v S\u00fdrii Ahmed al-Sharaa se prezentuje jako sympatick\u00fd a vesel\u00fd. Vym\u011bnil sv\u016fj bojov\u00fd oblek za oblek na m\u00edru.<\/em><\/figcaption><\/figure>\n<p><span>Z vesel\u00e9, sympatick\u00e9 postavy s vesel\u00fdm \u00fasm\u011bvem je nyn\u00ed seri\u00f3zn\u00ed politi\u010dka, \u00fazce spjat\u00e1 s hodnotami Z\u00e1padu. Podle Wikipedie byl v ml\u00e1d\u00ed zn\u00e1m\u00fd sv\u00fdm hezk\u00fdm vzhledem a manipulativn\u00ed inteligenc\u00ed. Kv\u016fli odm\u00edtav\u00e9mu p\u0159\u00edstupu rodiny mu nebylo umo\u017en\u011bno vstoupit do vztahu s alawitskou d\u00edvkou a nad\u0161en\u00ed nebyli ani alawit\u00e9. Brzy stejn\u011b v S\u00fdrii nez\u016fstanou \u017e\u00e1dn\u00ed alavit\u00e9, pokud budou masov\u00e9 vra\u017edy pokra\u010dovat jako v prvn\u00edch dnech b\u0159ezna 2025.<\/span><\/p>\n<p><span>Islamistick\u00fd v\u016fdce byl v\u017edy zn\u00e1m\u00fd t\u00edm, \u017ee podporoval a povzbuzoval n\u00e1silnou v\u00e1lku Palestinc\u016f proti Izraeli. Konkr\u00e9tn\u011b byl zradikalizov\u00e1n druhou palestinskou intif\u00e1dou, kter\u00e1 vy\u00fastila ve vra\u017edu asi 800 izraelsk\u00fdch civilist\u016f a 300 izraelsk\u00fdch voj\u00e1k\u016f. (Na stran\u011b takzvan\u00fdch \u201ePalestinc\u016f\u201c zem\u0159elo kolem 3400 lid\u00ed, v\u010detn\u011b a\u017e 400 Palestinc\u016f zavra\u017ed\u011bn\u00fdch sv\u00fdmi souv\u011brci.) Ahmed al-Sharaa p\u0159i t\u00e9to p\u0159\u00edle\u017eitosti \u0159ekl: \u201eZa\u010dal jsem p\u0159em\u00fd\u0161let o tom, jak bych mohl plnit sv\u00e9 povinnosti a br\u00e1nit lid utla\u010dovan\u00fd okupanty a \u00fato\u010dn\u00edky.\u201c<\/span><\/p>\n<p><span>V srpnu 2011 byl Ahmed al-Sharaa pov\u011b\u0159en Ajmanem al-Zawahirim a velitelsk\u00fdm st\u0159ediskem Al-K\u00e1idy z\u0159\u00edzen\u00edm mise Al-K\u00e1idy v S\u00fdrii. \u010ctete spr\u00e1vn\u011b, dne\u0161n\u00ed hrdina a vzorn\u00fd mazliv\u00fd Arab z\u00e1padn\u00edho sv\u011bta byl \u0161\u00e9fem syrsk\u00e9 odno\u017ee nejvra\u017eedn\u011bj\u0161\u00ed a nejzlomysln\u011bj\u0161\u00ed islamistick\u00e9 teroristick\u00e9 s\u00edt\u011b posledn\u00edch desetilet\u00ed. A nejen to, n\u00e1sledn\u011b zalo\u017eil Frontu Al-Nusra, kter\u00e1 s maxim\u00e1ln\u00edm n\u00e1sil\u00edm vehementn\u011b prosazovala c\u00edle Al-K\u00e1idy.<\/span><\/p>\n<p><span>Teprve v roce 2012 USA klasifikovaly Frontu an-Nusra jako teroristickou organizaci \u2013 a tak Ahmeda al-Shaara jako v\u016fdce terorist\u016f. Fronta al-Nusra a Jabhat Fatah al-Sham pod veden\u00edm al-Sharaa sp\u00e1chaly \u0159adu v\u00e1le\u010dn\u00fdch zlo\u010din\u016f, sebevra\u017eedn\u00fdch bombov\u00fdch \u00fatok\u016f, nucen\u00fdch konverz\u00ed, etnick\u00fdch \u010distek a sekt\u00e1\u0159sk\u00fdch masakr\u016f proti syrsk\u00e9 k\u0159es\u0165ansk\u00e9, alavitsk\u00e9, \u0161\u00editsk\u00e9 a dr\u00fazsk\u00e9 men\u0161in\u011b,\u00a0<\/span><a href=\"https:\/\/en.wikipedia.org\/wiki\/Ahmed_al-Sharaa\" target=\"_blank\" rel=\"noreferrer noopener\"><span>vysv\u011btluje anglick\u00e1 Wikipedia<\/span><\/a><span>\u00a0. Nechceme na\u0161im \u010dten\u00e1\u0159\u016fm zatajovat \u00fapln\u00fd seznam vra\u017ed:<\/span><\/p>\n<p><em>To zahrnuje atent\u00e1t na al-Midan v lednu 2012, p\u0159i kter\u00e9m zahynulo 26 lid\u00ed a 63 bylo zran\u011bno. V roce 2015 bojovn\u00edci al-Nusra zabili dr\u00fazsk\u00e9 vesni\u010dany b\u011bhem masakru Qalb Loze.<\/em><\/p>\n<p><em>Al-Nusra byla tak\u00e9 podez\u0159el\u00e1 z proveden\u00ed bombov\u00fdch \u00fatok\u016f v Dama\u0161ku z 10. kv\u011btna 2012, kter\u00e9 zabily 55 lid\u00ed a v\u00edce ne\u017e 400 zran\u011bn\u00fdch, a bombov\u00fdch \u00fatok\u016f v Dama\u0161ku z \u00fanora 2013, p\u0159i nich\u017e zahynulo 83 lid\u00ed, v\u011bt\u0161inou civilist\u016f a d\u011bt\u00ed, a kter\u00e9 odsoudila syrsk\u00e1 opozice.<\/em><\/p>\n<p><em>V \u010dervnu 2013 se Al-Nusra p\u0159ihl\u00e1sila k odpov\u011bdnosti za \u00fatok na Hatlu, p\u0159i kter\u00e9m bylo zabito 30 a\u017e 60 \u0161\u00editsk\u00fdch civilist\u016f. \u00datok byl sou\u010d\u00e1st\u00ed \u0161ir\u0161\u00ed sekt\u00e1\u0159sk\u00e9 o\u010distn\u00e9 kampan\u011b v provincii Deir ez-Zor.<\/em><\/p>\n<p><em>Dne 12. kv\u011btna 2016 rebelov\u00e9 veden\u00ed Frontou Al-Nusra zmasakrovali 42 civilist\u016f a sedm milicion\u00e1\u0159\u016f NDF a unesli a\u017e 70 lid\u00ed pot\u00e9, co ovl\u00e1dli alavitskou vesnici Zara&#8217;a na jihu Hamasu.<\/em><\/p>\n<p><em>Al-Nusra st\u00e1la tak\u00e9 za sebevra\u017eedn\u00fdmi \u00fatoky v Libanonu zam\u011b\u0159en\u00fdmi na alavitsk\u00e9 a \u0161\u00editsk\u00e9 obyvatelstvo, v\u010detn\u011b bombov\u00fdch \u00fatok\u016f v Tripolisu v roce 2015 (za kter\u00e9 se skupina p\u0159ihl\u00e1sila k odpov\u011bdnosti), a byla podez\u0159el\u00e1 z proveden\u00ed bombov\u00fdch \u00fatok\u016f v Bejr\u00fatu v \u010dervenci 2013 a bombov\u00fdch \u00fatok\u016f na \u00edr\u00e1nskou ambas\u00e1du v Bejr\u00fatu v roce 2013.<\/em><\/p>\n<p><span>V roce 2016 se Al-Nusra odd\u011blila od Al-K\u00e1idy. N\u00e1sledovalo n\u011bkolik restrukturalizac\u00ed a zm\u011bn n\u00e1zvu, jako nap\u0159\u00edklad Hay&#8217;at Tahrir al-Sham (HTS) v roce 2017. Velvyslanectv\u00ed USA v S\u00fdrii to komentovalo: &#8222;J\u00e1drem HTS je Nusra, ozna\u010den\u00e1 teroristick\u00e1 organizace. Toto ozna\u010den\u00ed plat\u00ed bez ohledu na n\u00e1zev, kter\u00fd pou\u017e\u00edv\u00e1, nebo skupiny, kter\u00e9 se k n\u00ed p\u0159ipoj\u00ed.&#8220; Velvyslanectv\u00ed charakterizovalo vytvo\u0159en\u00ed HTS sp\u00ed\u0161e jako pokus \u201eun\u00e9st syrskou revoluci\u201c ne\u017e jako krok k um\u00edrn\u011bnosti.<\/span><\/p>\n<p><span>29. ledna 2025 se Ahmed al-Sharaa prohl\u00e1sil prezidentem S\u00fdrie. Od 6. b\u0159ezna doch\u00e1zelo v S\u00fdrii k masov\u00fdm vra\u017ed\u00e1m n\u00e1bo\u017eensk\u00fdch men\u0161in. EU se demonstrativn\u011b postavila na stranu nov\u00e9 vl\u00e1dy, kter\u00e1 umo\u017enila uskute\u010dn\u011bn\u00ed t\u011bchto ud\u00e1lost\u00ed. 9. b\u0159ezna al-Sharaa ozn\u00e1mila vytvo\u0159en\u00ed nez\u00e1visl\u00e9ho n\u00e1rodn\u00edho v\u00fdboru sedmi soudc\u016f, kter\u00fd m\u00e1 pro\u0161et\u0159it ud\u00e1losti a p\u0159estupky v syrsk\u00fdch pob\u0159e\u017en\u00edch oblastech. Zd\u016fraznil, \u017ee v\u00fdbor mus\u00ed sv\u00e1 zji\u0161t\u011bn\u00ed p\u0159edlo\u017eit prezidentovi do 30 dn\u016f. N\u00e1sil\u00ed popsal jako sou\u010d\u00e1st \u201eo\u010dek\u00e1van\u00fdch v\u00fdzev\u201c.<\/span><\/p>\n<p><span>10. b\u0159ezna al-Sharaa odsoudila ned\u00e1vn\u00e9 masov\u00e9 zab\u00edjen\u00ed alawitsk\u00fdch muslim\u016f a zd\u016fraznila, \u017ee toto n\u00e1sil\u00ed ohro\u017euje n\u00e1rodn\u00ed jednotu. Sl\u00edbil, \u017ee v\u0161echny vin\u00edky postav\u00ed p\u0159ed soud, v\u010detn\u011b t\u011bch z vlastn\u00edch \u0159ad. Bude zaj\u00edmav\u00e9 sledovat, zda po t\u011bchto slovech budou n\u00e1sledovat \u010diny, vzhledem k vra\u017ed\u00e1m a v\u00e1le\u010dn\u00fdm zlo\u010din\u016fm, za kter\u00e9 je vojev\u016fdce odpov\u011bdn\u00fd (viz v\u00fd\u0161e).<\/span><\/p>\n<p><span>17. b\u0159ezna odcestovala al-Shaara do Bruselu na pozv\u00e1n\u00ed p\u0159edsedy Evropsk\u00e9ho parlamentu Ant\u00f3nia Costy. Aby to bylo mo\u017en\u00e9, Evropsk\u00e1 unie zru\u0161ila jeho teroristickou klasifikaci. Ve jm\u00e9nu z\u00e1padn\u00ed demokracie mu bylo p\u0159isl\u00edbeno 5,8 miliardy eur jako \u201epomoc\u201c, z \u010deho\u017e 19,3 milionu poch\u00e1zelo z Rakouska. Poch\u00e1z\u00edme z N\u011bmecka \u2013 kolik stoj\u00ed sv\u011bt? \u2013\u00a0<\/span><a href=\"https:\/\/www.dw.com\/de\/deutschland-gibt-weitere-300-millionen-f%C3%BCr-syrien-hilfe\/a-71943287\" target=\"_blank\" rel=\"noreferrer noopener\"><span>dal\u0161\u00edch 300 milion\u016f eur<\/span><\/a><span>\u00a0. Nepoda\u0159ilo se zjistit, zda je zde zahrnuto d\u0159\u00edve zn\u00e1m\u00fdch 60 milion\u016f na projekty pomoci v S\u00fdrii, nebo zda jsou dodate\u010dn\u00e9.<\/span><\/p>\n<p><span>Vl\u00e1dy zem\u00ed EU nejen\u017ee financuj\u00ed miliony uprchl\u00edk\u016f ze S\u00fdrie, toleruj\u00ed z\u00e1va\u017en\u00e9 zlo\u010diny sp\u00e1chan\u00e9 n\u011bkter\u00fdmi p\u0159\u00edslu\u0161n\u00edky t\u00e9to men\u0161iny a odm\u00edtaj\u00ed jakoukoli deportaci, ale nyn\u00ed tak\u00e9 d\u00e1vaj\u00ed astronomick\u00e9 \u010d\u00e1stky islamistick\u00e9mu vojev\u016fdci a masov\u00e9mu vrahovi, kter\u00fd byl d\u016fvodem pro odchod mnoha uprchl\u00edk\u016f ze zem\u011b.<\/span><\/p>\n<p><span>Existuje podez\u0159en\u00ed, \u017ee zm\u011bnu re\u017eimu v S\u00fdrii \u2013 na \u00fakor b\u00fdval\u00e9ho spojence S\u00fdrie Ruska \u2013 financovaly USAID a N\u011bmecko. Jen v roce 2023\u00a0<\/span><a href=\"https:\/\/www.tagesschau.de\/ausland\/europa\/geberkonferenz-syrien-100.html\" target=\"_blank\" rel=\"noreferrer noopener\"><span>p\u0159iteklo z N\u011bmecka 1,05 miliardy eur<\/span><\/a><span>\u00a0na \u201epomoc S\u00fdrii\u201c.\u00a0<\/span><strong><span>Od roku 2012 do roku 2023 v\u010detn\u011b darovalo N\u011bmecko na tento \u00fa\u010del p\u0159es 17 miliard eur.<\/span><\/strong><span>\u00a0Nen\u00ed hned z\u0159ejm\u00e9, kolik pen\u011bz p\u0159iteklo z N\u011bmecka v roce 2024. P\u0159ed p\u0159evratem\u00a0<\/span><a href=\"https:\/\/germany.representation.ec.europa.eu\/news\/eu-sagt-auf-syrien-konferenz-21-milliarden-euro-zu-2024-05-28_de\" target=\"_blank\" rel=\"noreferrer noopener\"><span>Evropsk\u00e1 unie p\u0159isl\u00edbila 2,1 miliardy eur<\/span><\/a><span>\u00a0, kter\u00e9 byly v prosinci po p\u0159evratu op\u011bt v\u00fdrazn\u011b nav\u00fd\u0161eny.<\/span><\/p>\n<p><em>Koment\u00e1\u0159 <a href=\"https:\/\/report24.news\/unfassbar-europaeische-union-zahlt-islamisten-in-syrien-58-milliarden-euro\/\">Williho Hubera<\/a><\/em><\/p>\n<p>&nbsp;<\/p>\n","protected":false},"excerpt":{"rendered":"<p>Aby se v\u016fdce islamist\u016f Ahmed al-Sharaa mohl z\u00fa\u010dastnit syrsk\u00e9 konference v Bruselu, Evropsk\u00e1 unie mu&#8230;<\/p>\n","protected":false},"author":2,"featured_media":74429,"comment_status":"closed","ping_status":"closed","sticky":false,"template":"","format":"standard","meta":[],"categories":[7],"tags":[41,90,147],"_links":{"self":[{"href":"https:\/\/www.infokuryr.cz\/n\/wp-json\/wp\/v2\/posts\/74428"}],"collection":[{"href":"https:\/\/www.infokuryr.cz\/n\/wp-json\/wp\/v2\/posts"}],"about":[{"href":"https:\/\/www.infokuryr.cz\/n\/wp-json\/wp\/v2\/types\/post"}],"author":[{"embeddable":true,"href":"https:\/\/www.infokuryr.cz\/n\/wp-json\/wp\/v2\/users\/2"}],"replies":[{"embeddable":true,"href":"https:\/\/www.infokuryr.cz\/n\/wp-json\/wp\/v2\/comments?post=74428"}],"version-history":[{"count":0,"href":"https:\/\/www.infokuryr.cz\/n\/wp-json\/wp\/v2\/posts\/74428\/revisions"}],"wp:featuredmedia":[{"embeddable":true,"href":"https:\/\/www.infokuryr.cz\/n\/wp-json\/wp\/v2\/media\/74429"}],"wp:attachment":[{"href":"https:\/\/www.infokuryr.cz\/n\/wp-json\/wp\/v2\/media?parent=74428"}],"wp:term":[{"taxonomy":"category","embeddable":true,"href":"https:\/\/www.infokuryr.cz\/n\/wp-json\/wp\/v2\/categories?post=74428"},{"taxonomy":"post_tag","embeddable":true,"href":"https:\/\/www.infokuryr.cz\/n\/wp-json\/wp\/v2\/tags?post=74428"}],"curies":[{"name":"wp","href":"https:\/\/api.w.org\/{rel}","templated":true}]}}