{"id":74401,"date":"2025-03-18T13:48:29","date_gmt":"2025-03-18T12:48:29","guid":{"rendered":"https:\/\/www.infokuryr.cz\/n\/?p=74401"},"modified":"2025-03-18T13:48:29","modified_gmt":"2025-03-18T12:48:29","slug":"pentagon-vyhrozuje-husium-ohromujici-smrtici-silou","status":"publish","type":"post","link":"https:\/\/www.infokuryr.cz\/n\/2025\/03\/18\/pentagon-vyhrozuje-husium-ohromujici-smrtici-silou\/","title":{"rendered":"Pentagon vyhro\u017euje H\u00fas\u00ed\u016fm \u201eohromuj\u00edc\u00ed, smrt\u00edc\u00ed silou\u201c"},"content":{"rendered":"<div id=\"fb-root\"><\/div>\n<h3>Americk\u00e1 kampa\u0148 za degradaci schopnost\u00ed jemensk\u00e9 ozbrojen\u00e9 skupiny bude \u201ene\u00faprosn\u00e1,\u201c \u0159ekl mluv\u010d\u00ed Sean Parnell<\/h3>\n<p><span>Washington bude pokra\u010dovat v \u00fatoc\u00edch na militanty Houthi, dokud nep\u0159estanou s \u00fatoky na lod\u011b americk\u00e9ho n\u00e1mo\u0159nictva chr\u00e1n\u00edc\u00ed komer\u010dn\u00ed plavidla u pob\u0159e\u017e\u00ed Jemenu, \u0159ekl nov\u00fd mluv\u010d\u00ed Pentagonu Sean Parnell b\u011bhem sv\u00e9 prvn\u00ed konference.<\/span><\/p>\n<p><span>Americk\u00fd prezident Donald Trump v sobotu pohrozil H\u00fas\u00ed\u016fm\u00a0<\/span><em><span>\u201emocnou vojenskou akc\u00ed\u201c<\/span><\/em><span>\u00a0zam\u011b\u0159enou na obnoven\u00ed svobody plavby v Rud\u00e9m mo\u0159i.<\/span><\/p>\n<p><span>Od \u0159\u00edjna 2023 vypustilo hnut\u00ed Ansar Allah, b\u011b\u017en\u011b zn\u00e1m\u00e9 jako H\u00fas\u00edov\u00e9, n\u011bkolik dron\u016f a raket na komer\u010dn\u00ed plavidla sm\u011b\u0159uj\u00edc\u00ed do Izraele u jemensk\u00e9ho pob\u0159e\u017e\u00ed, \u010d\u00edm\u017e naru\u0161ilo kl\u00ed\u010dov\u00e9 lodn\u00ed trasy v Rud\u00e9m mo\u0159i a Adensk\u00e9m z\u00e1livu. Skupina uvedla, \u017ee jedn\u00e1 na podporu Palestinc\u016f b\u011bhem izraelsk\u00e9 vojensk\u00e9 operace v Gaze.<\/span><\/p>\n<p><span>B\u011bhem sv\u00e9ho pond\u011bln\u00edho br\u00edfinku Parnell trval na tom, \u017ee USA budou nad\u00e1le pou\u017e\u00edvat\u00a0<\/span><em><span>\u201eohromuj\u00edc\u00ed, smrt\u00edc\u00ed s\u00edlu\u201c<\/span><\/em><span>\u00a0proti H\u00fas\u00ed\u016fm, dokud nep\u0159estanou \u00fato\u010dit na americk\u00e9 v\u00e1le\u010dn\u00e9 lod\u011b. Skupinu obvinil z proveden\u00ed celkem 170 \u00fatok\u016f proti lod\u00edm americk\u00e9ho n\u00e1mo\u0159nictva a 145 proti obchodn\u00edm plavidl\u016fm.<\/span><\/p>\n<p><em><span>&#8222;Tato operace m\u00e1 velmi jasn\u00fd kone\u010dn\u00fd stav, a to za\u010d\u00edn\u00e1 okam\u017eikem, kdy se H\u00fas\u00edov\u00e9 zavazuj\u00ed p\u0159estat \u00fato\u010dit na na\u0161e lod\u011b a ohro\u017eovat \u017eivoty Ameri\u010dan\u016f,&#8220;<\/span><\/em><span>\u00a0\u0159ekl.<\/span><\/p>\n<p><span>Mluv\u010d\u00ed zd\u016fraznil, \u017ee jemen\u0161t\u00ed militanti\u00a0<\/span><em><span>\u201eto mohou z\u00edtra zastavit\u2026 ale jasn\u011b se rozhodli, \u017ee to neud\u011blaj\u00ed\u201c. Kv\u016fli tomu\u00a0<\/span><\/em><em><span>bude<\/span><\/em><span>\u00a0americk\u00e1 \u201ekampa\u0148 ne\u00faprosn\u00e1, aby degradovala jejich schopnosti,\u201c\u00a0varoval Parnell.<\/span><\/p>\n<p><span>Gener\u00e1lporu\u010d\u00edk letectva Alexus Grynkewich, \u0159editel operac\u00ed Sboru n\u00e1\u010deln\u00edk\u016f \u0161t\u00e1b\u016f, b\u011bhem stejn\u00e9ho br\u00edfinku \u0159ekl, \u017ee\u00a0<\/span><em><span>\u201epo\u010d\u00e1te\u010dn\u00ed vlna\u201c<\/span><\/em><span>\u00a0americk\u00fdch \u00fader\u016f zas\u00e1hla v\u00edce ne\u017e 30 c\u00edl\u016f na v\u00edce m\u00edstech uvnit\u0159 Jemenu, co\u017e vyvolalo v\u00fdcvikov\u00e1 m\u00edsta, infrastrukturu dron\u016f, sklady zbran\u00ed a velitelsk\u00e1 a \u0159\u00eddic\u00ed centra.<\/span><\/p>\n<p><span>V pond\u011bl\u00ed Trump prohl\u00e1sil, \u017ee \u00fatoky Houthi\u00a0<\/span><em><span>\u201evych\u00e1zej\u00ed z \u00cdr\u00e1nu a jsou j\u00edm vytvo\u0159eny\u201c, p\u0159i\u010dem\u017e<\/span><\/em><span>\u00a0varoval, \u017ee od nyn\u011bj\u0161ka bude Washington pohl\u00ed\u017eet na ka\u017ed\u00fd v\u00fdst\u0159el vyp\u00e1len\u00fd jemenskou skupinou, jako by jej vyp\u00e1lil Teher\u00e1n.\u00a0<\/span><em><span>&#8222;\u00cdr\u00e1n ponese odpov\u011bdnost a ponese n\u00e1sledky, a tyto d\u016fsledky budou stra\u0161n\u00e9,&#8220;<\/span><\/em><span>\u00a0napsal prezident na sv\u00e9 platform\u011b Truth Social.<\/span><\/p>\n<p><span>Teher\u00e1n, kter\u00fd soustavn\u011b pop\u00edr\u00e1 jakoukoli \u00fa\u010dast na operac\u00edch H\u00fas\u00ed\u016f, odsoudil americk\u00e9 bombardov\u00e1n\u00ed Jemenu jako nehor\u00e1zn\u00e9 poru\u0161en\u00ed Charty OSN a hlavn\u00ed hrozbu pro region\u00e1ln\u00ed a mezin\u00e1rodn\u00ed m\u00edr a bezpe\u010dnost.<\/span><\/p>\n<p><span>H\u00fas\u00edov\u00e9 t\u00e9ho\u017e dne \u0159ekli, \u017ee navzdory americk\u00fdm \u00fader\u016fm budou nad\u00e1le zam\u011b\u0159ovat plavidla u jemensk\u00e9ho pob\u0159e\u017e\u00ed,\u00a0<\/span><em><span>\u201edokud nebude do p\u00e1sma Gazy dod\u00e1na pomoc a z\u00e1kladn\u00ed pot\u0159eby\u201c.<\/span><\/em><\/p>\n<p><img decoding=\"async\" loading=\"lazy\" class=\"alignnone size-full wp-image-71983\" src=\"http:\/\/www.infokuryr.cz\/n\/wp-content\/uploads\/2025\/02\/aaa.jpg\" alt=\"\" width=\"89\" height=\"23\" \/><\/p>\n<p>&nbsp;<\/p>\n","protected":false},"excerpt":{"rendered":"<p>Americk\u00e1 kampa\u0148 za degradaci schopnost\u00ed jemensk\u00e9 ozbrojen\u00e9 skupiny bude \u201ene\u00faprosn\u00e1,\u201c \u0159ekl mluv\u010d\u00ed Sean Parnell Washington&#8230;<\/p>\n","protected":false},"author":2,"featured_media":74402,"comment_status":"closed","ping_status":"closed","sticky":false,"template":"","format":"standard","meta":[],"categories":[7],"tags":[6184,380,2067],"_links":{"self":[{"href":"https:\/\/www.infokuryr.cz\/n\/wp-json\/wp\/v2\/posts\/74401"}],"collection":[{"href":"https:\/\/www.infokuryr.cz\/n\/wp-json\/wp\/v2\/posts"}],"about":[{"href":"https:\/\/www.infokuryr.cz\/n\/wp-json\/wp\/v2\/types\/post"}],"author":[{"embeddable":true,"href":"https:\/\/www.infokuryr.cz\/n\/wp-json\/wp\/v2\/users\/2"}],"replies":[{"embeddable":true,"href":"https:\/\/www.infokuryr.cz\/n\/wp-json\/wp\/v2\/comments?post=74401"}],"version-history":[{"count":0,"href":"https:\/\/www.infokuryr.cz\/n\/wp-json\/wp\/v2\/posts\/74401\/revisions"}],"wp:featuredmedia":[{"embeddable":true,"href":"https:\/\/www.infokuryr.cz\/n\/wp-json\/wp\/v2\/media\/74402"}],"wp:attachment":[{"href":"https:\/\/www.infokuryr.cz\/n\/wp-json\/wp\/v2\/media?parent=74401"}],"wp:term":[{"taxonomy":"category","embeddable":true,"href":"https:\/\/www.infokuryr.cz\/n\/wp-json\/wp\/v2\/categories?post=74401"},{"taxonomy":"post_tag","embeddable":true,"href":"https:\/\/www.infokuryr.cz\/n\/wp-json\/wp\/v2\/tags?post=74401"}],"curies":[{"name":"wp","href":"https:\/\/api.w.org\/{rel}","templated":true}]}}