{"id":74377,"date":"2025-03-18T00:13:02","date_gmt":"2025-03-17T23:13:02","guid":{"rendered":"https:\/\/www.infokuryr.cz\/n\/?p=74377"},"modified":"2025-03-17T13:50:52","modified_gmt":"2025-03-17T12:50:52","slug":"erik-best-sireni-trumpovy-politiky-z-prahy","status":"publish","type":"post","link":"https:\/\/www.infokuryr.cz\/n\/2025\/03\/18\/erik-best-sireni-trumpovy-politiky-z-prahy\/","title":{"rendered":"Erik Best: \u0160\u00ed\u0159en\u00ed Trumpovy politiky z Prahy"},"content":{"rendered":"<div id=\"fb-root\"><\/div>\n<p>Um\u00edr\u00e1\u010dek pro R\u00e1dio Svobodn\u00e1 Evropa\/R\u00e1dio Svoboda (RFE\/RL) zazn\u011bl 8. z\u00e1\u0159\u00ed 2020, kdy byl spu\u0161t\u011bn\u00a0<a href=\"https:\/\/www.szabadeuropa.hu\/\" target=\"_blank\" rel=\"noopener\">ma\u010farskojazy\u010dn\u00fd<\/a>\u00a0web\u00a0<a href=\"https:\/\/about.rferl.org\/service\/hungarian-service\/\" target=\"_blank\" rel=\"noopener\">Szabad Eur\u00f3pa<\/a>. V\u00a0dokumentu\u00a0<a href=\"https:\/\/static.project2025.org\/2025_MandateForLeadership_FULL.pdf\" target=\"_blank\" rel=\"noopener\">Projekt 2025<\/a>\u00a0think tanku Heritage Foundation se v\u00a0roce 2023 na stran\u011b 237 uv\u00e1d\u00ed, \u017ee ma\u010farskojazy\u010dn\u00e9 vys\u00edl\u00e1n\u00ed \u201ese vymyk\u00e1 zam\u00fd\u0161len\u00e9mu rozsahu charty RFE\/RL t\u00edm, \u017ee se zam\u011b\u0159uje na demokraticky zvolen\u00e9ho, proamerick\u00e9ho evropsk\u00e9ho a\u00a0alian\u010dn\u00edho spojence\u201c.<\/p>\n<p><a href=\"https:\/\/www.fsfinalword.cz\/?page=archive&amp;show=1&amp;day=2024-7-10\" target=\"_blank\" rel=\"noopener\">Viktor Orb\u00e1n<\/a>, kter\u00fd byl t\u00edm ter\u010dem, 3. \u00fanora pro\u00a0den\u00edk\u00a0<a href=\"https:\/\/miniszterelnok.hu\/en\/interview-mit-viktor-orban-fur-die-neue-zurcher-zeitung\/\" target=\"_blank\" rel=\"noopener\">Neue Z\u00fcrcher Zeitung<\/a>\u00a0\u0159ekl, \u017ee ameri\u010dt\u00ed demokrat\u00e9 jeho vl\u00e1du nen\u00e1vid\u011bli a\u00a0podporovali v\u0161echny organizace a\u00a0m\u00e9dia v\u00a0Ma\u010farsku, kter\u00e9 \u0161ly proti n\u011bmu. \u201eTrump tomu u\u010dinil p\u0159\u00edtr\u017e,\u201c uvedl. Kdy\u017e te\u010f o\u00a0p\u0159evzet\u00ed financov\u00e1n\u00ed RFE hovo\u0159\u00ed \u010desk\u00fd ministr zahrani\u010d\u00ed\u00a0<a href=\"https:\/\/www.ceskenoviny.cz\/zpravy\/2648128\" target=\"_blank\" rel=\"noopener\">Jan Lipavsk\u00fd<\/a>\u00a0a\u00a0ministr vnitra\u00a0<a href=\"https:\/\/x.com\/Vit_Rakusan\/status\/1901246519254106412\" target=\"_blank\" rel=\"noopener\">V\u00edt Raku\u0161an<\/a>, p\u0159ehl\u00ed\u017eej\u00ed jeden podstatn\u00fd detail.<\/p>\n<p>Podle americk\u00fdch z\u00e1kon\u016f mus\u00ed RFE jednat zp\u016fsobem, kter\u00fd je \u201e<a href=\"https:\/\/www.usagm.gov\/who-we-are\/oversight\/legislation\/international-broadcasting-act\/\" target=\"_blank\" rel=\"noopener\">v souladu se \u0161irok\u00fdmi zahrani\u010dn\u011bpolitick\u00fdmi c\u00edli Spojen\u00fdch st\u00e1t\u016f<\/a>\u201c. Pokud m\u00e1 tedy R\u00e1dio Svobodn\u00e1 Evropa v\u016fbec v\u00a0jak\u00e9koli podob\u011b nad\u00e1le existovat, bude muset prosazovat\u00a0<a href=\"https:\/\/www.whitehouse.gov\/presidential-actions\/2025\/02\/one-voice-for-americas-foreign-relations\/\" target=\"_blank\" rel=\"noopener\">zahrani\u010dn\u011bpolitickou agendu Donalda Trumpa<\/a>.<\/p>\n<p><a href=\"https:\/\/www.fsfinalword.cz\/?page=archive&amp;day=2025-03-17&amp;utm_source=utm_source%3Dnewsletter&amp;utm_medium=utm_medium%3De-mail&amp;utm_campaign=utm_campaign%3Dfinal_word_17.3.2025\">Erik Best<\/a><\/p>\n<p><img decoding=\"async\" loading=\"lazy\" class=\"alignnone  wp-image-1179\" src=\"http:\/\/www.infokuryr.cz\/n\/wp-content\/uploads\/2021\/04\/erik-best.jpg\" alt=\"\" width=\"114\" height=\"128\" \/><\/p>\n<p>&nbsp;<\/p>\n","protected":false},"excerpt":{"rendered":"<p>Um\u00edr\u00e1\u010dek pro R\u00e1dio Svobodn\u00e1 Evropa\/R\u00e1dio Svoboda (RFE\/RL) zazn\u011bl 8. z\u00e1\u0159\u00ed 2020, kdy byl spu\u0161t\u011bn\u00a0ma\u010farskojazy\u010dn\u00fd\u00a0web\u00a0Szabad Eur\u00f3pa&#8230;.<\/p>\n","protected":false},"author":2,"featured_media":1778,"comment_status":"closed","ping_status":"closed","sticky":false,"template":"","format":"standard","meta":[],"categories":[6],"tags":[1503,439,385,452],"_links":{"self":[{"href":"https:\/\/www.infokuryr.cz\/n\/wp-json\/wp\/v2\/posts\/74377"}],"collection":[{"href":"https:\/\/www.infokuryr.cz\/n\/wp-json\/wp\/v2\/posts"}],"about":[{"href":"https:\/\/www.infokuryr.cz\/n\/wp-json\/wp\/v2\/types\/post"}],"author":[{"embeddable":true,"href":"https:\/\/www.infokuryr.cz\/n\/wp-json\/wp\/v2\/users\/2"}],"replies":[{"embeddable":true,"href":"https:\/\/www.infokuryr.cz\/n\/wp-json\/wp\/v2\/comments?post=74377"}],"version-history":[{"count":1,"href":"https:\/\/www.infokuryr.cz\/n\/wp-json\/wp\/v2\/posts\/74377\/revisions"}],"predecessor-version":[{"id":74378,"href":"https:\/\/www.infokuryr.cz\/n\/wp-json\/wp\/v2\/posts\/74377\/revisions\/74378"}],"wp:featuredmedia":[{"embeddable":true,"href":"https:\/\/www.infokuryr.cz\/n\/wp-json\/wp\/v2\/media\/1778"}],"wp:attachment":[{"href":"https:\/\/www.infokuryr.cz\/n\/wp-json\/wp\/v2\/media?parent=74377"}],"wp:term":[{"taxonomy":"category","embeddable":true,"href":"https:\/\/www.infokuryr.cz\/n\/wp-json\/wp\/v2\/categories?post=74377"},{"taxonomy":"post_tag","embeddable":true,"href":"https:\/\/www.infokuryr.cz\/n\/wp-json\/wp\/v2\/tags?post=74377"}],"curies":[{"name":"wp","href":"https:\/\/api.w.org\/{rel}","templated":true}]}}