{"id":74358,"date":"2025-03-18T00:21:14","date_gmt":"2025-03-17T23:21:14","guid":{"rendered":"https:\/\/www.infokuryr.cz\/n\/?p=74358"},"modified":"2025-03-17T14:11:50","modified_gmt":"2025-03-17T13:11:50","slug":"maji-usa-tajny-zabijec-k-deaktivaci-evropskych-zbrani","status":"publish","type":"post","link":"https:\/\/www.infokuryr.cz\/n\/2025\/03\/18\/maji-usa-tajny-zabijec-k-deaktivaci-evropskych-zbrani\/","title":{"rendered":"Maj\u00ed USA tajn\u00fd \u201ezab\u00edje\u010d\u201c k deaktivaci evropsk\u00fdch zbran\u00ed?"},"content":{"rendered":"<div id=\"fb-root\"><\/div>\n<h3 class=\"s-tagline fw-tagline\">Evropa zpochyb\u0148uje svou silnou z\u00e1vislost na zbran\u00edch vyroben\u00fdch v USA, proto\u017ee uva\u017euje o mo\u017enosti, \u017ee kontinent se ji\u017e nem\u016f\u017ee spol\u00e9hat na Washington p\u0159i obran\u011b<\/h3>\n<p>M\u016f\u017ee to zn\u00edt jako pouh\u00e1 konspira\u010dn\u00ed teorie, ale evropsk\u00e9 vl\u00e1dy jsou dnes v\u00e1\u017en\u011b znepokojeny zbran\u011bmi v jejich arzen\u00e1lech \u2013 z nich\u017e mnoh\u00e9 byly navr\u017eeny, vyrobeny a \u010dasto jsou st\u00e1le udr\u017eov\u00e1ny vojensk\u00fdmi spole\u010dnostmi ve Spojen\u00fdch st\u00e1tech. Ob\u00e1vaj\u00ed se, \u017ee mohou m\u00edt tajn\u00e9 \u201ezab\u00edjej\u00edc\u00ed sp\u00edna\u010de\u201c, kter\u00e9 je deaktivuj\u00ed, pokud se je pokus\u00ed pou\u017e\u00edt zp\u016fsobem, kter\u00fd Washington odm\u00edt\u00e1.<\/p>\n<p>Takov\u00e9 f\u00e1my se \u0161\u00ed\u0159\u00ed od dob studen\u00e9 v\u00e1lky, ale vzhledem k odsouzen\u00ed z\u00e1padn\u00ed Evropy Trumpovou administrativou a jej\u00edm m\u00edrov\u00fdm p\u0159edehr\u00e1vk\u00e1m v\u016f\u010di Rusku a \u010c\u00edn\u011b nabyly nov\u00e9 nal\u00e9havosti. To bylo zvl\u00e1\u0161t\u011b zd\u016frazn\u011bno v\u00a0<a href=\"https:\/\/rmx.news\/article\/us-vp-vance-meets-with-afds-leader-after-stunning-speech-in-munich\/\">projevu<\/a>\u00a0viceprezidenta JD Vance\u00a0na mnichovsk\u00e9 bezpe\u010dnostn\u00ed konferenci minul\u00fd m\u011bs\u00edc, kde uvedl, \u017ee skute\u010dn\u00fdm nebezpe\u010d\u00edm Evropy je \u201ehrozba zevnit\u0159\u201c, sp\u00ed\u0161e ne\u017e Rusko nebo \u010c\u00edna.<\/p>\n<p>N\u011bkter\u00e9 evropsk\u00e9 vl\u00e1dy byly tak\u00e9 znepokojeny, kdy\u017e prezident Donald Trump do\u010dasn\u011b st\u00e1hl vojenskou pomoc z Kyjeva pot\u00e9, co se s n\u00edm ukrajinsk\u00fd prezident Volodymyr Zelenskij poh\u00e1dal\u00a0minul\u00fd m\u011bs\u00edc b\u011bhem\u00a0<a href=\"https:\/\/rmx.news\/article\/hungary-and-slovakias-leaders-support-trump-against-zelensky\/\">setk\u00e1n\u00ed v Ov\u00e1ln\u00e9 pracovn\u011b .<\/a><\/p>\n<p>\u201ePokud vid\u00ed, jak Trump jedn\u00e1 se Zelensk\u00fdm, m\u011bli by se znepokojovat,\u201c \u0159ekl listu\u00a0<a href=\"https:\/\/www.ft.com\/content\/1503a69e-13e4-4ee8-9d05-b9ce1f7cc89e\">Financial Times<\/a>\u00a0v\u00fdkonn\u00fd \u0159editel \u0161v\u00e9dsk\u00e9 spole\u010dnosti Avioniq Awareness zam\u011b\u0159en\u00e9 na um\u011blou inteligenci Avioniq Awareness, Mikael Grev . \u201eH\u00e1z\u00ed ho pod autobus. Seversk\u00e9 a pobaltsk\u00e9 st\u00e1ty se mus\u00ed zamyslet: ud\u011bl\u00e1 n\u00e1m tot\u00e9\u017e?<\/p>\n<p>Existence tajn\u00fdch \u201ezab\u00edje\u010d\u016f\u201c nebyla nikdy prok\u00e1z\u00e1na, ale rozhodn\u011b je mo\u017en\u00e1. Richard Aboulafia z Ann Arbor, michigansk\u00e9 leteck\u00e9 konzulta\u010dn\u00ed firmy AeroDynamic Advisory uvedl, \u017ee vzhledem k tomu, \u017ee zbran\u011b lze teoreticky deaktivovat \u201etro\u0161kou softwarov\u00e9ho k\u00f3du\u201c, takov\u00e1 mo\u017enost \u201eexistuje\u201c.<\/p>\n<p>Skute\u010dn\u00fdm nebezpe\u010d\u00edm pro Evropu v\u0161ak nemus\u00ed b\u00fdt tajn\u00e9 k\u00f3dy, ale sp\u00ed\u0161e skute\u010dnost, \u017ee evropsk\u00e9 arm\u00e1dy jsou siln\u011b z\u00e1visl\u00e9 na USA, pokud jde o d\u00edly a \u00fadr\u017ebu. P\u0159ibli\u017en\u011b 55 procent dovezen\u00e9ho vojensk\u00e9ho vybaven\u00ed, kter\u00e9 bylo zakoupeno v Evrop\u011b v letech 2019 a\u017e 2023, poch\u00e1zelo z USA, co\u017e p\u0159edstavuje n\u00e1r\u016fst o 35 procent ve srovn\u00e1n\u00ed s p\u0159edchoz\u00edmi p\u011bti lety. Abychom uvedli jen jeden p\u0159\u00edklad, v\u00edce ne\u017e polovina st\u00edhac\u00edch letoun\u016f p\u00e1t\u00e9 generace \u2013 t\u011bch nejmodern\u011bj\u0161\u00edch \u2013, kter\u00e9 jsou v sou\u010dasnosti v provozu po cel\u00e9 Evrop\u011b, byla vyrobena v USA.<\/p>\n<p>V\u0161echny tyto zbran\u011b vyroben\u00e9 v Americe z\u00e1vis\u00ed na nep\u0159etr\u017eit\u00e9 dod\u00e1vce n\u00e1hradn\u00edch d\u00edl\u016f, munice a aktualizac\u00ed softwaru z USA, aby mohly nad\u00e1le fungovat. N\u011bkter\u00e1 sofistikovan\u011bj\u0161\u00ed za\u0159\u00edzen\u00ed se tak\u00e9 b\u011b\u017en\u011b pos\u00edlaj\u00ed zp\u011bt do USA na \u00fadr\u017ebu.<\/p>\n<p>Krom\u011b toho jsou evropsk\u00e9 ozbrojen\u00e9 s\u00edly zcela z\u00e1visl\u00e9 na podpo\u0159e USA, pokud jde o komunikaci a elektronick\u00e9 v\u00e1l\u010den\u00ed, stejn\u011b jako o zpravodajstv\u00ed, sledov\u00e1n\u00ed, software a pr\u016fzkum.<\/p>\n<p>Rozkol v evropsko-americk\u00e9 vojensk\u00e9 alianci, kter\u00e1 byla z\u00e1kladem glob\u00e1ln\u00ed bezpe\u010dnosti posledn\u00edch 80 let, se je\u0161t\u011b p\u0159ed n\u011bkolika m\u011bs\u00edci zd\u00e1l nemysliteln\u00fd. Vzhledem k nov\u00fdm geopolitick\u00fdm realit\u00e1m, kter\u00fdm Evropa nyn\u00ed \u010del\u00ed, jak kv\u016fli obnoven\u00e9 hrozb\u011b v Moskv\u011b, tak nejistot\u011b ohledn\u011b z\u00e1vazk\u016f Washingtonu, evrop\u0161t\u00ed politici pravd\u011bpodobn\u011b za\u010dnou tuto z\u00e1vislost p\u0159ehodnocovat.<\/p>\n<p>Jedn\u00edm z p\u0159\u00edklad\u016f nov\u00fdch probl\u00e9m\u016f, kter\u00fdm Evropa v d\u016fsledku tohoto posunu \u010del\u00ed, je hrozba, kterou Trump u\u010dinil anektov\u00e1n\u00edm d\u00e1nsk\u00e9ho \u00fazem\u00ed Gr\u00f3nska \u2013 v p\u0159\u00edpad\u011b pot\u0159eby silou. D\u00e1nsko uvedlo, \u017ee p\u0159iprav\u00ed ostrov na obranu p\u0159ed p\u0159\u00edpadn\u00fdm \u00fatokem USA pos\u00edlen\u00edm tamn\u00ed p\u0159\u00edtomnosti d\u00e1nsk\u00e9ho letectva.<\/p>\n<p>Vzhledem k tomu, \u017ee kr\u00e1lovsk\u00e9 d\u00e1nsk\u00e9 letectvo l\u00e9t\u00e1 na st\u00edha\u010dk\u00e1ch americk\u00e9 v\u00fdroby F-35, m\u016f\u017ee b\u00fdt pro D\u00e1nsko obt\u00ed\u017en\u00e9 je nasadit proti americk\u00fdm sil\u00e1m v p\u0159\u00edpad\u011b konfliktu. I kdy\u017e v nich nejsou \u017e\u00e1dn\u00e9 \u201ezab\u00edje\u010de\u201c, pokud by ameri\u010dt\u00ed dodavatel\u00e9 obrany p\u0159estali zaji\u0161\u0165ovat \u00fadr\u017ebu a aktualizace softwaru, letadlo by nevydr\u017eelo l\u00e9tat dlouho.<\/p>\n<p>Dokonce i ta vysp\u011bl\u00e1 st\u00edhac\u00ed letadla, kter\u00e1 byla navr\u017eena a vyrobena v Evrop\u011b, z\u00e1vis\u00ed na zabezpe\u010den\u00fdch komunika\u010dn\u00edch syst\u00e9mech a GPS navigaci poskytovan\u00fdch USA.<\/p>\n<p>Snad nejkriti\u010dt\u011bj\u0161\u00ed ot\u00e1zkou, p\u0159ed kterou Evropa uva\u017euje o sv\u011bt\u011b bez americk\u00e9 podpory, jsou jadern\u00e9 zbran\u011b Spojen\u00e9ho kr\u00e1lovstv\u00ed. Od prvn\u00edch dn\u016f studen\u00e9 v\u00e1lky byly v\u0161echny evropsk\u00e9 zem\u011b, kter\u00e9 jsou \u010dleny NATO, pod \u201ejadern\u00fdm de\u0161tn\u00edkem\u201c USA, co\u017e znamen\u00e1, \u017ee Washington se zav\u00e1zal br\u00e1nit je p\u0159ed \u00fatokem v\u0161emi prost\u0159edky, v\u010detn\u011b pou\u017eit\u00ed jadern\u00fdch zbran\u00ed.<\/p>\n<p>V\u017edy se v\u011b\u0159ilo, \u017ee tato hrozba \u201evz\u00e1jemn\u011b zaji\u0161t\u011bn\u00e9ho zni\u010den\u00ed\u201c odradila evropsk\u00e9 protivn\u00edky, a zejm\u00e9na Rusko, od uva\u017eov\u00e1n\u00ed o \u00fatoc\u00edch na Evropu. I kdy\u017e se to dosud nestalo, pokud by USA st\u00e1hly svou jadernou ochranu, Evropa by se n\u00e1hle ocitla zraniteln\u011bj\u0161\u00ed v\u016f\u010di ciz\u00edmu \u00fatoku, ne\u017e tomu bylo kdykoli od druh\u00e9 sv\u011btov\u00e9 v\u00e1lky.<\/p>\n<p>Jedin\u00e9 dv\u011b evropsk\u00e9 zem\u011b s vlastn\u00edm jadern\u00fdm arzen\u00e1lem jsou Velk\u00e1 Brit\u00e1nie a Francie. Francie ji\u017e nab\u00eddla, \u017ee roz\u0161\u00ed\u0159\u00ed sv\u016fj vlastn\u00ed \u201ejadern\u00fd de\u0161tn\u00edk\u201c do N\u011bmecka, a\u010dkoli Berl\u00edn o tomto n\u00e1vrhu je\u0161t\u011b nerozhodl. Francouzsk\u00fd arzen\u00e1l je v\u0161ak relativn\u011b mal\u00fd: m\u00e1 se za to, \u017ee vlastn\u00ed jen asi 300 jadern\u00fdch hlavic, co\u017e je mnohem m\u00e9n\u011b ne\u017e t\u00e9m\u011b\u0159 6 000, kter\u00e9 m\u00e1 podle odhad\u016f Rusko.<\/p>\n<p>Spojen\u00e9 kr\u00e1lovstv\u00ed by mohlo tuto schopnost pos\u00edlit nab\u00eddkou roz\u0161\u00ed\u0159en\u00ed vlastn\u00edho \u201ejadern\u00e9ho de\u0161tn\u00edku\u201c nad kontinent\u00e1ln\u00ed Evropu. Probl\u00e9m je v tom, \u017ee v\u0161echny jadern\u00e9 st\u0159ely zem\u011b, kter\u00e9 jsou rozm\u00edst\u011bny na palub\u00e1ch ponorek, byly navr\u017eeny a vyrobeny v USA. Krom\u011b mo\u017enosti existuj\u00edc\u00edch \u201ezab\u00edje\u010d\u016f\u201c jsou rakety b\u011b\u017en\u011b pos\u00edl\u00e1ny zp\u011bt do za\u0159\u00edzen\u00ed v King&#8217;s Bay v Georgii k \u00fadr\u017eb\u011b \u2013 a tak by nemohly bez podpory USA pokra\u010dovat v neomezen\u00e9m provozu.<\/p>\n<p>P\u0159esto\u017ee evrop\u0161t\u00ed politici za\u010d\u00ednaj\u00ed v d\u016fsledku prohl\u00e1\u0161en\u00ed americk\u00fdch politik\u016f uva\u017eovat o mo\u017enosti sv\u011bta, kde ji\u017e nebudou moci po\u010d\u00edtat s Amerikou, na jejich vztahu se zat\u00edm nic nezm\u011bnilo. Potvrdil to Joachim Finkielman, kter\u00fd je \u0159editelem DI Danish Defence and Security Industries, sdru\u017een\u00ed, kter\u00e9 zastupuje z\u00e1jmy t\u011bch d\u00e1nsk\u00fdch spole\u010dnost\u00ed, kter\u00e9 p\u016fsob\u00ed v obrann\u00e9m sektoru. &#8222;Je zde mnoho neklidu ohledn\u011b toho, co se stane,&#8220; \u0159ekl Financial Times, &#8222;ale a\u017e dosud jsme nepoc\u00edtili \u017e\u00e1dn\u00e9 zm\u011bny ve vztahu s USA.&#8220;<\/p>\n<p>Finkielman tak\u00e9 pouk\u00e1zal na to, \u017ee zat\u00edmco evropsk\u00e9 arm\u00e1dy jsou siln\u011b z\u00e1visl\u00e9 na americk\u00e9 podpo\u0159e, je tak\u00e9 pravda, \u017ee americk\u00e9 obrann\u00e9 spole\u010dnosti v n\u011bkter\u00fdch p\u0159\u00edpadech spol\u00e9haj\u00ed na d\u00edly vyroben\u00e9 v D\u00e1nsku, v\u010detn\u011b d\u00edl\u016f pro st\u00edha\u010dku F-35. Tato z\u00e1vislost tedy nen\u00ed zcela jednostrann\u00e1.<\/p>\n<p>Uvid\u00ed se, zda toto zjevn\u00e9 politick\u00e9 rozchody mezi USA a Evropou bude nakonec vn\u00edm\u00e1no jako pouh\u00fd hrbol na cest\u011b nebo jako trval\u00e1 p\u0159est\u00e1vka. Skute\u010dn\u00fdm pora\u017een\u00fdm se m\u016f\u017ee nakonec st\u00e1t americk\u00fd obrann\u00fd pr\u016fmysl, vzhledem k tomu, \u017ee to byla d\u016fv\u011bra Evropy v neochv\u011bjnou podporu USA, kter\u00e1 zp\u016fsobila jej\u00ed dobrovoln\u00e9 spol\u00e9h\u00e1n\u00ed se na americk\u00e9 zbran\u011b na prvn\u00edm m\u00edst\u011b.<\/p>\n<p>U\u017e te\u010f m\u016f\u017ee b\u00fdt p\u0159\u00edli\u0161 pozd\u011b na to, aby se tomu zabr\u00e1nilo, vzhledem k tomu, \u017ee prodeje americk\u00fdch zbran\u00ed klesly, zat\u00edmco ty v\u00fdzbroje evropsk\u00e9 v\u00fdroby prudce vzrostly od Trumpova n\u00e1stupu do \u00fa\u0159adu v lednu.<\/p>\n<p><img decoding=\"async\" loading=\"lazy\" class=\"alignnone size-full wp-image-71983\" src=\"http:\/\/www.infokuryr.cz\/n\/wp-content\/uploads\/2025\/02\/aaa.jpg\" alt=\"\" width=\"89\" height=\"23\" \/><\/p>\n<p>&nbsp;<\/p>\n","protected":false},"excerpt":{"rendered":"<p>Evropa zpochyb\u0148uje svou silnou z\u00e1vislost na zbran\u00edch vyroben\u00fdch v USA, proto\u017ee uva\u017euje o mo\u017enosti, \u017ee&#8230;<\/p>\n","protected":false},"author":2,"featured_media":74359,"comment_status":"closed","ping_status":"closed","sticky":false,"template":"","format":"standard","meta":[],"categories":[7],"tags":[41,1503,39,37,73],"_links":{"self":[{"href":"https:\/\/www.infokuryr.cz\/n\/wp-json\/wp\/v2\/posts\/74358"}],"collection":[{"href":"https:\/\/www.infokuryr.cz\/n\/wp-json\/wp\/v2\/posts"}],"about":[{"href":"https:\/\/www.infokuryr.cz\/n\/wp-json\/wp\/v2\/types\/post"}],"author":[{"embeddable":true,"href":"https:\/\/www.infokuryr.cz\/n\/wp-json\/wp\/v2\/users\/2"}],"replies":[{"embeddable":true,"href":"https:\/\/www.infokuryr.cz\/n\/wp-json\/wp\/v2\/comments?post=74358"}],"version-history":[{"count":0,"href":"https:\/\/www.infokuryr.cz\/n\/wp-json\/wp\/v2\/posts\/74358\/revisions"}],"wp:featuredmedia":[{"embeddable":true,"href":"https:\/\/www.infokuryr.cz\/n\/wp-json\/wp\/v2\/media\/74359"}],"wp:attachment":[{"href":"https:\/\/www.infokuryr.cz\/n\/wp-json\/wp\/v2\/media?parent=74358"}],"wp:term":[{"taxonomy":"category","embeddable":true,"href":"https:\/\/www.infokuryr.cz\/n\/wp-json\/wp\/v2\/categories?post=74358"},{"taxonomy":"post_tag","embeddable":true,"href":"https:\/\/www.infokuryr.cz\/n\/wp-json\/wp\/v2\/tags?post=74358"}],"curies":[{"name":"wp","href":"https:\/\/api.w.org\/{rel}","templated":true}]}}