{"id":74334,"date":"2025-03-17T07:45:42","date_gmt":"2025-03-17T06:45:42","guid":{"rendered":"https:\/\/www.infokuryr.cz\/n\/?p=74334"},"modified":"2025-03-17T07:47:29","modified_gmt":"2025-03-17T06:47:29","slug":"jsme-s-vami-obcane-rumunska-petice-na-rumunskou-ambasadu-predana","status":"publish","type":"post","link":"https:\/\/www.infokuryr.cz\/n\/2025\/03\/17\/jsme-s-vami-obcane-rumunska-petice-na-rumunskou-ambasadu-predana\/","title":{"rendered":"Jsme s v\u00e1mi, ob\u010dan\u00e9 Rumunska: petice na rumunskou ambas\u00e1du p\u0159ed\u00e1na"},"content":{"rendered":"<div id=\"fb-root\"><\/div>\n<div class=\"introtext\">\n<p><span style=\"font-size: 14pt;\"><strong>To, \u017ee soudcokracie a v \u010dele \u00dastavn\u00ed soudy si mysl\u00ed, \u017ee maj\u00ed moc a ob\u010dan m\u00e1 j\u00edt k \u010dertu, makat a poslouchat, je n\u00e1zor nejen v Rumunsku, ale i v \u010cesk\u00e9 republice, a i v mysl\u00edch p\u00e1r procent zkorumpovan\u00fdch politik\u016f! A Rumunsko &#8211; lid &#8211; bojuje i za n\u00e1s!<\/strong><\/span><\/p>\n<\/div>\n<div class=\"fulltext\">\n<p>P\u00e1r sn\u00edmk\u016f z ned\u011bln\u00edho pod\u00e1n\u00ed podpory (petice) rumunsk\u00e9mu lidu na rumunskou ambas\u00e1du. Jak p\u0159\u00edzna\u010dn\u00e9, \u017ee tam nedorazil nikdo z t\u011bch, co se bij\u00ed v prsa, jak t\u011b\u017ece obhajuj\u00ed\u00a0 v\u016fli lidu.<\/p>\n<p><img decoding=\"async\" loading=\"lazy\" class=\"aligncenter\" src=\"https:\/\/www.skrytapravda.cz\/images\/blogy\/805\/2025\/3brezen\/IMG_2578_96729.JPG\" alt=\"IMG 2578 96729\" width=\"797\" height=\"532\" \/><\/p>\n<p><img decoding=\"async\" class=\"aligncenter\" src=\"https:\/\/www.skrytapravda.cz\/images\/2025\/IMG_2590.JPG\" alt=\"IMG 2590\" \/><\/p>\n<p><img decoding=\"async\" class=\"aligncenter\" src=\"https:\/\/www.skrytapravda.cz\/images\/blogy\/805\/2025\/3brezen\/IMG_2577m_c9abc.webp\" alt=\"IMG 2577m c9abc\" \/><\/p>\n<p><img decoding=\"async\" class=\"aligncenter\" src=\"https:\/\/www.skrytapravda.cz\/images\/blogy\/805\/2025\/3brezen\/IMG_2575m_b9eee.webp\" alt=\"IMG 2575m b9eee\" \/><\/p>\n<p><img decoding=\"async\" class=\"aligncenter\" src=\"https:\/\/www.skrytapravda.cz\/images\/blogy\/805\/2025\/3brezen\/IMG_2579_b6a47.JPG\" alt=\"IMG 2579 b6a47\" \/><\/p>\n<p>\u201ePod z\u00e1minkou na\u0161\u00ed ochrany blokuj\u00ed ciz\u00ed m\u00e9dia, nastavuj\u00ed absurdn\u00ed \u0159\u00e1d kv\u016fli st\u00edh\u00e1n\u00ed jak\u00fdchsi agent\u016f, sna\u017e\u00ed se kontrolovat i to, co \u010dteme a sledujeme ve voln\u00e9m \u010dase. \u017dijeme v dob\u011b, kdy rozv\u011bdky maj\u00ed hlavn\u00ed hlas. Kdo poznal my\u0161len\u00ed t\u011bchto operativc\u016f, tomu je jasn\u00e9, \u017ee existuje pouze n\u00e1zor jejich nebo n\u00e1zor nep\u0159\u00e1telsk\u00e9ho agenta. M\u016f\u017eeme jist\u011b \u0159\u00edct: je to jejich pr\u00e1ce. Ale pr\u00e1ce politik\u016f je tohle p\u0159esn\u011b usm\u011br\u0148ovat, ne papou\u0161kovat. Hlavn\u011b nevyu\u017e\u00edvat tuto hysterii k oh\u00fdb\u00e1n\u00ed desetilet\u00ed platn\u00fdch z\u00e1kon\u016f, kter\u00e9 se osv\u011bd\u010dily u\u017e v mnohem napjat\u011bj\u0161\u00edch situac\u00edch.\u201c<\/p>\n<p>\u201eSe\u0161li jsme se tady, abychom na takov\u00e9hle oh\u00fdb\u00e1n\u00ed upozornili,\u201c deklaroval Pavel \u0160ik a dodal, \u017ee spolu s Angelikou Bazalovou pova\u017euj\u00ed za znepokojuj\u00edc\u00ed, \u017ee k situaci v Rumunsku ml\u010d\u00ed jak evrop\u0161t\u00ed, tak \u010de\u0161t\u00ed p\u0159edstavitel\u00e9. \u010c\u00edm\u017e v podstat\u011b to, co se v zemi d\u011bje okolo volby prezidenta, schvaluj\u00ed. \u201eN\u00e1m se to ale jev\u00ed jako oh\u00fdb\u00e1n\u00ed demokratick\u00fdch pravidel.\u201c<\/p>\n<p><img decoding=\"async\" loading=\"lazy\" class=\"wp-image-74335 aligncenter\" src=\"http:\/\/www.infokuryr.cz\/n\/wp-content\/uploads\/2025\/03\/praha-prot3-221x300.jpg\" alt=\"\" width=\"481\" height=\"653\" srcset=\"https:\/\/www.infokuryr.cz\/n\/wp-content\/uploads\/2025\/03\/praha-prot3-221x300.jpg 221w, https:\/\/www.infokuryr.cz\/n\/wp-content\/uploads\/2025\/03\/praha-prot3.jpg 752w\" sizes=\"(max-width: 481px) 100vw, 481px\" \/> <img decoding=\"async\" loading=\"lazy\" class=\"wp-image-74336 aligncenter\" src=\"http:\/\/www.infokuryr.cz\/n\/wp-content\/uploads\/2025\/03\/praha-prot2-300x165.jpg\" alt=\"\" width=\"565\" height=\"311\" srcset=\"https:\/\/www.infokuryr.cz\/n\/wp-content\/uploads\/2025\/03\/praha-prot2-300x165.jpg 300w, https:\/\/www.infokuryr.cz\/n\/wp-content\/uploads\/2025\/03\/praha-prot2-1024x563.jpg 1024w, https:\/\/www.infokuryr.cz\/n\/wp-content\/uploads\/2025\/03\/praha-prot2-768x422.jpg 768w, https:\/\/www.infokuryr.cz\/n\/wp-content\/uploads\/2025\/03\/praha-prot2.jpg 1052w\" sizes=\"(max-width: 565px) 100vw, 565px\" \/> <img decoding=\"async\" loading=\"lazy\" class=\"wp-image-74337 aligncenter\" src=\"http:\/\/www.infokuryr.cz\/n\/wp-content\/uploads\/2025\/03\/praha-prot1-300x175.jpg\" alt=\"\" width=\"566\" height=\"330\" srcset=\"https:\/\/www.infokuryr.cz\/n\/wp-content\/uploads\/2025\/03\/praha-prot1-300x175.jpg 300w, https:\/\/www.infokuryr.cz\/n\/wp-content\/uploads\/2025\/03\/praha-prot1-1024x596.jpg 1024w, https:\/\/www.infokuryr.cz\/n\/wp-content\/uploads\/2025\/03\/praha-prot1-768x447.jpg 768w, https:\/\/www.infokuryr.cz\/n\/wp-content\/uploads\/2025\/03\/praha-prot1.jpg 1067w\" sizes=\"(max-width: 566px) 100vw, 566px\" \/><\/p>\n<p>Mezi lidmi se mihl i Libor Vondr\u00e1\u010dek, \u0161\u00e9f strany Svobodn\u00fdch, a dal\u0161\u00ed, ale ze strany Babi\u0161ovy ANO, kter\u00e1 lav\u00edruje, nato\u017e z P\u011btikoalice ani noha. D\u016fvod jednoduch\u00fd:\u00a0<strong>masmedi\u00e1ln\u00ed m\u00e9dia na tyto akce nechod\u00ed, tak pro\u010d by se nam\u00e1hali, z t\u00e9to akce \u017e\u00e1dn\u00e9 milionky do kampeli\u010dky Fial\u016f a Dozimetr\u016f nep\u0159ite\u010dou a oby\u010dejn\u00fd lid je jim ukraden\u00fd.<\/strong><\/p>\n<p>Tolik jenom malilink\u00e1 report\u00e1\u017e, ale t\u00e9ma je sou\u010d\u00e1st\u00ed obrovsk\u00e9ho p\u00e1du a \u00fapadku Evropy a nejv\u00edce Evropsk\u00e9 unie.<strong> A v\u00edte, \u017ee Rumunsko a \u010c\u00edna st\u00e1la p\u0159i n\u00e1s, kdy\u017e za\u010dala okupace p\u011bti sp\u0159\u00e1telen\u00fdch arm\u00e1d v roce 1968 v \u010ceskoslovensku?\u00a0A my, oby\u010dejn\u00ed lid\u00e9 oby\u010dejn\u00fdm ob\u010dan\u016fm Rumunska p\u0159ejeme op\u011bt svobodu a trest pro \u00fastavn\u00ed soudce, kter\u00fdm jsou v\u00e1hy La Justicia naprosto ukraden\u00e9.<\/strong><\/p>\n<p><a href=\"https:\/\/www.skrytapravda.cz\/z-domova\/2455-jsme-s-vami-obcane-rumunska-petice-na-rumunskou-ambasadu-predana\">Petr Pokorn\u00fd<\/a><\/p>\n<\/div>\n","protected":false},"excerpt":{"rendered":"<p>To, \u017ee soudcokracie a v \u010dele \u00dastavn\u00ed soudy si mysl\u00ed, \u017ee maj\u00ed moc a ob\u010dan&#8230;<\/p>\n","protected":false},"author":2,"featured_media":74338,"comment_status":"closed","ping_status":"closed","sticky":false,"template":"","format":"standard","meta":[],"categories":[6],"tags":[204,234,815,196],"_links":{"self":[{"href":"https:\/\/www.infokuryr.cz\/n\/wp-json\/wp\/v2\/posts\/74334"}],"collection":[{"href":"https:\/\/www.infokuryr.cz\/n\/wp-json\/wp\/v2\/posts"}],"about":[{"href":"https:\/\/www.infokuryr.cz\/n\/wp-json\/wp\/v2\/types\/post"}],"author":[{"embeddable":true,"href":"https:\/\/www.infokuryr.cz\/n\/wp-json\/wp\/v2\/users\/2"}],"replies":[{"embeddable":true,"href":"https:\/\/www.infokuryr.cz\/n\/wp-json\/wp\/v2\/comments?post=74334"}],"version-history":[{"count":0,"href":"https:\/\/www.infokuryr.cz\/n\/wp-json\/wp\/v2\/posts\/74334\/revisions"}],"wp:featuredmedia":[{"embeddable":true,"href":"https:\/\/www.infokuryr.cz\/n\/wp-json\/wp\/v2\/media\/74338"}],"wp:attachment":[{"href":"https:\/\/www.infokuryr.cz\/n\/wp-json\/wp\/v2\/media?parent=74334"}],"wp:term":[{"taxonomy":"category","embeddable":true,"href":"https:\/\/www.infokuryr.cz\/n\/wp-json\/wp\/v2\/categories?post=74334"},{"taxonomy":"post_tag","embeddable":true,"href":"https:\/\/www.infokuryr.cz\/n\/wp-json\/wp\/v2\/tags?post=74334"}],"curies":[{"name":"wp","href":"https:\/\/api.w.org\/{rel}","templated":true}]}}