{"id":74322,"date":"2025-03-17T07:09:07","date_gmt":"2025-03-17T06:09:07","guid":{"rendered":"https:\/\/www.infokuryr.cz\/n\/?p=74322"},"modified":"2025-03-17T07:09:07","modified_gmt":"2025-03-17T06:09:07","slug":"michael-svatos-novy-ukrajinsky-nacelnik-generalniho-stabu-andrij-hnatov-srovnani-s-jeho-protejskem","status":"publish","type":"post","link":"https:\/\/www.infokuryr.cz\/n\/2025\/03\/17\/michael-svatos-novy-ukrajinsky-nacelnik-generalniho-stabu-andrij-hnatov-srovnani-s-jeho-protejskem\/","title":{"rendered":"Michael Svato\u0161: Nov\u00fd ukrajinsk\u00fd n\u00e1\u010deln\u00edk gener\u00e1ln\u00edho \u0161t\u00e1bu Andrij Hnatov, srovn\u00e1n\u00ed s jeho prot\u011bj\u0161kem &#8230;"},"content":{"rendered":"<div id=\"fb-root\"><\/div>\n<h3>Nov\u00fd ukrajinsk\u00fd n\u00e1\u010deln\u00edk gener\u00e1ln\u00edho \u0161t\u00e1bu Andrij Hnatov, srovn\u00e1n\u00ed s jeho prot\u011bj\u0161kem gener\u00e1lem Valerijem Gerasimovem! I. \u010d\u00e1st.<\/h3>\n<p>V\u010dera Zelenskyj jmenoval brig\u00e1dn\u00edho gener\u00e1la Andrije Hnatova nov\u00fdm n\u00e1\u010deln\u00edkem ukrajinsk\u00e9ho gener\u00e1ln\u00edho \u0161t\u00e1bu. Toto p\u0159ekvapiv\u00e9 rozhodnut\u00ed vyvolalo i na Ukrajin\u011b zna\u010dn\u00e9 emoce. Nap\u0159\u00edklad zn\u00e1m\u00e1 v\u00e1le\u010dn\u00e1 fanati\u010dka poslankyn\u011b Bezugl\u00e1 ze Zelensk\u00e9ho st\u00e1je Slu\u017eebn\u00edci lidu z n\u011bj byla zna\u010dn\u011b nevrl\u00e1, a ozna\u010dila gener\u00e1la Hnatova rovnou\u00a0<a href=\"https:\/\/informator.ua\/ru\/bolee-sovremennyy-no-s-priznakami-prisposoblenca-bezuglaya-raskritikovala-naznachenie-gnatova-nachalnikom-genshtaba-vsu\"><em>za velmi nejist\u00e9ho velitele vyu\u017e\u00edvaj\u00edc\u00edho ka\u017ed\u00e9 oportunistick\u00e9 p\u0159\u00edle\u017eitosti, aby nemusel obhajovat sv\u00e1 rozhodnut\u00ed<\/em><\/a>. Kdo je tedy nov\u00fd prot\u011bj\u0161ek slavn\u00e9ho rusk\u00e9ho gener\u00e1la Valeryje Gerasimova, a snese s n\u00edm vlastn\u011b v\u016fbec n\u011bjak\u00e9 srovn\u00e1n\u00ed? V dne\u0161n\u00ed anal\u00fdze se pokus\u00edme odpov\u011bd\u011bt.<\/p>\n<p>Kyjevsk\u00fd re\u017eim je \u010dasto srovn\u00e1v\u00e1n s nacistickou III. \u0159\u00ed\u0161\u00ed pro svoji neskr\u00fdvanou oslavu banderovsk\u00e9 UPA, a hlavn\u011b r\u016fzn\u00fdch perverzn\u00edch zlo\u010dinc\u016f, kte\u0159\u00ed sp\u00e1chali ty nejohavn\u011bj\u0161\u00ed \u010diny masov\u00e9ho vyvra\u017e\u010fov\u00e1n\u00ed, hlavn\u011b \u017did\u016f, Pol\u00e1k\u016f, Rus\u016f, Cik\u00e1n\u016f a dal\u0161\u00edch Ukrajinc\u016fm nepohodln\u00fdch etnik:<\/p>\n<ul>\n<li>Typicky:\u00a0<a href=\"https:\/\/2day.kh.ua\/ua\/kharkow\/u-kharkovi-znyaly-pamyatnu-doshku-na-chest-heroya-radyanskoho-soyuzu\">Tento t\u00fdden v Charkov\u011b \u00fa\u0159ady odstranily pam\u00e1te\u010dn\u00ed desku prost\u00e9mu ukrajinsk\u00e9mu 19-cti let\u00e9mu voj\u00ednu Ivanu Kamy\u0161evu<\/a>, oby\u010dejn\u00e9mu soustru\u017en\u00edkovi. Ten byl po osvobozen\u00ed Charkova na podzim 1943 ve m\u011bst\u011b jako prost\u00fd voj\u00edn mobilizov\u00e1n do Rud\u00e9 arm\u00e1dy, stal se kulomet\u010d\u00edk, a v zim\u011b 1945 se v polsk\u00e9m m\u011bst\u011b Sosnowiec vrhl se svazkem gran\u00e1t\u016f pod n\u011bmeck\u00fd Tygr. Kamy\u0161ev svou ob\u011bt\u00ed zachr\u00e1nil \u017eivoty spousty ukrajinsk\u00fdch, rusk\u00fdch i dal\u0161\u00edch spolubojovn\u00edk\u016f,\u00a0<a href=\"https:\/\/uk.wikipedia.org\/wiki\/%D0%9A%D0%B0%D0%BC%D0%B8%D1%88%D0%B5%D0%B2_%D0%86%D0%B2%D0%B0%D0%BD_%D0%9F%D0%B0%D0%B2%D0%BB%D0%BE%D0%B2%D0%B8%D1%87\">a byl proto prohl\u00e1\u0161en za Hrdinu SSSR<\/a>. A v Charkov\u011b po n\u011bm byla pojmenov\u00e1na jedna ulice.<\/li>\n<li>Typicky:\u00a0<a href=\"https:\/\/poltava.to\/project\/9383\/\">V\u010dera se v Poltav\u011b konalo \u00fa\u0159edn\u00ed \u0161kolen\u00ed mlad\u00fdch Ukrajinc\u016f<\/a>\u00a0na t\u00e9ma\u00a0<em>Ukrajina sah\u00e1 od Karpat a\u017e ke Kub\u00e1ni<\/em>. Pomineme-li, \u017ee Kub\u00e1\u0148 se nach\u00e1z\u00ed v p\u0159edh\u016f\u0159\u00ed Kavkazu, a Ukrajinci si tak n\u00e1rokuj\u00ed i Rostov na Donu, le\u017e\u00edc\u00ed v\u00fdchodn\u011b od Luhanska, a Krasnodarsk\u00fd kraj Ruska, mnohem d\u011bsiv\u011bj\u0161\u00ed je,\u00a0<a href=\"https:\/\/poltava.to\/project\/9383\/\">\u017ee mlad\u00fdm Ukrajinc\u016fm na \u0161kolen\u00ed akademi\u010dt\u00ed experti vysv\u011btlovali \u017ee<\/a>:\u00a0<em>jeden z nejodporn\u011bj\u0161\u00edch pachatel\u016f masov\u00e9ho holokaustu v historii d\u011bjin<\/em>, (ve \u0161kolen\u00ed utajeno!),<em>\u00a0Simon Petljura, je skv\u011bl\u00fd ukrajinsk\u00fd n\u00e1rodn\u00ed hrdina, hodn\u00fd n\u00e1sledov\u00e1n\u00ed<\/em>! (Kdo byl Simon Petlujra. A kdo ho v Pa\u0159\u00ed\u017ei na ulici zabil. A byl tamn\u00edm soudem osvobozen, proto\u017ee jen vykonal akt lidsk\u00e9 spravedlnosti, nad obzvl\u00e1\u0161t\u011b odporn\u00fdm individuem,\u00a0<a href=\"https:\/\/www.michalapetr.com\/map-1879-videa-banderovci-opet-dobiji-ruske-ranene-a-jeste-se-tim-verejne-chlubi-%d0%b00409-zelenskeho-zvlastni-jednotka-pro-pachani-valecnych-zlocinu\/\">podrobn\u011b v MAP 1879<\/a>.)<\/li>\n<li>Typicky: Nov\u011b jmenovan\u00fd n\u00e1\u010deln\u00edk ukrajinsk\u00e9ho gener\u00e1ln\u00edho \u0161t\u00e1bu Andrij Hnatov se u\u017e p\u0159ed v\u00e1lkou proslavil p\u0159edev\u0161\u00edm jako hlavn\u00ed \u010disti\u010d v\u0161eho post-sov\u011btsk\u00e9ho v tamn\u00ed arm\u00e1d\u011b,\u00a0<a href=\"https:\/\/glavcom.ua\/longreads\/heneral-andrij-hnatov-pershe-intervju-komanduvacha-objednanimi-silami-zsu-1013191.html#google_vignette\"><em>a v l\u00e9t\u011b 2024 se posv\u00e9m pov\u00fd\u0161en\u00ed proslavil sebev\u011bdom\u00fdm vyhl\u00e1\u0161en\u00edm, \u017ee v\u00edt\u011bzstv\u00ed Ukrajiny ve v\u00e1lce neznamen\u00e1 jen n\u00e1vrat ke hranic\u00edm z roku 1991, ale \u00faplnou por\u00e1\u017eku Ruska, jeho kapitulaci, a mezin\u00e1rodn\u00ed soudn\u00ed potrest\u00e1n\u00ed Ruska i jeho politik\u016f za zvr\u00e1cenou krimin\u00e1ln\u00ed politiku<\/em><\/a>!<\/li>\n<\/ul>\n<p>Srovn\u00e1vat Andrije Hnatova a Valerije Gerasimova, je tak\u0159ka jako srovn\u00e1vat atamana tlupy ukrajinsk\u00fdch z\u00e1poro\u017esk\u00fdch koz\u00e1k\u016f z\u00a0<a href=\"https:\/\/cs.wikipedia.org\/wiki\/Henryk_Sienkiewicz\">historick\u00fdch rom\u00e1n\u016f slavn\u00e9ho Pol\u00e1ka Henryka Sienkiewicze<\/a>\u00a0s n\u011bmeck\u00fdm mar\u0161\u00e1lem\u00a0<a href=\"https:\/\/cs.wikipedia.org\/wiki\/Helmuth_von_Moltke_star%C5%A1%C3%AD\">Helmutem von Moltke star\u0161\u00edm<\/a>, obecn\u011b pova\u017eovan\u00fdm za jednoho z nejv\u011bt\u0161\u00edch strat\u00e9g\u016f lidsk\u00fdch d\u011bjin, a hlavn\u011b za tv\u016frce modern\u00edch arm\u00e1d, i metod veden\u00ed v\u00e1lek v industri\u00e1ln\u00edm v\u011bku. A p\u0159em\u00fd\u0161let p\u0159i tom z\u00e1rove\u0148, kter\u00e9ho z nejvy\u0161\u0161\u00edch mistr\u016f sv\u011btov\u00e9 \u0161pion\u00e1\u017ee k Moltkemu p\u0159i\u0159adit, aby srovn\u00e1n\u00ed bylo adekv\u00e1tn\u00ed. Andrij Hnatov je na n\u00e1\u010deln\u00edka gener\u00e1ln\u00edho \u0161t\u00e1bu mlad\u00fd. Promoval v roce 2001 na Charkovsk\u00e9m tankov\u00e9m u\u010dili\u0161ti, m\u00e1 27 let vojensk\u00fdch zku\u0161enost\u00ed, a m\u011bl by tak b\u00fdt v\u011bku kolem 45 let. Gerasimov se narodil v roce 1955, letos mu bude 70 let, a n\u00e1\u010deln\u00edkem rusk\u00e9ho gener\u00e1ln\u00edho \u0161t\u00e1bu se stal v roce 2012, ve v\u011bku 57 let. Co je na srovn\u00e1n\u00ed p\u016fsobiv\u00e9 je, \u017ee zat\u00edmco Gerasimov byl u\u017e jako mlad\u00fd n\u00e1\u010deln\u00edk \u0161t\u00e1bu praporu hodnocen jako extr\u00e9mn\u011b inteligentn\u00ed, s mimo\u0159\u00e1dn\u00fdm z\u00e1jmem o historii v\u00e1lek a v\u00e1le\u010dn\u00e9ho um\u011bn\u00ed, dokonale ovl\u00e1daj\u00edc\u00ed manipulaci s vy\u0161\u0161\u00edmi d\u016fstojn\u00edky a gener\u00e1ly, aby si je naklonil ve sv\u016fj prosp\u011bch a pro sv\u00e1 \u0159e\u0161en\u00ed, a ti\u0161e nen\u00e1vid\u011bn\u00fd sv\u00fdmi vrstevn\u00edky pro svoji extr\u00e9mn\u00ed v\u00fdkonnost za v\u0161ech okolnost\u00ed, a \u017ee komplex v\u0161ech t\u011bchto vlastnosti mu rychle \u010distil cestu k nejvy\u0161\u0161\u00edm post\u016fm. O Hnatovovi je zn\u00e1mo p\u0159edev\u0161\u00edm, \u017ee je poslu\u0161n\u00fdm vykonavatelem rozkaz\u016f, bezhlav\u00fdm bijcem, a oportunistou, vyh\u00fdbaj\u00edc\u00edm se na boji\u0161ti t\u011bm nezbytn\u00fdm velitelsk\u00fdm \u0159e\u0161en\u00edm, kter\u00e1 by mohla po\u0161kodit jeho kari\u00e9ru. Zat\u00edmco komplex osobn\u00edch vlastnost\u00ed nutn\u00fdch k \u00fasp\u011b\u0161n\u00e9mu vykon\u00e1v\u00e1n\u00ed funkce n\u00e1\u010deln\u00edka gener\u00e1ln\u00edho \u0161t\u00e1bu byl u Gerasimova p\u0159irozen\u011b absolutn\u011b rozvinut snad u\u017e jeho narozen\u00edm, u Hnatova zat\u00edm nelze vystopovat ani \u017e\u00e1dn\u00e9 jeho z\u00e1rodky.<\/p>\n<p>Valerij Gerasimov je t\u0159\u00edda sama pro sebe. Pokud rozebereme jeho \u010diny od roku 2012 ve funkci n\u00e1\u010deln\u00edka rusk\u00e9ho gener\u00e1ln\u00edho \u0161t\u00e1bu, z\u016fstaneme z\u00edrat, jak jsou ve sv\u00fdch d\u016fsledc\u00edch rafinovan\u00e9:<\/p>\n<ol>\n<li>Gerasimov nejprve stvo\u0159il fenom\u00e9n \u201cGerasimovy doktr\u00edny hybridn\u00edch v\u00e1lek\u201d, a podle n\u00ed se staly velk\u00e9 klasick\u00e9 arm\u00e1dy zastaral\u00fdmi, a budoucnost v\u00e1lek m\u011bla spo\u010d\u00edvat pouze v mal\u00fdch specializovan\u00fdch sil\u00e1ch bleskov\u00fdch a hybridn\u00edch operac\u00ed. Z\u00e1padn\u00ed generalita tomuto Gerasimovu prvn\u00edmu triku, jak p\u0159ipravit \u00fasp\u011b\u0161nou ruskou v\u00e1lku na Ukrajin\u011b, ihned sedla na lep, a byla celou doktr\u00ednou doslova jako posedl\u00e1. \u010cetla v\u0161e, co cht\u011bla \u010d\u00edst. Arm\u00e1dy budou nap\u0159\u00ed\u0161t\u011b mal\u00e9 a profesion\u00e1ln\u00ed = u\u0161et\u0159\u00ed se! Arm\u00e1dy budou pot\u0159ebovat pouze m\u00e1lo d\u011bl, tank\u016f a p\u011bchoty = mohou se ze sklad\u016f rozprodat v\u00e1le\u010dn\u00e9 z\u00e1soby, a zna\u010dn\u011b zredukovat n\u00e1klady na vojenskou infrastrukturu!<\/li>\n<li>Jakmile Gerasimov svoji doktr\u00ednu jako n\u00e1vykovou drogu roz\u0161\u00ed\u0159il do hlav z\u00e1padn\u00edch vojensk\u00fdch a politick\u00fdch hlavoun\u016f, p\u0159istoupil ke druh\u00e9mu kroku. Zredukoval ruskou arm\u00e1du redukc\u00ed povinn\u00e9 slu\u017eby, najal prvn\u00ed stovku tis\u00edc vojensk\u00fdch \u017eoldn\u00e9\u0159\u016f, ale absolutn\u00ed v\u011bt\u0161inu nad\u00e1le nepot\u0159ebn\u00fdch sov\u011btsk\u00fdch zbran\u00ed poschov\u00e1val do sklad\u016f a nechal reziv\u011bt! Z\u00e1padn\u00ed hlavy j\u00e1saly: S tak malou arm\u00e1dou Rusko nikdy nem\u016f\u017ee za\u00fato\u010dit na NATO! A jaly se vyprazd\u0148ovat za nad\u0161en\u00e9ho ryku politik\u016f sv\u00e9 sklady, aby za utr\u017een\u00e9 miliardy sanovaly vojensk\u00e9 rozpo\u010dty, a l\u00e1taly nejr\u016fzn\u011bj\u0161\u00ed d\u00edry ve sv\u00fdch st\u00e1tn\u00edch rozpo\u010dtech. Vojensk\u00e1 produkce NATO zem\u00ed EU spadla na tak\u0159ka nulovou \u00farove\u0148, voj\u00e1ci za\u010dali m\u00edt platy ni\u017e\u0161\u00ed ne\u017e civilist\u00e9, a arm\u00e1dy NATO EU st\u00e1rly, a st\u00e1rly.<\/li>\n<li>Ve t\u0159et\u00edm kroku Gerasimov v letech 2014 a 2015 p\u0159esn\u011b podle \u201cGerasimovy doktr\u00edny\u201d obsadil malou hybridn\u00ed operac\u00ed Krym, a zachr\u00e1nil Rebely v Don\u011bcku a Luhansku p\u0159ed likvidac\u00ed. Z\u00e1padn\u00ed hlavy j\u00e1saly = Rusko nebuduje s\u00edly, aby obsadilo Ukrajinu, a pohltilo ji do sv\u00e9 z\u00f3ny vlivu. A zcela p\u0159ehl\u00e9dly logiku, \u017ee Gerasimov tak jednak pouze \u00fa\u010delov\u011b zvy\u0161oval n\u00e1vykovost drogy sv\u00e9 fale\u0161n\u00e9 doktr\u00edny v z\u00e1padn\u00edch vojensk\u00fdch a politick\u00fdch hlav\u00e1ch, aby je navykl na pocit, \u017ee velk\u00e9 arm\u00e1dy jsou u\u017e minulost\u00ed, a \u017ee tehdy musel jednat krajn\u011b zdr\u017eenliv\u011b, aby odd\u00e1lil cel\u00fd konflikt a\u017e na dobu, kdy \u010c\u00edna dosp\u011bje, a bude moci Rusku poskytnout ekonomick\u00fd a politick\u00fd \u0161t\u00edt.<\/li>\n<li>Ve \u010dtvrt\u00e9m kroku v letech 2015 a\u017e 2021 Gerasimov tr\u00e9noval sv\u00e1 vojska na syrsk\u00e9m cvi\u010di\u0161ti v nov\u00fdch zp\u016fsobech boje, zmodernizoval rusk\u00e9 REB a PVO rakety a \u00fadern\u00e9 rakety na fantastickou \u00farove\u0148, a nechal vyslat W\u00e1gnerovy tlupy do Afriky p\u0159edst\u00edrat, \u017ee Gerasimova doktr\u00edna hybridn\u00edch v\u00e1lek je opravdu rusk\u00e1 vojensk\u00e1 doktr\u00edna.<\/li>\n<li>V p\u00e1t\u00e9m kroku vyp\u00e1lil podle star\u00e9 anglick\u00e9 strategie \u201cArm\u00e1da je jen d\u011blov\u00e1 koule vyp\u00e1len\u00e1 anglick\u00fdm lo\u010fstvem\u201d svoji 1. tankovou arm\u00e1du a v\u00fdsadk\u00e1\u0159e na Kyjev, a n\u00e1mo\u0159n\u00edky a v\u00fdsadk\u00e1\u0159e p\u0159es Cherson na Od\u011bsu, aby z\u00e1padn\u00ed hlavy utvrdil, \u017ee Gerasimova doktr\u00edna mal\u00fdch \u00fadern\u00fdch arm\u00e1d plat\u00ed, a ob\u011btoval tak ob\u011b sv\u00e9 d\u011blov\u00e9 koule za rozvr\u00e1cen\u00ed a pozdr\u017een\u00ed prvn\u00ed vlny ukrajinsk\u00e9 mobilizace, aby v z\u00edskan\u00e9m \u010dase mohli Rusov\u00e9 dob\u00fdt a opevnit cel\u00e9 ji\u017en\u00ed pob\u0159e\u017e\u00ed Azovsk\u00e9ho mo\u0159e, a\u017e ke Dn\u011bpru. Z\u00e1padn\u00ed hlavy op\u011bt nic nepochopily, a vyzbrojily rychle Ukrajince, a vrhly je proti rusk\u00fdm d\u011blov\u00fdm koul\u00edm. Kyjevsk\u00e9 koule zd\u00e1nliv\u011b v panice uprchly do Ruska, a Od\u011bsk\u00e9 koule tvo\u0159en\u00e9 nejelitn\u011bj\u0161\u00edmi Teplinsk\u00e9ho v\u00fdsadk\u00e1\u0159i se stoicky zakopaly a pou\u0161t\u011bly Ukrajinc\u016fm krut\u011b \u017eilou, dokud Pentagon Zalu\u017en\u00e9mu neprozradil, co je \u0161est\u00fdm krokem Gerasimova pl\u00e1nu, a nevyslal je k jeho spln\u011bn\u00ed!<\/li>\n<li>V \u0161est\u00e9m kroku Ukrajinci posedl\u00ed fantastick\u00fdmi informacemi od Ameri\u010dan\u016f p\u0159estali p\u00e1chat sebevra\u017eedn\u00e9 \u00fatoky proti Teplinsk\u00e9ho v\u00fdsadk\u00e1\u0159\u016fm v marn\u00e9 snaze zahnat je do Dn\u011bpru, (Hnatov!), a vtrhli na nechr\u00e1n\u011bn\u00e9 \u00fazem\u00ed ji\u017en\u011b a v\u00fdchodn\u011b od Charkova, a za\u010daly rozh\u00e1n\u011bt tamn\u00ed nepo\u010detn\u00e9 kontingenty v\u0161elik\u00fdch koz\u00e1k\u016f, dobrovoln\u00edk\u016f a rebel\u016f, a zcela p\u0159itom op\u011bt p\u0159ehl\u00e9dli, \u017ee jejich rychl\u00fd postup \u00fapln\u011b ned\u016fle\u017eit\u00fdm \u00fazem\u00edm, kter\u00e9 osvobozuj\u00ed, m\u00e1 jen Gerasimovovi umo\u017enit mobilizovat voj\u00e1ky pro velkou arm\u00e1du, kterou pro v\u00e1lku nutn\u011b pot\u0159ebuje, ale o n\u00ed\u017e v\u017edy rafinovan\u011b tvrdil, \u017ee j\u00ed nikdy nebude t\u0159eba. A rusk\u00e1 arm\u00e1da povstala do sv\u00e9 velikosti, a zbran\u011b a techniku vytahala ze sklad\u016f, proto\u017ee sklady na rozd\u00edl od NATO EU a Ukrajiny Gerasimov nikdy nerozprodal!<\/li>\n<li>V sedm\u00e9m kroku musel Gerasimov z\u00edskat \u010das, ne\u017e mobilizovan\u00ed, a dobrovoln\u00edci za luxusn\u00ed \u017eold, se nevycvi\u010d\u00ed v pou\u017e\u00edv\u00e1n\u00ed zbran\u00ed a techniky, a jednotky se nesecvi\u010d\u00ed! V\u00fdcvik musel trvat n\u011bkolik m\u011bs\u00edc\u016f, a Ukrajinci byli tou dobou v r\u00e1\u017ei, a hladov\u00ed nov\u00fdch \u00fasp\u011bch\u016f. Le\u010d Gerasimov vyt\u00e1hnul \u017eol\u00edka, a kucha\u0159 Prigo\u017ein se pustil do pr\u00e1ce. Mal\u00e9 j\u00e1dro sv\u00fdch profesion\u00e1ln\u00edch hrdlo\u0159ez\u016f s letitou prax\u00ed ve v\u00e1le\u010dn\u00ed v \u0159ad\u011b zem\u00ed doplnil desetitis\u00edci zlo\u010dinci. Ti za p\u0159\u00edslib svobody a rubl\u016f vyrazili na Bachmut a Soledar a ob\u011b m\u011bsta prom\u011bnili ve ml\u00fdnek na rusk\u00e9 a ukrajinsk\u00e9 maso. Le\u010d Rusov\u00e9 m\u011bnili krev nevycvi\u010den\u00fdch zlo\u010dinc\u016f za krev nejelitn\u011bj\u0161\u00edch ukrajinsk\u00fdch profesion\u00e1l\u016f z t\u011bch nejlep\u0161\u00edch jednotek. Ukrajince hnal do ml\u00fdnku Hnatov! V\u00fdsledek operace p\u0159ed\u010dil Gerasimovy z\u00e1m\u011bry. Bachmut, m\u011bsto postr\u00e1daj\u00edc\u00ed i ten nejmen\u0161\u00ed obrann\u00fd ter\u00e9nn\u00ed reli\u00e9f se stalo branou do pekla t\u011bm nejlep\u0161\u00edm Ukrajinsk\u00fdm voj\u00e1k\u016fm, a to a\u010dkoli za Bachmutem le\u017e\u00ed \u010casyv Jar, a ten m\u00e1 jeden z nejlep\u0161\u00edch obrann\u00fdch ter\u00e9nn\u00edch reli\u00e9f\u016f na Ukrajin\u011b, dokonce na v\u00fd\u0161in\u011b za \u0161irok\u00fdm vodn\u00edm kan\u00e1lem! Naprosto tup\u00fd Hnatov nahnal elitu ukrajinsk\u00e9 arm\u00e1dy na smrt, a je\u0161t\u011b se chlubil, \u017ee zastavil Prigo\u017eina. Le\u010d zastavil jen st\u00e1do rusk\u00fdch krimin\u00e1ln\u00edk\u016f, jejich\u017e \u017eivoty byly vym\u011bn\u011bny za \u017eivoty ukrajinsk\u00fdch profesion\u00e1l\u016f! Hnatov nikdy nepochopil, co Gerasimov u\u017e v rann\u00e9m ml\u00e1d\u00ed nastudoval \u2013 \u017eivoty gardy se nikdy nem\u011bn\u00ed za \u017eivoty trestn\u00edch prapor\u016f, t\u00edm sp\u00ed\u0161 p\u0159ed apogeem bitvy! Kdy\u017e po ml\u00fdnku na Ukrajince u Bachmutu vyrazil gener\u00e1l Zalu\u017enyj do sv\u00e9 ofenz\u00edvy, netknut\u00e1, dopln\u011bn\u00e1 a odpo\u010dinut\u00e1 rusk\u00e1 garda na n\u011bj \u010dekala, a on m\u011bl v\u0161echny profesion\u00e1ly poh\u0159ben\u00e9 Hnatovem v Bachmutu a Soledaru, a do \u00fatoku musel nahnat zmobilizovan\u00e9 zelen\u00e1\u010de! Gerasimov si mnul ruce. P\u0159i\u0161el \u010das na dal\u0161\u00ed krok! O n\u011bm v p\u0159\u00ed\u0161t\u00ed anal\u00fdze. Je 5 r\u00e1no, d\u00e1l se nedostanu. D\u011bkuji za pochopen\u00ed, a napi\u0161te mi na mail, tohle je pon\u011bkud zaj\u00edmav\u00e1 anal\u00fdza, a m\u011bl bych r\u00e1d zp\u011btnou vazbu, abych ve druh\u00e9 \u010d\u00e1sti mohl reagovat na p\u0159\u00edpadn\u00e9 dotazy.<\/li>\n<\/ol>\n<p><a href=\"https:\/\/www.michalapetr.com\/map-2246-novy-ukrajinsky-nacelnik-generalniho-stabu-andrij-hnatov-srovnani-s-jeho-protejskem-generalem-valerijem-gerasimovem-i-cast\/\">Michael Svato\u0161<\/a><\/p>\n<p><img decoding=\"async\" loading=\"lazy\" class=\"alignnone size-full wp-image-27204\" src=\"http:\/\/www.infokuryr.cz\/n\/wp-content\/uploads\/2023\/05\/Michael_Svatos.png\" alt=\"\" width=\"180\" height=\"180\" srcset=\"https:\/\/www.infokuryr.cz\/n\/wp-content\/uploads\/2023\/05\/Michael_Svatos.png 180w, https:\/\/www.infokuryr.cz\/n\/wp-content\/uploads\/2023\/05\/Michael_Svatos-150x150.png 150w\" sizes=\"(max-width: 180px) 100vw, 180px\" \/><\/p>\n<p><img decoding=\"async\" loading=\"lazy\" class=\"wp-image-73173 aligncenter\" src=\"http:\/\/www.infokuryr.cz\/n\/wp-content\/uploads\/2025\/02\/demonstrace-08-05-2025-209x300.jpg\" alt=\"\" width=\"568\" height=\"815\" srcset=\"https:\/\/www.infokuryr.cz\/n\/wp-content\/uploads\/2025\/02\/demonstrace-08-05-2025-209x300.jpg 209w, https:\/\/www.infokuryr.cz\/n\/wp-content\/uploads\/2025\/02\/demonstrace-08-05-2025-713x1024.jpg 713w, https:\/\/www.infokuryr.cz\/n\/wp-content\/uploads\/2025\/02\/demonstrace-08-05-2025-768x1103.jpg 768w, https:\/\/www.infokuryr.cz\/n\/wp-content\/uploads\/2025\/02\/demonstrace-08-05-2025.jpg 891w\" sizes=\"(max-width: 568px) 100vw, 568px\" \/><\/p>\n<p>&nbsp;<\/p>\n","protected":false},"excerpt":{"rendered":"<p>Nov\u00fd ukrajinsk\u00fd n\u00e1\u010deln\u00edk gener\u00e1ln\u00edho \u0161t\u00e1bu Andrij Hnatov, srovn\u00e1n\u00ed s jeho prot\u011bj\u0161kem gener\u00e1lem Valerijem Gerasimovem! I&#8230;.<\/p>\n","protected":false},"author":2,"featured_media":74323,"comment_status":"closed","ping_status":"closed","sticky":false,"template":"","format":"standard","meta":[],"categories":[6],"tags":[1042,80,6233,26],"_links":{"self":[{"href":"https:\/\/www.infokuryr.cz\/n\/wp-json\/wp\/v2\/posts\/74322"}],"collection":[{"href":"https:\/\/www.infokuryr.cz\/n\/wp-json\/wp\/v2\/posts"}],"about":[{"href":"https:\/\/www.infokuryr.cz\/n\/wp-json\/wp\/v2\/types\/post"}],"author":[{"embeddable":true,"href":"https:\/\/www.infokuryr.cz\/n\/wp-json\/wp\/v2\/users\/2"}],"replies":[{"embeddable":true,"href":"https:\/\/www.infokuryr.cz\/n\/wp-json\/wp\/v2\/comments?post=74322"}],"version-history":[{"count":0,"href":"https:\/\/www.infokuryr.cz\/n\/wp-json\/wp\/v2\/posts\/74322\/revisions"}],"wp:featuredmedia":[{"embeddable":true,"href":"https:\/\/www.infokuryr.cz\/n\/wp-json\/wp\/v2\/media\/74323"}],"wp:attachment":[{"href":"https:\/\/www.infokuryr.cz\/n\/wp-json\/wp\/v2\/media?parent=74322"}],"wp:term":[{"taxonomy":"category","embeddable":true,"href":"https:\/\/www.infokuryr.cz\/n\/wp-json\/wp\/v2\/categories?post=74322"},{"taxonomy":"post_tag","embeddable":true,"href":"https:\/\/www.infokuryr.cz\/n\/wp-json\/wp\/v2\/tags?post=74322"}],"curies":[{"name":"wp","href":"https:\/\/api.w.org\/{rel}","templated":true}]}}