{"id":74314,"date":"2025-03-17T06:26:45","date_gmt":"2025-03-17T05:26:45","guid":{"rendered":"https:\/\/www.infokuryr.cz\/n\/?p=74314"},"modified":"2025-03-17T06:26:45","modified_gmt":"2025-03-17T05:26:45","slug":"kyjev-odmitl-putinovu-nabidku-na-milost-pro-vojaky-v-kursku","status":"publish","type":"post","link":"https:\/\/www.infokuryr.cz\/n\/2025\/03\/17\/kyjev-odmitl-putinovu-nabidku-na-milost-pro-vojaky-v-kursku\/","title":{"rendered":"Kyjev odm\u00edtl Putinovu nab\u00eddku na milost pro voj\u00e1ky v Kursku"},"content":{"rendered":"<div id=\"fb-root\"><\/div>\n<h3>Rusk\u00fd prezident Vladimir Putin nab\u00eddl obkl\u00ed\u010den\u00fdm ukrajinsk\u00fdm jednotk\u00e1m v oblasti \u0161anci kapitulovat a zachr\u00e1nit si tak \u017eivoty<\/h3>\n<p><span>Ukrajinsk\u00e9 s\u00edly v rusk\u00e9 Kursk\u00e9 oblasti budou pokra\u010dovat ve sv\u00fdch operac\u00edch, prohl\u00e1sil ukrajinsk\u00fd ministr zahrani\u010d\u00ed Andrey Sibiga v sobotn\u00edm rozhovoru navzdory tomu, \u017ee voj\u00e1ci jsou podle Moskvy i Washingtonu z velk\u00e9 \u010d\u00e1sti obkl\u00ed\u010deni.<\/span><\/p>\n<p><span>V rozhovoru s japonskou NHK Sibiga tvrdil, \u017ee Kyjev dos\u00e1hl sv\u00fdch hlavn\u00edch c\u00edl\u016f v ofenziv\u011b, ale pokra\u010duj\u00edc\u00ed p\u0159\u00edtomnost na rusk\u00e9m \u00fazem\u00ed vid\u00ed jako p\u00e1ku v budouc\u00edch m\u00edrov\u00fdch jedn\u00e1n\u00edch.<\/span><\/p>\n<p><span>Ukrajina zah\u00e1jila svou invazi p\u0159es mezin\u00e1rodn\u011b uzn\u00e1vanou ruskou hranici do Kursk\u00e9 oblasti loni v srpnu, p\u0159i\u010dem\u017e dobyla m\u011bsto Sud\u017ea a \u010detn\u00e9 vesnice. Rusk\u00e1 arm\u00e1da v\u0161ak postup rychle zastavila a od t\u00e9 doby znovu z\u00edsk\u00e1v\u00e1 ztracen\u00e9 pozice. N\u00e1\u010deln\u00edk rusk\u00e9ho gener\u00e1ln\u00edho \u0161t\u00e1bu Valerij Gerasimov ve st\u0159edu \u0159ekl, \u017ee 86 % \u00fazem\u00ed, kter\u00e9 p\u0159edt\u00edm okupovaly ukrajinsk\u00e9 s\u00edly, bylo znovu dobyto, tak\u017ee zb\u00fdvaj\u00edc\u00ed voj\u00e1ci z\u016fstali\u00a0<\/span><em><span>\u201eobkl\u00ed\u010deni\u201c<\/span><\/em><span>\u00a0a\u00a0<\/span><em><span>\u201eizolov\u00e1ni\u201c.<\/span><\/em><\/p>\n<p><em><span>\u201eJak ofici\u00e1ln\u011b ozn\u00e1mil gener\u00e1l [Aleksandr] Syrsky, pokra\u010dujeme v operaci v Kursk\u00e9 oblasti a budeme v tom pokra\u010dovat,\u201c<\/span><\/em><span>\u00a0prohl\u00e1sil Sibiga.<\/span><\/p>\n<p><em><span>\u201eOperace v Kursk\u00e9 oblasti je d\u016fle\u017eit\u00fdm faktorem a kl\u00ed\u010dov\u00fdm bodem diskuse v budouc\u00edch m\u00edrov\u00fdch jedn\u00e1n\u00edch,\u201c<\/span><\/em><span>\u00a0dodal.<\/span><\/p>\n<p><span>Osudem ukrajinsk\u00fdch jednotek bojuj\u00edc\u00edch v Kursku se za\u010d\u00e1tkem tohoto t\u00fddne zab\u00fdval rusk\u00fd prezident Vladimir Putin. Na tiskov\u00e9 konferenci ve \u010dtvrtek \u0159ekl, \u017ee je otev\u0159en\u00fd my\u0161lence 30denn\u00edho p\u0159\u00edm\u011b\u0159\u00ed navr\u017een\u00e9ho Washingtonem a Kyjevem na jejich ned\u00e1vn\u00fdch rozhovorech v Sa\u00fadsk\u00e9 Ar\u00e1bii, ale zd\u016fraznil, \u017ee ot\u00e1zka invazn\u00edch sil mus\u00ed b\u00fdt mimo jin\u00e9 vy\u0159e\u0161ena, ne\u017e bude moci Moskva souhlasit.<\/span><\/p>\n<p><span>Americk\u00fd prezident Donald Trump v p\u00e1tek uznal, \u017ee\u00a0<\/span><em><span>\u201etis\u00edce ukrajinsk\u00fdch voj\u00e1k\u016f jsou zcela obkl\u00ed\u010deny ruskou arm\u00e1dou a jsou ve velmi \u0161patn\u00e9 a zraniteln\u00e9 pozici\u201c<\/span><\/em><span>\u00a0v Kursk\u00e9 oblasti, a vyzval Moskvu, aby\u00a0<\/span><em><span>\u201eu\u0161et\u0159ila\u201c<\/span><\/em><span>\u00a0jejich \u017eivoty. Putin v reakci na to nab\u00eddl voj\u00e1k\u016fm zaru\u010denou bezpe\u010dnost a milosrdn\u00e9 zach\u00e1zen\u00ed, pokud se vzdaj\u00ed.<\/span><\/p>\n<p><span>Kyjev mezit\u00edm rozhodn\u011b pop\u00edr\u00e1, \u017ee jeho s\u00edly v Kursk\u00e9 oblasti jsou obkl\u00ed\u010deny. V sobotn\u00edm p\u0159\u00edsp\u011bvku na Telegramu ukrajinsk\u00fd v\u016fdce Vladimir Zelenskij uznal, \u017ee situace v oblasti je\u00a0pro Ukrajinu\u00a0<\/span><em><span>\u201eobt\u00ed\u017en\u00e1\u201c, ale uvedl, \u017ee\u00a0<\/span><\/em><em><span>\u201ena\u0161i voj\u00e1ci nejsou obkl\u00ed\u010deni\u201c.<\/span><\/em><\/p>\n<p><img decoding=\"async\" loading=\"lazy\" class=\"alignnone size-full wp-image-71983\" src=\"http:\/\/www.infokuryr.cz\/n\/wp-content\/uploads\/2025\/02\/aaa.jpg\" alt=\"\" width=\"89\" height=\"23\" \/><\/p>\n<p>&nbsp;<\/p>\n","protected":false},"excerpt":{"rendered":"<p>Rusk\u00fd prezident Vladimir Putin nab\u00eddl obkl\u00ed\u010den\u00fdm ukrajinsk\u00fdm jednotk\u00e1m v oblasti \u0161anci kapitulovat a zachr\u00e1nit si&#8230;<\/p>\n","protected":false},"author":2,"featured_media":74315,"comment_status":"closed","ping_status":"closed","sticky":false,"template":"","format":"standard","meta":[],"categories":[7],"tags":[221,4582,102,321],"_links":{"self":[{"href":"https:\/\/www.infokuryr.cz\/n\/wp-json\/wp\/v2\/posts\/74314"}],"collection":[{"href":"https:\/\/www.infokuryr.cz\/n\/wp-json\/wp\/v2\/posts"}],"about":[{"href":"https:\/\/www.infokuryr.cz\/n\/wp-json\/wp\/v2\/types\/post"}],"author":[{"embeddable":true,"href":"https:\/\/www.infokuryr.cz\/n\/wp-json\/wp\/v2\/users\/2"}],"replies":[{"embeddable":true,"href":"https:\/\/www.infokuryr.cz\/n\/wp-json\/wp\/v2\/comments?post=74314"}],"version-history":[{"count":0,"href":"https:\/\/www.infokuryr.cz\/n\/wp-json\/wp\/v2\/posts\/74314\/revisions"}],"wp:featuredmedia":[{"embeddable":true,"href":"https:\/\/www.infokuryr.cz\/n\/wp-json\/wp\/v2\/media\/74315"}],"wp:attachment":[{"href":"https:\/\/www.infokuryr.cz\/n\/wp-json\/wp\/v2\/media?parent=74314"}],"wp:term":[{"taxonomy":"category","embeddable":true,"href":"https:\/\/www.infokuryr.cz\/n\/wp-json\/wp\/v2\/categories?post=74314"},{"taxonomy":"post_tag","embeddable":true,"href":"https:\/\/www.infokuryr.cz\/n\/wp-json\/wp\/v2\/tags?post=74314"}],"curies":[{"name":"wp","href":"https:\/\/api.w.org\/{rel}","templated":true}]}}