{"id":74308,"date":"2025-03-17T06:09:55","date_gmt":"2025-03-17T05:09:55","guid":{"rendered":"https:\/\/www.infokuryr.cz\/n\/?p=74308"},"modified":"2025-03-17T06:09:55","modified_gmt":"2025-03-17T05:09:55","slug":"ukrajinsky-generalni-stab-priznal-stazeni-afu-ze-sudzi","status":"publish","type":"post","link":"https:\/\/www.infokuryr.cz\/n\/2025\/03\/17\/ukrajinsky-generalni-stab-priznal-stazeni-afu-ze-sudzi\/","title":{"rendered":"Ukrajinsk\u00fd gener\u00e1ln\u00ed \u0161t\u00e1b p\u0159iznal sta\u017een\u00ed AFU ze Sud\u017ei&#8230;"},"content":{"rendered":"<div id=\"fb-root\"><\/div>\n<h4>Ukrajinsk\u00fd gener\u00e1ln\u00ed \u0161t\u00e1b p\u0159iznal sta\u017een\u00ed AFU ze Sud\u017ei a legend\u00e1rn\u00ed prodejna diskontu je u\u017e rovn\u011b\u017e osvobozena! Vladimir Putin vzk\u00e1zal Trumpovi, \u017ee u\u0161et\u0159\u00ed \u017eivoty obkl\u00ed\u010den\u00fdch voj\u00e1k\u016f AFU, kdy\u017e slo\u017e\u00ed zbran\u011b a vzdaj\u00ed se! Mezit\u00edm unikl seznam s ukrajinsk\u00fdmi nep\u0159ekro\u010diteln\u00fdmi \u010darami pro m\u00edrov\u00e1 vyjedn\u00e1v\u00e1n\u00ed! Trump nebude m\u00edt radost!<\/h4>\n<p>Ub\u011bhl v\u00edce ne\u017e t\u00fdden od zah\u00e1jen\u00ed rusk\u00e9 potrubn\u00ed invaze do Sud\u017ei a teprve nyn\u00ed kone\u010dn\u011b a po n\u00e1tlaku Washingtonu p\u0159iznal\u00a0<strong>[<a href=\"https:\/\/href.li\/?https:\/\/www.kyivpost.com\/post\/49011\" target=\"_blank\" rel=\"nofollow noopener\">1<\/a>]<\/strong>\u00a0ukrajinsk\u00fd gener\u00e1ln\u00ed \u0161t\u00e1b, \u017ee se ukrajinsk\u00e1 arm\u00e1da (AFU) st\u00e1hla ze Sud\u017ei, p\u0159i\u010dem\u017e je\u0161t\u011b o v\u00edkendu vypou\u0161t\u011bl Zelensk\u00fd dezinformace, \u017ee ukrajin\u0161t\u00ed voj\u00e1ci jsou ve m\u011bst\u011b a cel\u00e1 ta rusk\u00e1 potrubn\u00ed operace je pr\u00fd propaganda.<\/p>\n<p>Kyjev byl nucen v ned\u011bli sta\u017een\u00ed AFU ze Sud\u017ei p\u0159iznat, a to ne dobrovoln\u011b, ale po v\u00edkendov\u00e9m n\u00e1tlaku americk\u00e9 strany, kter\u00e1 chce Kyjev donutit k podpisu kapitulace, kter\u00e1 je ale na ve\u0159ejnosti \u00fazkostliv\u011b naz\u00fdv\u00e1na jako \u201c<em>m\u00edrov\u00e1 smlouva<\/em>\u201d a v\u0161ichni se tv\u00e1\u0159\u00ed, \u017ee nic ne\u017e m\u00edr je nezaj\u00edm\u00e1.\u00a0<strong>P\u00e9\u010de o kapitulaci\/m\u00edr je tak zna\u010dn\u00e1, \u017ee Donald Trump dokonce v p\u00e1tek poprosil Putina, aby nezab\u00edjel obkl\u00ed\u010den\u00e9 ukrajinsk\u00e9 voj\u00e1ky v Kursk\u00e9 oblasti.<\/strong>\u00a0Prost\u011b z\u00e1padn\u00ed ta\u017een\u00ed se m\u011bn\u00ed pro Ukrajinu a NATO v debakl.<\/p>\n<p>&nbsp;<\/p>\n<div id=\"rumble_v6oin0s\">\n<div id=\"vid_v6oin0s\" class=\"rumble_v6oin0s-Rumble-cls\" tabindex=\"-1\">\n<div class=\"bigPlayUI ctp\"><div class='videoWrapper'>\r\n\t            <iframe src='https:\/\/rumble.com\/embed\/pj.v6oin0s\/' frameborder='0' allowfullscreen><\/iframe>\r\n\t        <\/div><\/p>\n<div class=\"bigPlayUIInner ctp\"><\/div>\n<\/div>\n<\/div>\n<\/div>\n<p>&nbsp;<\/p>\n<p>Vladimir Putin odpov\u011bd\u011bl Donaldu Trumpovi, \u017ee tito voj\u00e1ci AFU se v Kursk\u00e9 oblasti dopustili na civiln\u00edm obyvatelstvu v\u00e1le\u010dn\u00fdch zlo\u010din\u016f a rusk\u00e1 gener\u00e1ln\u00ed prokuratura je obvinila z terorismu. Nicm\u00e9n\u011b z humanit\u00e1rn\u00edch d\u016fvod\u016f je pr\u00fd Rusko p\u0159ipraveno je uznat jako v\u00e1le\u010dn\u00e9 zajatce, pokud slo\u017e\u00ed zbran\u011b a vzdaj\u00ed se. Tohle se v\u0161ak t\u00fdk\u00e1 jen mal\u00e9 \u010d\u00e1sti voj\u00e1k\u016f AFU.<\/p>\n<p>Do operace v Kursk\u00e9 oblasti toti\u017e Kyjev v srpnu lo\u0148sk\u00e9ho roku nasadil zbytky elitn\u00edch brig\u00e1d AFU, kter\u00e9 byly doslova nacpan\u00e9 k prasknut\u00ed t\u011bmi nejv\u011bt\u0161\u00edmi n\u00e1cky a banderovci, kter\u00e9 Ukrajina porodila, a i kdy\u017e jich za 7 m\u011bs\u00edc\u016f v oblasti za\u0159valo p\u0159es 67 000, tak st\u00e1le platilo, \u017ee Kyjev do oblasti pos\u00edlal pr\u00e1v\u011b to \u201c<em>lep\u0161\u00ed<\/em>\u201c, co mu z\u016fstalo, tedy ideov\u00e9 rusofoby pln\u00fdch nen\u00e1visti k Rus\u016fm a s ochotou zab\u00edjet, hlavn\u011b rusk\u00e9 civilisty.<\/p>\n<h3>Pjatero\u010dka zdemolovan\u00e1, vyrabovan\u00e1, ale osvobozen\u00e1<\/h3>\n<p>A nyn\u00ed jich m\u016f\u017ee b\u00fdt v Kursk\u00e9 oblasti roztrou\u0161eno, nikoliv obkl\u00ed\u010deno, skoro 10 000. Jen\u017ee, na tom nez\u00e1le\u017e\u00ed, jak to nazveme, jestli obkl\u00ed\u010den\u00edm nebo roztrou\u0161en\u00edm, nebo ponech\u00e1n\u00edm voj\u00e1k\u016f sv\u00e9mu osudu. O v\u00edkendu unikla informace, \u017ee v Kursk\u00e9 oblasti se pr\u00fd nach\u00e1z\u00ed v obkl\u00ed\u010den\u00ed a\u017e 30 d\u016fstojn\u00edk\u016f ze zem\u00ed NATO, kte\u0159\u00ed maj\u00ed nebo m\u011bli na sob\u011b ukrajinsk\u00e9 uniformy b\u011bhem Kursk\u00e9 operace. Informaci v ned\u011bli p\u0159inesla\u00a0<strong>[<a href=\"https:\/\/href.li\/?https:\/\/ria.ru\/20250316\/okruzhenie-2005316102.html\" target=\"_blank\" rel=\"nofollow noopener\">2<\/a>]<\/strong>\u00a0RIA Novosti.<\/p>\n<p><strong>Informaci dlouhodob\u011b potvrzovala i rusk\u00e1 vojensk\u00e1 rozv\u011bdka GRU, kter\u00e1 cel\u00fdch 7 m\u011bs\u00edc\u016f zachyt\u00e1vala na vys\u00edla\u010dk\u00e1ch zcela jasn\u00e9 komunikace v dokonal\u00e9 a rodil\u00e9 angli\u010dtin\u011b a odpov\u011bdi v l\u00e1man\u00e9 ukrajinsk\u00e9 angli\u010dtin\u011b.<\/strong>\u00a0Z kontext\u016f vyplynulo, \u017ee povely vyd\u00e1vaj\u00ed velitel\u00e9 n\u011bkde v Kursk\u00e9 oblasti a nikoliv z \u00fazem\u00ed Ukrajiny. Kyjev se p\u0159itom sna\u017eil cel\u00fd kolaps tajit a je\u0161t\u011b v sobotu tvrdil, \u017ee AFU je v Sud\u017ei. Jen\u017ee, to samoz\u0159ejm\u011b nebyla pravda a rusk\u00e1 televize to potvrdila.<\/p>\n<p>&nbsp;<\/p>\n<div id=\"rumble_v6oinj2\">\n<div id=\"vid_v6oinj2\" class=\"rumble_v6oinj2-Rumble-cls\" tabindex=\"-1\">\n<div class=\"bigPlayUI ctp\"><div class='videoWrapper'>\r\n\t            <iframe src='https:\/\/rumble.com\/embed\/pj.v6oinj2\/' frameborder='0' allowfullscreen><\/iframe>\r\n\t        <\/div><\/p>\n<div class=\"bigPlayUIInner ctp\"><\/div>\n<\/div>\n<\/div>\n<\/div>\n<p>&nbsp;<\/p>\n<p>Rusk\u00e1 RT p\u0159inesla report\u00e1\u017e ze z\u00e1padn\u00edho p\u0159edm\u011bst\u00ed Sud\u017ei ze \u010dtvrti Zaole\u0161ensk\u00fd, kde se nach\u00e1z\u00ed\u00a0<strong>[<a href=\"https:\/\/href.li\/?https:\/\/www.google.com\/maps\/@51.1999072,35.2478237,3a,75y,330.64h,94.37t\/data=!3m8!1e1!3m6!1sAF1QipNSYJa6iGBDT3znkRAL91sHAsyMse2mwJll2s8z!2e10!3e11!6shttps:%2F%2Flh3.googleusercontent.com%2Fp%2FAF1QipNSYJa6iGBDT3znkRAL91sHAsyMse2mwJll2s8z%3Dw900-h600-k-no-pi-4.374974989423862-ya260.35246433017807-ro0-fo100!7i5376!8i2688?entry=ttu&amp;g_ep=EgoyMDI1MDMxMi4wIKXMDSoASAFQAw%3D%3D\" target=\"_blank\" rel=\"nofollow noopener\">3<\/a>]<\/strong>\u00a0legend\u00e1rn\u00ed prodejna diskontu P\u011btka (Pjatero\u010dka), kter\u00e1 se stala poutn\u00edm m\u00edstem pro ukrajinsk\u00e9 voj\u00e1ky na cest\u011b na pozice v Kursk\u00e9 oblasti a ve vyrabovan\u00e9 prodejn\u011b se fotili a nat\u00e1\u010deli videa. Cel\u00e1 budova je pomalovan\u00e1 a popsan\u00e1 vulg\u00e1rn\u00edmi vzkazy Rus\u016fm a cel\u00fd vnit\u0159ek je zdemolovan\u00fd. Nicm\u00e9n\u011b ve m\u011bst\u011b u\u017e Ukrajinci nejsou, pouze m\u011bsto nad\u00e1le \u010del\u00ed raketov\u00fdm a dronov\u00fdm \u00fatok\u016fm.<\/p>\n<p>Pokud jde o invazi AFU do Kursk\u00e9 oblasti, ta byla pl\u00e1nov\u00e1na s britskou pomoc\u00ed, a je tedy vysoce pravd\u011bpodobn\u00e9, \u017ee Lond\u00fdn necht\u011bl, aby i tato operace byla zpack\u00e1na ukrajinsk\u00fdmi veliteli stejn\u011b jako o rok d\u0159\u00edve velk\u00e1 protiofenz\u00edva AFU v Z\u00e1poro\u017e\u00ed, tak\u017ee Lond\u00fdn vyslal na pozice velitel\u016f prapor\u016f a mo\u017en\u00e1 i men\u0161\u00edch \u010det do Kursk\u00e9 oblasti britsk\u00e9 d\u016fstojn\u00edky v uniform\u00e1ch a v hodnostech AFU.<\/p>\n<h3>Asi je u\u017e jasn\u00e9, pro\u010d Trump prosil Putina o smilov\u00e1n\u00ed, proto\u017ee v Kursku jsou v pasti brit\u0161t\u00ed a ameri\u010dt\u00ed velitel\u00e9 rot a \u010det Ukrajinc\u016f<\/h3>\n<p>A pr\u00e1v\u011b skute\u010dnost, \u017ee invazi pl\u00e1noval Lond\u00fdn, to potvrzuje, \u017ee ukrajin\u0161t\u00ed voj\u00e1ci v n\u011bkter\u00fdch p\u0159\u00edpadech m\u011bli nebo dokonce i te\u010f maj\u00ed ciz\u00ed velitele ze zem\u00ed NATO, z\u0159ejm\u011b z Velk\u00e9 Brit\u00e1nie. A dost mo\u017en\u00e1 i z USA. A vzhledem k tomu, \u017ee rusk\u00fd potrubn\u00ed p\u0159epad Sud\u017ei byl tak bleskov\u00fd a rychl\u00fd, tak je vysoce pravd\u011bpodobn\u00e9, \u017ee se n\u011bkter\u00e9 jednotky AFU pod velen\u00edm z\u00e1padn\u00edch velitel\u016f prost\u011b nestihly evakuovat a z\u016fst\u00e1vaj\u00ed za frontou v Kursk\u00e9 oblasti.<\/p>\n<p><strong>Pr\u00e1v\u011b proto Donald Trump u\u010dinil tak nezvyklou prosbu k Putinovi, proto\u017ee kv\u016fli n\u011bjak\u00fdm oby\u010dejn\u00fdm\u00a0<em>ukind\u00e1m<\/em>\u00a0by to ned\u011blal.<\/strong>\u00a0Opravdu se t\u00edm potvrzuje, \u017ee by v oblasti mohli z\u016fstat velitel\u00e9 z Velk\u00e9 Brit\u00e1nie nebo dokonce z USA.\u00a0Mimochodem, to je dal\u0161\u00ed v\u011bc, kterou Kyjev dosud nep\u0159izn\u00e1v\u00e1 a nad\u00e1le tvrd\u00ed, \u017ee jde o ruskou propagandu, \u017ee \u017e\u00e1dn\u00ed voj\u00e1ci AFU v Kursk\u00e9 oblasti obkl\u00ed\u010den\u00ed nejsou.<\/p>\n<figure id=\"attachment_62986\" class=\"wp-caption aligncenter\" style=\"width: 695px;\"><a href=\"https:\/\/aeronet.news\/wp-content\/uploads\/FrontLinesKursk16032025.jpg\"><img decoding=\"async\" loading=\"lazy\" class=\"wp-image-62986 \" src=\"https:\/\/aeronet.news\/wp-content\/uploads\/FrontLinesKursk16032025-1024x570.jpg\" sizes=\"(max-width: 700px) 100vw, 700px\" srcset=\"https:\/\/aeronet.news\/wp-content\/uploads\/FrontLinesKursk16032025-1024x570.jpg 1024w, https:\/\/aeronet.news\/wp-content\/uploads\/FrontLinesKursk16032025-300x167.jpg 300w, https:\/\/aeronet.news\/wp-content\/uploads\/FrontLinesKursk16032025-768x427.jpg 768w, https:\/\/aeronet.news\/wp-content\/uploads\/FrontLinesKursk16032025-700x389.jpg 700w, https:\/\/aeronet.news\/wp-content\/uploads\/FrontLinesKursk16032025-642x357.jpg 642w, https:\/\/aeronet.news\/wp-content\/uploads\/FrontLinesKursk16032025-868x483.jpg 868w, https:\/\/aeronet.news\/wp-content\/uploads\/FrontLinesKursk16032025.jpg 1280w\" alt=\"\" width=\"695\" height=\"387\" \/><\/a><figcaption class=\"wp-caption-text\">Rusk\u00e1 frontov\u00e1 linie ke dni 16. 3. 2025 v Kursk\u00e9 oblasti na hranici s Ukrajinou<\/figcaption><\/figure>\n<p>Jen\u017ee, to je p\u0159esn\u011b naopak. V Kursk\u00e9 oblasti toti\u017e AFU p\u016fsobila v r\u00e1mci diverzn\u00edch skupin samostatn\u011b zakopan\u00fdch na \u00fazem\u00ed Kursk\u00e9 oblasti a podle rusk\u00e9 arm\u00e1dy se nestihlo p\u011b\u0161ky evakuovat zp\u00e1tky na Ukrajinu asi 5 a\u017e 10 000 ukrajinsk\u00fdch voj\u00e1k\u016f, kte\u0159\u00ed se nyn\u00ed vzd\u00e1vaj\u00ed.<\/p>\n<p>Jin\u00ed se p\u0159evl\u00e9kaj\u00ed do civiln\u00edch \u0161at\u016f uko\u0159ist\u011bn\u00fdch v opu\u0161t\u011bn\u00fdch domech a chalup\u00e1ch v Kursk\u00e9 oblasti a sna\u017e\u00ed se jako civilist\u00e9 proj\u00edt skrze frontu jednou \u010di druhu stranou. Ti, kte\u0159\u00ed mluv\u00ed rusky, se sna\u017e\u00ed z\u00edskat cestu k p\u0159\u00edbuzn\u00fdm v Rusku, zat\u00edmco neonacist\u00e9 a banderov\u010diky ze strachu z rusk\u00e9ho vojensk\u00e9ho tribun\u00e1lu se sna\u017e\u00ed v civiln\u00edm oble\u010den\u00ed proklouznout zp\u00e1tky na Ukrajinu.<\/p>\n<h3>Do britsk\u00e9ho tisku unikly Zelensk\u00e9ho \u010derven\u00e9 \u010d\u00e1ry pro m\u00edrov\u00e1 jedn\u00e1n\u00ed<\/h3>\n<p>Mezit\u00edm v Kyjev\u011b se z\u0159ejm\u011b Zelensk\u00fd sj\u00ed\u017ed\u00ed na koksu v\u00edce ne\u017e obvykle, proto\u017ee o v\u00edkendu vy\u0161lo na povrch, \u017ee od Ameri\u010dan\u016f pr\u00fd unikly z jedn\u00e1n\u00ed v D\u017eidd\u011b detaily a dokonce jak\u00fdsi seznam Zelensk\u00e9ho ukrajinsk\u00fdch nep\u0159ekro\u010diteln\u00fdch \u010derven\u00fdch \u010der pro m\u00edrov\u00e1 jedn\u00e1n\u00ed s Ruskem. Trouf\u00e1m si dokonce tvrdit, \u017ee jde o zcela pl\u00e1novan\u00fd a \u00famysln\u00fd \u00fanik od samotn\u00fdch Ameri\u010dan\u016f.<\/p>\n<p><strong>C\u00edlem je otestovat reakci Kremlu, jak bude reagovat, a t\u00edm p\u0159edej\u00edt kolapsu m\u00edrov\u00fdch jedn\u00e1n\u00ed pozd\u011bji. Takhle se to prost\u011b d\u011bl\u00e1 v politice.<\/strong>\u00a0Kdy\u017e v\u00edte, \u017ee n\u011bco bude probl\u00e9m, tak to vypust\u00edte v \u00faniku ven a \u010dek\u00e1te na to, jestli se ozve \u0159ev, anebo se neozve a je to v klidu. Podle toho n\u00e1sledn\u011b postupujete. A do britsk\u00e9ho tisku unikly \u010derven\u00e9 linie Kyjeva\u00a0<strong>[<a href=\"https:\/\/href.li\/?https:\/\/www.independent.co.uk\/news\/world\/europe\/russia-ukraine-ceasefire-putin-response-trump-zelensky-b2716018.html\" target=\"_blank\" rel=\"nofollow noopener\">4<\/a>]<\/strong>\u00a0pro m\u00edrov\u00e1 jedn\u00e1n\u00ed. Jsou to pr\u00fd tyto:<\/p>\n<ul>\n<li>Navzdory Putinovu p\u0159\u00e1n\u00ed zabrat \u010dty\u0159i ukrajinsk\u00e9 regiony, kter\u00e9 od roku 2014 \u010d\u00e1ste\u010dn\u011b okupuje rusk\u00e1 arm\u00e1da, nebude odstoupeno \u017e\u00e1dn\u00e9 dal\u0161\u00ed \u00fazem\u00ed.<\/li>\n<li>N\u00e1vrat tis\u00edc\u016f ukrajinsk\u00fdch d\u011bt\u00ed unesen\u00fdch Ruskem.<\/li>\n<li>N\u00e1vrat tis\u00edc\u016f civilist\u016f nez\u00e1konn\u011b zadr\u017eovan\u00fdch Ruskem, kte\u0159\u00ed nejsou pova\u017eov\u00e1ni za v\u00e1le\u010dn\u00e9 zajatce, a proto by nebyli zahrnuti do v\u00fdm\u011bny zajatc\u016f.<\/li>\n<li>Pot\u0159eba mezin\u00e1rodn\u00edch bezpe\u010dnostn\u00edch z\u00e1ruk, pokud by Putin poru\u0161il jakoukoli dohodu o p\u0159\u00edm\u011b\u0159\u00ed.<\/li>\n<\/ul>\n<p>Britsk\u00fd list The Independent tyto v\u00fd\u0161e citovan\u00e9 po\u017eadavky a\u00a0<em>\u010derven\u00e9 \u010d\u00e1ry<\/em>\u00a0uvedl, \u017ee je m\u00e1 od diplomatick\u00fdch zdroj\u016f a dal\u0161\u00ed vysoce postaven\u00e9 ukrajinsk\u00e9 zdroje informovan\u00e9 o prob\u00edhaj\u00edc\u00edch rozhovorech pr\u00fd varuj\u00ed, \u017ee existuje jen mal\u00e1 d\u016fv\u011bra, \u017ee Rusko p\u0159ijme rozumnou dohodu, a dod\u00e1vaj\u00ed: \u201c<em>O\u010dek\u00e1v\u00e1me dal\u0161\u00ed trik<\/em>.\u201d P\u0159esto\u017ee Donald Trump popsal \u201c<em>dobr\u00e9 a produktivn\u00ed<\/em>\u201d p\u00e1te\u010dn\u00ed rozhovory s Ruskem.<\/p>\n<p>Putin byl obvin\u011bn z toho, \u017ee pou\u017e\u00edv\u00e1 zdr\u017eovac\u00ed taktiku a vzn\u00e1\u0161\u00ed \u201c<em>nuance<\/em>\u201d a dal\u0161\u00ed ot\u00e1zky, stejn\u011b jako nazna\u010dil, \u017ee Ukrajin\u011b nebude dovoleno b\u011bhem p\u0159\u00edm\u011b\u0159\u00ed p\u0159ezbrojovat, mobilizovat nebo p\u0159ij\u00edmat z\u00e1padn\u00ed vojenskou pomoc.\u00a0Ukrajina m\u00e1 v\u0161ak jasno v n\u011bkolika kl\u00ed\u010dov\u00fdch oblastech jedn\u00e1n\u00ed, pokud m\u00e1 b\u00fdt v\u00e1lka zastavena.<\/p>\n<h3>Trump zat\u00edm nevysv\u011btlil \u0147ucha\u010denkovi, \u017ee m\u00edr podle Trumpa je \u201cza ka\u017edou cenu\u201d a tu cenu m\u00e1 zaplatit pr\u00e1v\u011b Ukrajina<\/h3>\n<p>Ukrajin\u0161t\u00ed p\u0159edstavitel\u00e9 se pr\u00fd ob\u00e1vaj\u00ed, \u017ee rusk\u00e9 pr\u016ftahy nejsou ni\u010d\u00edm jin\u00fdm ne\u017e \u201c<em>hrou z jejich strany<\/em>\u201c. \u201c<em>Jsme skute\u010dn\u011b ochotni uzav\u0159\u00edt m\u00edr, ale pot\u0159ebujeme dlouhodob\u00fd m\u00edr, ne kr\u00e1tk\u00e9 p\u0159\u00edm\u011b\u0159\u00ed. Nechceme, aby na\u0161e d\u011bti bojovaly v t\u00e9to bitv\u011b,<\/em>\u201d uvedl vysoce postaven\u00fd zdroj, kter\u00fd nem\u016f\u017ee b\u00fdt jmenov\u00e1n, proto\u017ee nesm\u00ed mluvit s m\u00e9dii. \u201c<em>Putin si s n\u00e1mi hraje. My jsme ud\u011blali r\u00e1zn\u00fd krok \u2013 te\u010f je \u0159ada na n\u011bm. Dok\u00e1zali jsme, \u017ee jsme rozumn\u00ed; jsme ochotni m\u00edt m\u00edr \u2013 pokud Rusko nebude souhlasit, cel\u00fd sv\u011bt uvid\u00ed, \u017ee jsou to lh\u00e1\u0159i<\/em>.\u201d<\/p>\n<figure id=\"attachment_62987\" class=\"wp-caption aligncenter\" style=\"width: 694px;\"><a href=\"https:\/\/aeronet.news\/wp-content\/uploads\/ZelenskyRedLines.jpg\"><img decoding=\"async\" loading=\"lazy\" class=\"wp-image-62987 \" src=\"https:\/\/aeronet.news\/wp-content\/uploads\/ZelenskyRedLines-1024x648.jpg\" sizes=\"(max-width: 700px) 100vw, 700px\" srcset=\"https:\/\/aeronet.news\/wp-content\/uploads\/ZelenskyRedLines-1024x648.jpg 1024w, https:\/\/aeronet.news\/wp-content\/uploads\/ZelenskyRedLines-300x190.jpg 300w, https:\/\/aeronet.news\/wp-content\/uploads\/ZelenskyRedLines-768x486.jpg 768w, https:\/\/aeronet.news\/wp-content\/uploads\/ZelenskyRedLines-700x443.jpg 700w, https:\/\/aeronet.news\/wp-content\/uploads\/ZelenskyRedLines-564x357.jpg 564w, https:\/\/aeronet.news\/wp-content\/uploads\/ZelenskyRedLines-763x483.jpg 763w, https:\/\/aeronet.news\/wp-content\/uploads\/ZelenskyRedLines.jpg 1234w\" alt=\"\" width=\"694\" height=\"439\" \/><\/a><figcaption class=\"wp-caption-text\">\u010cl\u00e1nek The Independent<\/figcaption><\/figure>\n<p><strong>Z t\u011bchto reakc\u00ed je zjevn\u00e9, \u017ee Kyjev je\u0161t\u011b nebyl postaven p\u0159ed realitu konce v\u00e1lky, \u017ee bude muset p\u0159ijmout proces kapitulace, proto\u017ee Trump chce m\u00edr, a to za ka\u017edou cenu.<\/strong>\u00a0A p\u0159i t\u00e9to h\u0159e plat\u00ed celkem prost\u00e1 pravidla. Pokud je m\u00edr jen ot\u00e1zkou businessu, jak to neust\u00e1le dokazuje Donald Trump, tak ten m\u00edr za ka\u017edou cenu bude muset zaplatit ten, kdo ve v\u00e1lce prohr\u00e1l.<\/p>\n<p>P\u0159i\u010dem\u017e nez\u00e1le\u017e\u00ed na tom, jestli prohr\u00e1l m\u00e1lo nebo hodn\u011b sv\u00e9ho \u00fazem\u00ed, m\u00e1lo nebo hodn\u011b sv\u00fdch voj\u00e1k\u016f, m\u00e1lo nebo hodn\u011b sv\u00fdch zbran\u00ed, m\u00e1lo nebo hodn\u011b infrastruktury. V takov\u00e9 situaci se toti\u017e m\u00edr prosazuje ne pro spravedlnost, ale pro business.<\/p>\n<h3>Rusov\u00e9 jsou v m\u00edrov\u00e9m businessu lep\u0161\u00ed partner pro USA ne\u017e o\u0161kuban\u00e1 a Brit\u016fm ji\u017e nap\u016fl odprodan\u00e1 Ukrajina<\/h3>\n<p>A Rusov\u00e9 nab\u00edz\u00ed prost\u011b lep\u0161\u00ed business ne\u017e Ukrajina, kter\u00e1 nav\u00edc ji\u017e k\u00fdvla Brit\u016fm, co\u017e Trumpa\u00a0<em>nas*alo<\/em>\u00a0k nep\u0159\u00ed\u010detnosti, \u017ee Zelensk\u00fd podepsal na 100 let smlouvu s Brity. Rusov\u00e9 nab\u00edz\u00ed spole\u010dn\u00e9 projekty na Donbasu, v Rusku, v arktick\u00e9m prostoru Ruska a dokonce se mluv\u00ed o tom, \u017ee Rusov\u00e9 bu\u010f vytvo\u0159\u00ed spole\u010dn\u00fd business nebo dokonce odprodaj\u00ed Ameri\u010dan\u016fm plynovod Nord Stream.<\/p>\n<p>Tak\u017ee USA budou n\u00e1sledn\u011b tup\u00fdm Evropan\u016fm prod\u00e1vat rusk\u00fd plyn jako sv\u016fj plyn, po\u017eehnan\u00fd jako americk\u00fd plyn, i kdy\u017e v\u0161ichni budou v\u011bd\u011bt, \u017ee je rusk\u00fd. A poka\u017ed\u00e9, kdy\u017e n\u011bkdo otev\u0159e v \u010cR plynov\u00fd kohout a zaplat\u00ed Ameri\u010dan\u016fm majlant, tak zak\u0159i\u010d\u00ed z okna: \u201c<em>Ty ku*vy!<\/em>\u201d A dole pod oknem na ulici skupina Ukrajinc\u016f bude\u00a0<em>d\u00fdlovat matro\u0161<\/em>\u00a0\u010desk\u00fd nezletil\u00fdm. Vl\u00e1da mezit\u00edm bude tla\u010dit dal\u0161\u00ed pen\u00edze na zbrojen\u00ed.<\/p>\n<figure id=\"attachment_62988\" class=\"wp-caption aligncenter\" style=\"width: 697px;\"><a href=\"https:\/\/aeronet.news\/wp-content\/uploads\/UmerovCernochova.jpg\"><img decoding=\"async\" loading=\"lazy\" class=\"wp-image-62988 \" src=\"https:\/\/aeronet.news\/wp-content\/uploads\/UmerovCernochova-1024x682.jpg\" sizes=\"(max-width: 700px) 100vw, 700px\" srcset=\"https:\/\/aeronet.news\/wp-content\/uploads\/UmerovCernochova-1024x682.jpg 1024w, https:\/\/aeronet.news\/wp-content\/uploads\/UmerovCernochova-300x200.jpg 300w, https:\/\/aeronet.news\/wp-content\/uploads\/UmerovCernochova-768x511.jpg 768w, https:\/\/aeronet.news\/wp-content\/uploads\/UmerovCernochova-700x466.jpg 700w, https:\/\/aeronet.news\/wp-content\/uploads\/UmerovCernochova-536x357.jpg 536w, https:\/\/aeronet.news\/wp-content\/uploads\/UmerovCernochova-726x483.jpg 726w, https:\/\/aeronet.news\/wp-content\/uploads\/UmerovCernochova.jpg 1280w\" alt=\"\" width=\"697\" height=\"464\" \/><\/a><figcaption class=\"wp-caption-text\">\u010cesk\u00e1 ministryn\u011b obrany Jana \u010cernochov\u00e1 a jej\u00ed ukrajinsk\u00fd prot\u011bj\u0161ek Rustem Umerov b\u011bhem n\u00e1v\u0161t\u011bvy v Praze<\/figcaption><\/figure>\n<p>Fialovo\u00a0<em>\u010cEZko<\/em>, kter\u00e9 sneslo f\u0161ecko. U\u017e brzy obraz reality nejen v \u010cR, ale v cel\u00e9 Evrop\u011b, kter\u00e1 nem\u00e1 \u017e\u00e1dn\u00fd z\u00e1chrann\u00fd ekonomick\u00fd program, jenom program v\u00e1lky s Ruskem! A tomu se pod\u0159\u00edd\u00ed v\u0161e.\u00a0<strong>N\u011bmeck\u00fd Volkswagen a nejv\u011bt\u0161\u00ed automobilka na sv\u011bt\u011b p\u0159ech\u00e1z\u00ed na v\u00e1le\u010dnou v\u00fdrobu [<a href=\"https:\/\/href.li\/?https:\/\/thedefensepost.com\/2025\/03\/14\/germany-military-volkswagen\/\" target=\"_blank\" rel=\"nofollow noopener\">5<\/a>] a bude vyr\u00e1b\u011bt tanky pro celou EU a budovanou Evropsku arm\u00e1du.\u00a0<\/strong>Realita je prost\u011b ne\u00faprosn\u00e1. EU pot\u0159ebuje zbrojit a k tomu jsou pot\u0159eba zbrojn\u00ed fabriky, ne automobilky na baterky, sorry jako.<\/p>\n<p>Kv\u016fli kolapsu automobilky VW v konkuren\u010dn\u00edm boji s \u010d\u00ednsk\u00fdmi automobilkami vlastn\u011b nic jin\u00e9ho firm\u011b nezb\u00fdv\u00e1, ne\u017e se vr\u00e1tit ke ko\u0159en\u016fm a k tradic\u00edm z dob II. sv. v\u00e1lky. Zelensk\u00fd to v\u00ed. Trump to ale nev\u00ed, tomu to nikdo zat\u00edm ne\u0159ekl. A\u017e se to dozv\u00ed, st\u00e1hne americk\u00e9 z\u00e1kladny z Evropy a vyzve k odchodu z NATO. Takto je to nachystan\u00e9 pro tento rok. M\u00edr, kter\u00fd p\u0159inese v\u00e1lku. Ne tu na Ukrajin\u011b, ale tu Velkou. Evropa pro to d\u011bl\u00e1 \u00fapln\u011b v\u0161echno.<\/p>\n<p><a href=\"https:\/\/aeronet.news\/ukrajinsky-generalni-stab-priznal-stazeni-afu-ze-sudzi-a-legendarni-prodejna-diskontu-je-uz-rovnez-osvobozena-vladimir-putin-vzkazal-trumpovi-ze-usetri-zivoty-obklicenych-vojaku-afu\/\">-VK-<\/a><\/p>\n","protected":false},"excerpt":{"rendered":"<p>Ukrajinsk\u00fd gener\u00e1ln\u00ed \u0161t\u00e1b p\u0159iznal sta\u017een\u00ed AFU ze Sud\u017ei a legend\u00e1rn\u00ed prodejna diskontu je u\u017e rovn\u011b\u017e&#8230;<\/p>\n","protected":false},"author":2,"featured_media":74309,"comment_status":"closed","ping_status":"closed","sticky":false,"template":"","format":"standard","meta":[],"categories":[6],"tags":[80,3133,22,1635,5135],"_links":{"self":[{"href":"https:\/\/www.infokuryr.cz\/n\/wp-json\/wp\/v2\/posts\/74308"}],"collection":[{"href":"https:\/\/www.infokuryr.cz\/n\/wp-json\/wp\/v2\/posts"}],"about":[{"href":"https:\/\/www.infokuryr.cz\/n\/wp-json\/wp\/v2\/types\/post"}],"author":[{"embeddable":true,"href":"https:\/\/www.infokuryr.cz\/n\/wp-json\/wp\/v2\/users\/2"}],"replies":[{"embeddable":true,"href":"https:\/\/www.infokuryr.cz\/n\/wp-json\/wp\/v2\/comments?post=74308"}],"version-history":[{"count":0,"href":"https:\/\/www.infokuryr.cz\/n\/wp-json\/wp\/v2\/posts\/74308\/revisions"}],"wp:featuredmedia":[{"embeddable":true,"href":"https:\/\/www.infokuryr.cz\/n\/wp-json\/wp\/v2\/media\/74309"}],"wp:attachment":[{"href":"https:\/\/www.infokuryr.cz\/n\/wp-json\/wp\/v2\/media?parent=74308"}],"wp:term":[{"taxonomy":"category","embeddable":true,"href":"https:\/\/www.infokuryr.cz\/n\/wp-json\/wp\/v2\/categories?post=74308"},{"taxonomy":"post_tag","embeddable":true,"href":"https:\/\/www.infokuryr.cz\/n\/wp-json\/wp\/v2\/tags?post=74308"}],"curies":[{"name":"wp","href":"https:\/\/api.w.org\/{rel}","templated":true}]}}