{"id":74305,"date":"2025-03-17T00:10:19","date_gmt":"2025-03-16T23:10:19","guid":{"rendered":"https:\/\/www.infokuryr.cz\/n\/?p=74305"},"modified":"2025-03-16T16:08:40","modified_gmt":"2025-03-16T15:08:40","slug":"diky-genialite-naseho-milovaneho-vudce-zvitezime-nad-odpornymi-opozicnimi-stvaci","status":"publish","type":"post","link":"https:\/\/www.infokuryr.cz\/n\/2025\/03\/17\/diky-genialite-naseho-milovaneho-vudce-zvitezime-nad-odpornymi-opozicnimi-stvaci\/","title":{"rendered":"D\u00edky genialit\u011b na\u0161eho milovan\u00e9ho v\u016fdce, zv\u00edt\u011bz\u00edme nad odporn\u00fdmi opozi\u010dn\u00edmi \u0161tv\u00e1\u010di!"},"content":{"rendered":"<div id=\"fb-root\"><\/div>\n<p>V\u00e1\u017een\u00ed hodnotov\u00ed spoluob\u010dan\u00e9, neztr\u00e1cejte bd\u011blost! Na na\u0161ich silnic\u00edch se objevil dal\u0161\u00ed projev rusk\u00e9 hybridn\u00ed v\u00e1lky.\u00a0<strong>Odporn\u00e9 billboardy, kter\u00e9 dehonestuj\u00ed na\u0161eho sv\u011btov\u00e9ho l\u00eddra Petra Fialu<\/strong>. Opozi\u010dn\u00ed \u0161tv\u00e1\u010di nev\u00e1haj\u00ed vyu\u017e\u00edt lidsky pochopiteln\u00fdch p\u0159ehmat\u016f, jich\u017e se dopustil, a vykresluj\u00ed ho v tom nejhor\u0161\u00edm sv\u011btle. N\u00e1\u0161 milovan\u00fd premi\u00e9r nem\u00e1 bohu\u017eel v posledn\u00edch dnech \u010das, se t\u011bmto na\u0159\u010den\u00edm br\u00e1nit.<br \/>\n<em>d\u00fdpfejk, 3 min *****\u00a0<\/em><span id=\"more-55063\"><\/span><\/p>\n<p>Nedobr\u00e1 politick\u00e1 situace jej nut\u00ed b\u00fdt neust\u00e1le na cest\u00e1ch, a na v\u0161echny summity svobodn\u00e9ho sv\u011bta p\u0159in\u00e1\u0161et evropsk\u00e9 hodnoty. V uplynul\u00e9m t\u00fddnu se osobnosti pravdy a l\u00e1sky se\u0161li na Evropsk\u00e9 rad\u011b, aby tam br\u00e1nili sv\u011bt zalo\u017een\u00fd na pravidlech.<\/p>\n<h3><strong>Liber\u00e1ln\u00ed filmov\u00fd t\u00fdden\u00edk 3.<\/strong><\/h3>\n<p><iframe loading=\"lazy\" title=\"Liber\u00e1ln\u00ed filmov\u00fd t\u00fdden\u00edk 3 | 10.3.2025\" width=\"640\" height=\"480\" src=\"https:\/\/www.youtube.com\/embed\/ZZHM6K_jXTI?feature=oembed\" frameborder=\"0\" allow=\"accelerometer; autoplay; clipboard-write; encrypted-media; gyroscope; picture-in-picture; web-share\" referrerpolicy=\"strict-origin-when-cross-origin\" allowfullscreen><\/iframe><\/p>\n<h4><\/h4>\n<p>N\u00e1\u0161 milovan\u00fd premi\u00e9r vystoupil se skv\u011bl\u00fdm projevem, ve kter\u00e9m vyb\u00eddl n\u00e1s, uv\u011bdom\u011bl\u00e9 ob\u010dany, abychom polo\u017eili na st\u016fl pen\u00edze a zbran\u011b, nebo\u0165 jen tak je mo\u017en\u00e9 zastavit mongoloidn\u00ed hordy z v\u00fdchodu, kter\u00e9 jsou ji\u017e p\u0159ed kolapsem, ale hroz\u00ed, \u017ee zaberou celou Evropu.<\/p>\n<p>Sl\u00e1va Ukrajin\u011b! Sl\u00e1va na\u0161\u00ed vl\u00e1d\u011b! Sl\u00e1va na\u0161emu Petru Fialovi!<\/p>\n<p><span style=\"font-size: 10pt;\"><a href=\"https:\/\/www.nespokojeny.cz\/diky-genialite-naseho-milovaneho-vudce-zvitezime-nad-odpornymi-opozicnimi-stvaci\/\">NESPOKOJEN\u00dd<\/a><\/span><\/p>\n<p><img decoding=\"async\" loading=\"lazy\" class=\"wp-image-73173 aligncenter\" src=\"http:\/\/www.infokuryr.cz\/n\/wp-content\/uploads\/2025\/02\/demonstrace-08-05-2025-209x300.jpg\" alt=\"\" width=\"591\" height=\"848\" srcset=\"https:\/\/www.infokuryr.cz\/n\/wp-content\/uploads\/2025\/02\/demonstrace-08-05-2025-209x300.jpg 209w, https:\/\/www.infokuryr.cz\/n\/wp-content\/uploads\/2025\/02\/demonstrace-08-05-2025-713x1024.jpg 713w, https:\/\/www.infokuryr.cz\/n\/wp-content\/uploads\/2025\/02\/demonstrace-08-05-2025-768x1103.jpg 768w, https:\/\/www.infokuryr.cz\/n\/wp-content\/uploads\/2025\/02\/demonstrace-08-05-2025.jpg 891w\" sizes=\"(max-width: 591px) 100vw, 591px\" \/><\/p>\n","protected":false},"excerpt":{"rendered":"<p>V\u00e1\u017een\u00ed hodnotov\u00ed spoluob\u010dan\u00e9, neztr\u00e1cejte bd\u011blost! Na na\u0161ich silnic\u00edch se objevil dal\u0161\u00ed projev rusk\u00e9 hybridn\u00ed v\u00e1lky.\u00a0Odporn\u00e9&#8230;<\/p>\n","protected":false},"author":2,"featured_media":74306,"comment_status":"closed","ping_status":"closed","sticky":false,"template":"","format":"standard","meta":[],"categories":[6],"tags":[1503,535,889],"_links":{"self":[{"href":"https:\/\/www.infokuryr.cz\/n\/wp-json\/wp\/v2\/posts\/74305"}],"collection":[{"href":"https:\/\/www.infokuryr.cz\/n\/wp-json\/wp\/v2\/posts"}],"about":[{"href":"https:\/\/www.infokuryr.cz\/n\/wp-json\/wp\/v2\/types\/post"}],"author":[{"embeddable":true,"href":"https:\/\/www.infokuryr.cz\/n\/wp-json\/wp\/v2\/users\/2"}],"replies":[{"embeddable":true,"href":"https:\/\/www.infokuryr.cz\/n\/wp-json\/wp\/v2\/comments?post=74305"}],"version-history":[{"count":1,"href":"https:\/\/www.infokuryr.cz\/n\/wp-json\/wp\/v2\/posts\/74305\/revisions"}],"predecessor-version":[{"id":74307,"href":"https:\/\/www.infokuryr.cz\/n\/wp-json\/wp\/v2\/posts\/74305\/revisions\/74307"}],"wp:featuredmedia":[{"embeddable":true,"href":"https:\/\/www.infokuryr.cz\/n\/wp-json\/wp\/v2\/media\/74306"}],"wp:attachment":[{"href":"https:\/\/www.infokuryr.cz\/n\/wp-json\/wp\/v2\/media?parent=74305"}],"wp:term":[{"taxonomy":"category","embeddable":true,"href":"https:\/\/www.infokuryr.cz\/n\/wp-json\/wp\/v2\/categories?post=74305"},{"taxonomy":"post_tag","embeddable":true,"href":"https:\/\/www.infokuryr.cz\/n\/wp-json\/wp\/v2\/tags?post=74305"}],"curies":[{"name":"wp","href":"https:\/\/api.w.org\/{rel}","templated":true}]}}