{"id":74304,"date":"2025-03-17T00:22:25","date_gmt":"2025-03-16T23:22:25","guid":{"rendered":"https:\/\/www.infokuryr.cz\/n\/?p=74304"},"modified":"2025-03-16T16:00:20","modified_gmt":"2025-03-16T15:00:20","slug":"marie-l-neudorflova-projev-k-vyroci-15-brezna-1939","status":"publish","type":"post","link":"https:\/\/www.infokuryr.cz\/n\/2025\/03\/17\/marie-l-neudorflova-projev-k-vyroci-15-brezna-1939\/","title":{"rendered":"Marie L. Neudorflov\u00e1: Projev k v\u00fdro\u010d\u00ed 15. b\u0159ezna 1939"},"content":{"rendered":"<div id=\"fb-root\"><\/div>\n<h3><strong>V\u00e1clavsk\u00e9 n\u00e1m\u011bst\u00ed 15. b\u0159ezna 2025<\/strong><\/h3>\n<p>Datum 15. b\u0159ezna Z\u016eST\u00c1V\u00c1 V\u00a0\u010cESK\u00c9 HISTORII\u00a0 v\u00fdrazem a znakem jak nejhor\u0161\u00ed tragedie \u010deskoslovensk\u00e9 statnosti\u00a0 v\u00a0podob\u011b p\u0159ipojen\u00ed \u010desk\u00e9ho pohrani\u010d\u00ed k\u00a0nacistick\u00e9mu N\u011bmecku a odtr\u017een\u00ed Slovenska na n\u00e1tlak Hitlera.V\u00a0podtextu\u00a0 t\u011bchto tragick\u00fdch ud\u00e1lost\u00ed byla mnichovsk\u00e1 zrada \u010ceskoslovenska spojenci, o nich\u017e\u00a0 \u010ce\u0161i\u00a0 v\u011b\u0159ili, \u017ee jsou skute\u010dn\u00fdmi p\u0159\u00e1teli, na jejich\u017e smlouvy a p\u0159\u00e1telstv\u00ed se mohou spolehnout. Zrada t\u011bchto spojenc\u016f nikdy nep\u0159ebolela, navzdory spolupr\u00e1ci b\u011bhem v\u00e1lky, kter\u00e9 Mnichov nezabr\u00e1nil, naopak urychlil jej\u00ed vypuknut\u00ed.<\/p>\n<p>Touto situac\u00ed byla umo\u017en\u011bn\u00e1 okupace \u010desk\u00fdch zem\u00ed 15. b\u0159ezna 1939 a\u00a0\u0159\u00e1d\u011bn\u00ed n\u011bmeck\u00fdch nacist\u016f zp\u016fsobem neslu\u010diteln\u00fdm\u00a0 s\u00a0lidsk\u00fdm jedn\u00e1n\u00edm a d\u016fstojnost\u00ed. N\u011bme\u010dt\u00ed okupanti jednali se surovost\u00ed sob\u011b vlastn\u00ed, se svou v\u00edrou v\u00a0nad\u0159azenost n\u011bmeck\u00e9 \u201earijsk\u00e9\u201c rasy a v\u00edrou v \u00a0pod\u0159adnost rasy slovansk\u00e9, zvl\u00e1\u0161t\u011b \u010desk\u00e9ho n\u00e1roda. Jakoby se mstili za to, \u017ee se \u010desk\u00fd n\u00e1rod v\u00a0historii ubr\u00e1nil jejich tlak\u016fm na\u00a0 expanzi do \u010desk\u00fdch zem\u00ed, na pon\u011bm\u010den\u00ed,\u00a0 a za to, \u017ee navzdory podm\u00ednk\u00e1m dok\u00e1zal svou vlastn\u00ed prac\u00ed a iniciativou dos\u00e1hnout vysok\u00e9\u00a0 kulturn\u00ed \u00farovn\u011b, srovnateln\u00e9 s\u00a0N\u011bmci v\u00a0habsbursk\u00e9 \u0159\u00ed\u0161i, ba srovnateln\u00e9 s n\u011bmeckou\u00a0 jako takov\u00e9.<\/p>\n<p>Hlavn\u00ed c\u00edlem\u00a0 n\u011bmeck\u00e9 okupace \u010desk\u00fdch zem\u00ed bylo nejen zlomen\u00ed \u010desk\u00e9ho obyvatelstva, jeho p\u0159em\u011bna v pasivn\u00ed otrockou pracovn\u00ed s\u00edlu, ale p\u0159\u00edmo jeho vyhlazen\u00ed, vyhladov\u011bn\u00ed \u010di odstran\u011bn\u00ed na v\u00fdchod, a zabrat \u00fazem\u00ed pro n\u011bmeck\u00e9 obyvatelstvo. \u201a\u017d\u00e1dn\u00e9 krutosti a barbarsk\u00e9 metody jim nebyly ciz\u00ed, s\u00a0 v\u00fdsledkem\u00a0 360 tis\u00edc umu\u010den\u00fdch \u010di popraven\u00fdch \u010cech\u016f,\u00a0 \u0159ady vyp\u00e1len\u00fdch obc\u00ed i s jejich obyvateli, zav\u0159en\u00ed vysok\u00fdch \u0161kol. Ani to v\u0161ak \u010cechy neodradilo od c\u00edlen\u00e9\u00a0 nebezpe\u010dn\u00e9 resistence, z n\u00ed\u017e akce Antropoid byla nejstate\u010dn\u011bj\u0161\u00ed a svodnou Evropou nejobdivovan\u011bj\u0161\u00ed. Nikdo jin\u00fd se na podobnou akci v Evrop\u011b nezmohl.<\/p>\n<p>\u010ce\u0161i se se svou resistenc\u00ed a spoluprac\u00ed s\u00a0exilovou vl\u00e1dou v Lond\u00fdn\u011b zna\u010dn\u011b zaslou\u017eili o osvobozen\u00ed sv\u00e9 zem\u011b a ve spolupr\u00e1ci se Slov\u00e1ky a sov\u011btskou arm\u00e1dou o osvobozen\u00ed b\u00fdval\u00e9ho \u010ceskoslovenska, \u010d\u00edm\u017e se spole\u010dn\u011b zaslou\u017eili o legitimitu jeho obnoven\u00ed po skon\u010den\u00ed v\u00e1lky roku 1945. V\u00a0sou\u010dasnosti si mus\u00edme b\u00fdt bolestn\u011b v\u011bdomi toho, jak se nejr\u016fzn\u011bj\u0161\u00edm zp\u016fsobem \u010desk\u00e1 historie pok\u0159ivuje, a \u017ee\u00a0<strong>je a\u00a0 n\u00e1s jak historickou pravdu udr\u017e\u00edme a p\u0159ed\u00e1me mlad\u0161\u00edm generac\u00edm, aby net\u00e1paly a nepodl\u00e9haly desinterpretac\u00edm ve prosp\u011bch ne\u010desk\u00fdch,\u00a0 globalistick\u00fdch, eurofa\u0161istick\u00fdch, ciz\u00edch z\u00e1jm\u016f<\/strong>.\u00a0<strong>Siln\u00e9 jsou indikace, \u017ee toto nebezpe\u010d\u00ed je zna\u010dn\u011b re\u00e1ln\u00e9 a to i na dom\u00e1c\u00ed p\u016fd\u011b.<\/strong><\/p>\n<p><em>Marie L. Neudorflov\u00e1<\/em><\/p>\n<p><img decoding=\"async\" loading=\"lazy\" class=\"\" src=\"https:\/\/ceske-narodni-listy.estranky.cz\/img\/articles\/23211.jpg\" width=\"147\" height=\"214\" \/><\/p>\n<p><img decoding=\"async\" loading=\"lazy\" class=\"wp-image-73173 aligncenter\" src=\"http:\/\/www.infokuryr.cz\/n\/wp-content\/uploads\/2025\/02\/demonstrace-08-05-2025-209x300.jpg\" alt=\"\" width=\"499\" height=\"716\" srcset=\"https:\/\/www.infokuryr.cz\/n\/wp-content\/uploads\/2025\/02\/demonstrace-08-05-2025-209x300.jpg 209w, https:\/\/www.infokuryr.cz\/n\/wp-content\/uploads\/2025\/02\/demonstrace-08-05-2025-713x1024.jpg 713w, https:\/\/www.infokuryr.cz\/n\/wp-content\/uploads\/2025\/02\/demonstrace-08-05-2025-768x1103.jpg 768w, https:\/\/www.infokuryr.cz\/n\/wp-content\/uploads\/2025\/02\/demonstrace-08-05-2025.jpg 891w\" sizes=\"(max-width: 499px) 100vw, 499px\" \/><\/p>\n<p>&nbsp;<\/p>\n","protected":false},"excerpt":{"rendered":"<p>V\u00e1clavsk\u00e9 n\u00e1m\u011bst\u00ed 15. b\u0159ezna 2025 Datum 15. b\u0159ezna Z\u016eST\u00c1V\u00c1 V\u00a0\u010cESK\u00c9 HISTORII\u00a0 v\u00fdrazem a znakem jak&#8230;<\/p>\n","protected":false},"author":2,"featured_media":6224,"comment_status":"closed","ping_status":"closed","sticky":false,"template":"","format":"standard","meta":[],"categories":[6],"tags":[429,111,710],"_links":{"self":[{"href":"https:\/\/www.infokuryr.cz\/n\/wp-json\/wp\/v2\/posts\/74304"}],"collection":[{"href":"https:\/\/www.infokuryr.cz\/n\/wp-json\/wp\/v2\/posts"}],"about":[{"href":"https:\/\/www.infokuryr.cz\/n\/wp-json\/wp\/v2\/types\/post"}],"author":[{"embeddable":true,"href":"https:\/\/www.infokuryr.cz\/n\/wp-json\/wp\/v2\/users\/2"}],"replies":[{"embeddable":true,"href":"https:\/\/www.infokuryr.cz\/n\/wp-json\/wp\/v2\/comments?post=74304"}],"version-history":[{"count":0,"href":"https:\/\/www.infokuryr.cz\/n\/wp-json\/wp\/v2\/posts\/74304\/revisions"}],"wp:featuredmedia":[{"embeddable":true,"href":"https:\/\/www.infokuryr.cz\/n\/wp-json\/wp\/v2\/media\/6224"}],"wp:attachment":[{"href":"https:\/\/www.infokuryr.cz\/n\/wp-json\/wp\/v2\/media?parent=74304"}],"wp:term":[{"taxonomy":"category","embeddable":true,"href":"https:\/\/www.infokuryr.cz\/n\/wp-json\/wp\/v2\/categories?post=74304"},{"taxonomy":"post_tag","embeddable":true,"href":"https:\/\/www.infokuryr.cz\/n\/wp-json\/wp\/v2\/tags?post=74304"}],"curies":[{"name":"wp","href":"https:\/\/api.w.org\/{rel}","templated":true}]}}