{"id":74282,"date":"2025-03-17T00:18:41","date_gmt":"2025-03-16T23:18:41","guid":{"rendered":"https:\/\/www.infokuryr.cz\/n\/?p=74282"},"modified":"2025-03-16T15:48:53","modified_gmt":"2025-03-16T14:48:53","slug":"diplomaticky-utok-marca-rubia-na-jizni-afriku-je-trestem-za-to-ze-se-postavila-proti-izraeli","status":"publish","type":"post","link":"https:\/\/www.infokuryr.cz\/n\/2025\/03\/17\/diplomaticky-utok-marca-rubia-na-jizni-afriku-je-trestem-za-to-ze-se-postavila-proti-izraeli\/","title":{"rendered":"Diplomatick\u00fd \u00fatok Marca Rubia na Ji\u017en\u00ed Afriku je trestem za to, \u017ee se postavila proti Izraeli"},"content":{"rendered":"<div id=\"fb-root\"><\/div>\n<p><strong><span style=\"font-size: 14pt;\">Mimo\u0159\u00e1dn\u00fd a bezprecedentn\u00ed krok Trumpovy administrativy k \u00fa\u010dinn\u00e9mu vylou\u010den\u00ed jihoafrick\u00e9ho velvyslance Ebrahima Rasoola byl u\u010din\u011bn z jednoho d\u016fvodu: Ji\u017en\u00ed Afrika m\u011bla tu drzost p\u0159im\u011bt Izrael k odpov\u011bdnosti za genocidu v Gaze.<\/span><\/strong><\/p>\n<p>V mimo\u0159\u00e1dn\u00e9m a bezprecedentn\u00edm kroku prohl\u00e1sil ministr zahrani\u010d\u00ed Spojen\u00fdch st\u00e1t\u016f Marco Rubio jihoafrick\u00e9ho velvyslance Ebrahima Rasoola\u00a0<em>za personu non grata<\/em>\u00a0, \u010d\u00edm\u017e ho fakticky vyk\u00e1zal ze Spojen\u00fdch st\u00e1t\u016f. V p\u0159\u00edsp\u011bvku na X Rubio prohl\u00e1sil: \u201eEbrahim Rasool je politikem nah\u00e1n\u011bj\u00edc\u00edm rasy, kter\u00fd nen\u00e1vid\u00ed Ameriku\u201c a nen\u00e1vid\u00ed prezidenta Spojen\u00fdch st\u00e1t\u016f. Uveden\u00e9 od\u016fvodn\u011bn\u00ed? \u00dadajn\u00e9 \u201eprotiamerick\u00e9 chov\u00e1n\u00ed\u201c a \u201enah\u00e1n\u011bn\u00ed rasy\u201c \u2013 v\u00e1gn\u00ed a politicky nabit\u00e1 obvin\u011bn\u00ed pravd\u011bpodobn\u011b odkazuj\u00edc\u00ed na Rasoolovu otev\u0159enou obranu politiky pozemkov\u00e9 reformy v Ji\u017en\u00ed Africe. Skute\u010dn\u00fd motiv tohoto rozhodnut\u00ed je v\u0161ak nepochybn\u00fd: odvetn\u00fd \u00fader proti Ji\u017en\u00ed Africe za jej\u00ed principi\u00e1ln\u00ed rozhodnut\u00ed postavit Izrael p\u0159ed Mezin\u00e1rodn\u00ed soudn\u00ed dv\u016fr (ICJ) kv\u016fli obvin\u011bn\u00ed z genocidy v Gaze.<\/p>\n<figure class=\"wp-block-pullquote alignleft\"><em>Toto vyho\u0161t\u011bn\u00ed nen\u00ed o diplomacii; jde o potrest\u00e1n\u00ed n\u00e1roda, kter\u00fd se odv\u00e1\u017eil zpochybnit neochv\u011bjnou podporu Washingtonu Izraeli.<\/em><\/figure>\n<p>Toto vyho\u0161t\u011bn\u00ed nen\u00ed o diplomacii; jde o potrest\u00e1n\u00ed n\u00e1roda, kter\u00fd se odv\u00e1\u017eil zpochybnit neochv\u011bjnou podporu Washingtonu Izraeli. Zac\u00edlen\u00edm na Rasoola se Trumpova administrativa sna\u017e\u00ed vyslat mrazivou zpr\u00e1vu: ka\u017ed\u00e1 vl\u00e1da, kter\u00e1 usiluje o pr\u00e1vn\u00ed odpov\u011bdnost za izraelsk\u00e9 \u010diny, bude \u010delit politick\u00fdm a ekonomick\u00fdm d\u016fsledk\u016fm. Je to drz\u00fd akt diplomatick\u00e9 odplaty, kter\u00fd podkop\u00e1v\u00e1 samotn\u00e9 mezin\u00e1rodn\u00ed pr\u00e1vn\u00ed instituce, kter\u00e9 Spojen\u00e9 st\u00e1ty prohla\u0161uj\u00ed za dodr\u017eov\u00e1n\u00ed.<\/p>\n<p>Tento \u010din nen\u00ed jen zneu\u017eit\u00edm moci, ale tak\u00e9 mraziv\u00fdm n\u00e1znakem toho, jak se formuje druh\u00e9 funk\u010dn\u00ed obdob\u00ed Donalda Trumpa \u2013 re\u017eim, kter\u00fd odhodil i p\u0159edst\u00edr\u00e1n\u00ed respektu k diplomacii, mezin\u00e1rodn\u00edmu pr\u00e1vu a z\u00e1kladn\u00edm norm\u00e1m vl\u00e1dnut\u00ed.<\/p>\n<h2 class=\"wp-block-heading\"><strong>Precedens, kter\u00fd podkop\u00e1v\u00e1 d\u016fv\u011bryhodnost USA<\/strong><\/h2>\n<p>Historicky je prohl\u00e1\u0161en\u00ed velvyslance\u00a0<em>za personu non grata<\/em>\u00a0extr\u00e9mn\u00edm krokem vyhrazen\u00fdm pro p\u0159\u00edpady \u0161pion\u00e1\u017ee, krimin\u00e1ln\u00edho jedn\u00e1n\u00ed nebo jasn\u00e9ho ohro\u017een\u00ed n\u00e1rodn\u00ed bezpe\u010dnosti. T\u00e9m\u011b\u0159 nikdy se nepou\u017e\u00edv\u00e1 proti diplomat\u016fm pouze pro vyj\u00e1d\u0159en\u00ed politick\u00fdch n\u00e1zor\u016f, kter\u00e9 se li\u0161\u00ed od n\u00e1zor\u016f Washingtonu.<\/p>\n<figure class=\"wp-block-pullquote alignright\"><em>Rubiovo rozhodnut\u00ed vylou\u010dit Rasoola nejen\u017ee vyzbrojuje ministerstvo zahrani\u010d\u00ed proti zahrani\u010dn\u00edm vl\u00e1d\u00e1m, kter\u00e9 se ne\u0159\u00edd\u00ed lini\u00ed Trumpovy administrativy.<\/em><\/figure>\n<p>Rubiovo rozhodnut\u00ed vyhostit Rasoola nejen\u017ee vyzbrojuje ministerstvo zahrani\u010d\u00ed proti zahrani\u010dn\u00edm vl\u00e1d\u00e1m, kter\u00e9 se ne\u0159\u00edd\u00ed lini\u00ed Trumpovy administrativy, ale tak\u00e9 vys\u00edl\u00e1 mraziv\u00e9 poselstv\u00ed: ka\u017ed\u00e1 zem\u011b, kter\u00e1 napadne americkou politiku, a\u0165 u\u017e pr\u00e1vn\u00edmi cestami, jako je ICJ, nebo obhajobou vlastn\u00edch dom\u00e1c\u00edch reforem, bude potrest\u00e1na.<\/p>\n<p>Obzvl\u00e1\u0161t\u011b hroziv\u00e9 je, \u017ee Ji\u017en\u00ed Afrika nen\u00ed dareb\u00e1ck\u00fdm st\u00e1tem. Je to \u00fastavn\u00ed demokracie a dlouholet\u00fd obh\u00e1jce mezin\u00e1rodn\u00ed spravedlnosti, kter\u00fd hraje kl\u00ed\u010dovou roli v boji proti apartheidu a p\u0159i z\u0159izov\u00e1n\u00ed instituc\u00ed, jako je ICC. Vyho\u0161t\u011bn\u00edm sv\u00e9ho velvyslance d\u00e1vaj\u00ed Rubio a Trump jasn\u011b najevo, \u017ee nemaj\u00ed \u017e\u00e1dn\u00fd z\u00e1jem zapojovat se se sv\u011btem za jin\u00fdch ne\u017e vlastn\u00edch podm\u00ednek.<\/p>\n<h2 class=\"wp-block-heading\"><strong>Potrest\u00e1n\u00ed Ji\u017en\u00ed Afriky za to, \u017ee se postavila Izraeli<\/strong><\/h2>\n<p>Aby bylo jasno \u2013 toto vyho\u0161t\u011bn\u00ed nem\u00e1 nic spole\u010dn\u00e9ho s takzvan\u00fdm \u201erasov\u00fdm n\u00e1vnadou\u201c nebo pozemkovou politikou Ji\u017en\u00ed Afriky, bez ohledu na to, jak zoufale Trumpova administrativa na t\u00e9to v\u00fdmluv\u011b lp\u00ed. P\u0159edstava, \u017ee vl\u00e1da dlouho oddan\u00e1 usm\u00ed\u0159en\u00ed a \u00fastavn\u00ed demokracii n\u011bjak\u00fdm zp\u016fsobem utla\u010duje b\u00edl\u00e9 Jihoafri\u010dany, je stejn\u011b sm\u011b\u0161n\u00e1 jako cynick\u00e1. Rasool se stal ter\u010dem z jedin\u00e9ho d\u016fvodu: jeho vl\u00e1da m\u011bla tu drzost pohnat Izrael k odpov\u011bdnosti u ICJ za jeho vojensk\u00fd \u00fatok na Gazu, co\u017e je krok, kter\u00fd Washington p\u0159ivedl do z\u00e1chvatu diplomatick\u00e9 odvety.<\/p>\n<p>Prezident Trump a ministr zahrani\u010d\u00ed Marco Rubio otev\u0159en\u011b prok\u00e1zali neochv\u011bjnou podporu nejextr\u00e9mn\u011bj\u0161\u00edm izraelsk\u00fdm politik\u00e1m, \u010d\u00edm\u017e \u00fa\u010dinn\u011b rozlo\u017eili jak\u00fdkoli zb\u00fdvaj\u00edc\u00ed z\u00e1vazek USA v\u016f\u010di palestinsk\u00fdm pr\u00e1v\u016fm. B\u011bhem Trumpova druh\u00e9ho funk\u010dn\u00edho obdob\u00ed p\u0159ijala administrativa \u0159adu agresivn\u00edch opat\u0159en\u00ed, kter\u00e1 je\u0161t\u011b v\u00edce upevnila izraelskou okupaci a podkopala vyhl\u00eddky na palestinsk\u00e9 sebeur\u010den\u00ed.<\/p>\n<p>Administrativa p\u0159eru\u0161ila ve\u0161kerou zb\u00fdvaj\u00edc\u00ed pomoc palestinsk\u00fdm uprchl\u00edk\u016fm a tla\u010dila na spojeneck\u00e9 n\u00e1rody, aby u\u010dinily tot\u00e9\u017e, \u010d\u00edm\u017e v\u00fdrazn\u011b omezila humanit\u00e1rn\u00ed pomoc a zhor\u0161ila utrpen\u00ed vys\u00eddlen\u00fdch Palestinc\u016f. Poskytla tak\u00e9 plnou podporu roz\u0161i\u0159ov\u00e1n\u00ed izraelsk\u00fdch osad na Z\u00e1padn\u00edm b\u0159ehu Jord\u00e1nu, p\u0159i\u010dem\u017e nerespektovala mezin\u00e1rodn\u00ed pr\u00e1vo a povzbudila osidlovac\u00ed aktivity, kter\u00e9 d\u00e1le vys\u00eddlily palestinsk\u00e9 komunity. Krom\u011b toho administrativa otev\u0159en\u011b deklarovala sv\u016fj z\u00e1m\u011br vyhnat Palestince z Gazy, zkoumala n\u00e1vrhy na jejich p\u0159em\u00edst\u011bn\u00ed do t\u0159et\u00edch zem\u00ed a z\u00e1rove\u0148 nab\u00edzela podporu izraelsk\u00e9 anexi Z\u00e1padn\u00edho b\u0159ehu Jord\u00e1nu. Tyto kroky fakticky vylou\u010dily jakoukoli mo\u017enost \u0159e\u0161en\u00ed dvou st\u00e1t\u016f a pos\u00edlily nezvratn\u00fd status quo, v n\u011bm\u017e jsou palestinsk\u00e1 pr\u00e1va systematicky naru\u0161ov\u00e1na.<\/p>\n<p>P\u0159\u00edpad genocidy v Ji\u017en\u00ed Africe proti Izraeli je jednou z nejv\u00fdznamn\u011bj\u0161\u00edch pr\u00e1vn\u00edch v\u00fdzev proti beztrestnosti podporovan\u00e9 Spojen\u00fdmi st\u00e1ty za posledn\u00ed desetilet\u00ed. Ne\u017e aby reagovali diplomaci\u00ed, zvolili Trump a Rubio cestu autorit\u00e1\u0159sk\u00e9 \u0161ikany a vyhostili respektovan\u00e9ho velvyslance ve snaze zastra\u0161it jak\u00fdkoli jin\u00fd n\u00e1rod, kter\u00fd by se mohl odv\u00e1\u017eit n\u00e1sledovat p\u0159\u00edklad Jihoafrick\u00e9 republiky.<\/p>\n<h2 class=\"wp-block-heading\"><strong>Trumpovo\u00a0nez\u00e1konn\u00e9<\/strong>\u00a0<strong>druh\u00e9 volebn\u00ed obdob\u00ed<\/strong><\/h2>\n<p>Pokud by se jednalo o ojedin\u011bl\u00fd incident, bylo by to st\u00e1le pobu\u0159uj\u00edc\u00ed. Je to v\u0161ak pouze jeden p\u0159\u00edr\u016fstek do dlouh\u00e9ho seznamu nez\u00e1konn\u00fdch, autorit\u00e1\u0159sk\u00fdch akc\u00ed, kter\u00e9 definovaly n\u00e1vrat prezidenta Trumpa k moci. B\u011bhem prvn\u00edch dvou m\u011bs\u00edc\u016f ve funkci prezident Trump omilostnil v\u00fdtr\u017en\u00edky ze 6. ledna, dosadil loaj\u00e1ln\u00ed \u010dleny na ministerstvo spravedlnosti, nasadil feder\u00e1ln\u00ed voj\u00e1ky proti protest\u016fm, zru\u0161il ochranu \u017eivotn\u00edho prost\u0159ed\u00ed, \u00fadajn\u011b vyzbrojil IRS proti politick\u00fdm oponent\u016fm a prosadil drakonick\u00e9 z\u00e1kony o potratech, \u010d\u00edm\u017e upevnil autorit\u00e1\u0159skou trajektorii sv\u00e9 administrativy.<\/p>\n<p>Nyn\u00ed, s Rubiem v \u010dele ministerstva zahrani\u010d\u00ed, se Trumpova zahrani\u010dn\u00ed politika ve druh\u00e9m volebn\u00edm obdob\u00ed ukazuje jako je\u0161t\u011b bezohledn\u011bj\u0161\u00ed ne\u017e jeho prvn\u00ed. M\u00edsto toho, aby se zapojila do diplomacie, jeho administrativa se nyn\u00ed otev\u0159en\u011b zapojuje do diplomatick\u00fdch n\u00e1silnost\u00ed \u2013 vyho\u0161\u0165uje velvyslance ne za provin\u011bn\u00ed, ale za to, \u017ee se odv\u00e1\u017eili napadnout americkou hegemonii.<\/p>\n<p>Tento krok nebude zapomenut a nez\u016fstane bez n\u00e1mitek. Ji\u017en\u00ed Afrika m\u00e1 pln\u00e9 pr\u00e1vo na odvetu t\u00edm, \u017ee vyhost\u00ed americk\u00e9 diplomaty nebo podnikne dal\u0161\u00ed pr\u00e1vn\u00ed kroky proti Trumpov\u011b administrativ\u011b. Jin\u00e9 n\u00e1rody \u2013 zejm\u00e9na ty, kter\u00e9 tvrd\u00ed, \u017ee podporuj\u00ed mezin\u00e1rodn\u00ed pr\u00e1vo \u2013 mus\u00ed proti tomuto zneu\u017e\u00edv\u00e1n\u00ed moci mluvit.<\/p>\n<p>Rubio a Trump vys\u00edlaj\u00ed jasnou zpr\u00e1vu: Americk\u00fd diplomatick\u00fd sbor nen\u00ed prost\u0159edkem k anga\u017em\u00e1, ale n\u00e1strojem zastra\u0161ov\u00e1n\u00ed. Pokud sv\u011bt nyn\u00ed nezatla\u010d\u00ed, nelze \u0159\u00edci, jak daleko Trumpovo autorit\u00e1\u0159sk\u00e9 druh\u00e9 funk\u010dn\u00ed obdob\u00ed zajde.<\/p>\n<p><span class=\"post-author\"><span class=\"by\">Autor\u00a0<\/span><a class=\"author url fn\" title=\"P\u0159\u00edsp\u011bvky od Ziyad Motala\" href=\"https:\/\/mondoweiss.net\/author\/ziyad-motala\/\" rel=\"author\">Ziyad Motala<\/a><\/span><\/p>\n<p>&nbsp;<\/p>\n","protected":false},"excerpt":{"rendered":"<p>Mimo\u0159\u00e1dn\u00fd a bezprecedentn\u00ed krok Trumpovy administrativy k \u00fa\u010dinn\u00e9mu vylou\u010den\u00ed jihoafrick\u00e9ho velvyslance Ebrahima Rasoola byl u\u010din\u011bn&#8230;<\/p>\n","protected":false},"author":2,"featured_media":74283,"comment_status":"closed","ping_status":"closed","sticky":false,"template":"","format":"standard","meta":[],"categories":[7],"tags":[107,900,5645,8473,452],"_links":{"self":[{"href":"https:\/\/www.infokuryr.cz\/n\/wp-json\/wp\/v2\/posts\/74282"}],"collection":[{"href":"https:\/\/www.infokuryr.cz\/n\/wp-json\/wp\/v2\/posts"}],"about":[{"href":"https:\/\/www.infokuryr.cz\/n\/wp-json\/wp\/v2\/types\/post"}],"author":[{"embeddable":true,"href":"https:\/\/www.infokuryr.cz\/n\/wp-json\/wp\/v2\/users\/2"}],"replies":[{"embeddable":true,"href":"https:\/\/www.infokuryr.cz\/n\/wp-json\/wp\/v2\/comments?post=74282"}],"version-history":[{"count":1,"href":"https:\/\/www.infokuryr.cz\/n\/wp-json\/wp\/v2\/posts\/74282\/revisions"}],"predecessor-version":[{"id":74284,"href":"https:\/\/www.infokuryr.cz\/n\/wp-json\/wp\/v2\/posts\/74282\/revisions\/74284"}],"wp:featuredmedia":[{"embeddable":true,"href":"https:\/\/www.infokuryr.cz\/n\/wp-json\/wp\/v2\/media\/74283"}],"wp:attachment":[{"href":"https:\/\/www.infokuryr.cz\/n\/wp-json\/wp\/v2\/media?parent=74282"}],"wp:term":[{"taxonomy":"category","embeddable":true,"href":"https:\/\/www.infokuryr.cz\/n\/wp-json\/wp\/v2\/categories?post=74282"},{"taxonomy":"post_tag","embeddable":true,"href":"https:\/\/www.infokuryr.cz\/n\/wp-json\/wp\/v2\/tags?post=74282"}],"curies":[{"name":"wp","href":"https:\/\/api.w.org\/{rel}","templated":true}]}}