{"id":74280,"date":"2025-03-17T00:18:43","date_gmt":"2025-03-16T23:18:43","guid":{"rendered":"https:\/\/www.infokuryr.cz\/n\/?p=74280"},"modified":"2025-03-16T14:58:39","modified_gmt":"2025-03-16T13:58:39","slug":"rakousko-doba-odkladu-skoncila-po-ridicich-elektromobilu-se-bude-v-budoucnu-vyzadovat-vysoke-poplatky","status":"publish","type":"post","link":"https:\/\/www.infokuryr.cz\/n\/2025\/03\/17\/rakousko-doba-odkladu-skoncila-po-ridicich-elektromobilu-se-bude-v-budoucnu-vyzadovat-vysoke-poplatky\/","title":{"rendered":"Rakousko \u2013 \u201eDoba odkladu\u201c skon\u010dila \u2013 po \u0159idi\u010d\u00edch elektromobil\u016f se bude v budoucnu vy\u017eadovat vysok\u00e9 poplatky"},"content":{"rendered":"<div id=\"fb-root\"><\/div>\n<p><span>Majitel\u00e9 elektromobil\u016f, kte\u0159\u00ed byli dosud \u201eu\u0161et\u0159eni\u201c kv\u016fli klimatick\u00e9 hysterii r\u016fzn\u00fdm poplatk\u016fm a dan\u00edm, v\u0161ak nyn\u00ed budou \u010delit dodate\u010dn\u00fdm n\u00e1klad\u016fm ve v\u00fd\u0161i n\u011bkolika set eur ro\u010dn\u011b.<\/span><\/p>\n<p><span>Vzhledem k r\u016fzn\u00fdm registrovan\u00fdm v\u00fdkon\u016fm a mrtv\u00e9 hmotnosti bude rozsah pravd\u011bpodobn\u011b od p\u0159ibli\u017en\u011b 70 do v\u00edce ne\u017e 2 000 eur.\u00a0<\/span><\/p>\n<h3><strong><span>Informuje \u00d6AMTC<\/span><\/strong><\/h3>\n<p><span>Dodate\u010dn\u00e9 n\u00e1klady vypl\u00fdvaj\u00ed ze zaveden\u00ed dan\u011b z poji\u0161t\u011bn\u00ed motorov\u00fdch vozidel pro elektromobily novou feder\u00e1ln\u00ed vl\u00e1dou, jak tak\u00e9\u00a0informoval\u00a0<\/span><em><span>help.orf.at.<\/span><\/em><\/p>\n<p><span>Jak je zn\u00e1mo, elektromobily byly ji\u017e d\u0159\u00edve od t\u00e9to dan\u011b osvobozeny. U spalovac\u00edch motor\u016f se vypo\u010d\u00edt\u00e1v\u00e1 na z\u00e1klad\u011b v\u00fdkonu motoru a emis\u00ed CO2. Nov\u00e1 da\u0148 se vztahuje na st\u00e1vaj\u00edc\u00ed vozidla i na auta registrovan\u00e1 v budoucnu.<\/span><\/p>\n<h3><strong><span>Opravdu drah\u00e9 pro \u0159idi\u010de Tesly Y<\/span><\/strong><\/h3>\n<p><span>\u00d6AMTC a ARB\u00d6 vypo\u010d\u00edtaly n\u011bkolik p\u0159\u00edklad\u016f. U \u0160kody Enyaq, elektrick\u00e9ho vozidla st\u0159edn\u00ed t\u0159\u00eddy pro rodiny, se pr\u016fm\u011brn\u00e9 dodate\u010dn\u00e9 n\u00e1klady v d\u016fsledku pojistn\u00e9 dan\u011b odhaduj\u00ed na 480 eur ro\u010dn\u011b. U BMW i4 se st\u0159edn\u00ed dodate\u010dn\u00e9 n\u00e1klady pohybuj\u00ed kolem 530 eur. U n\u011bkter\u00fdch aut jsou dan\u011b v\u00fdrazn\u011b vy\u0161\u0161\u00ed u Tesly Y, pr\u016fm\u011br se pohybuje kolem 950 eur. BYD Seal bude v pr\u016fm\u011bru dra\u017e\u0161\u00ed o 813 eur, mal\u00fd BYD Dolphin o 242 eur.<\/span><\/p>\n<p><span>Konkr\u00e9tn\u011b je n\u00e1vrh n\u00e1sleduj\u00edc\u00ed. V\u00fdkon elektromobilu je sn\u00ed\u017een o 45 kW. Za prvn\u00edch 35 kilowatt\u016f zaplat\u00edte 0,25 eura za kW. Za dal\u0161\u00edch 25 je splatn\u00e1 da\u0148 0,35 eura. A za ka\u017ed\u00fd kilowatt nad to se mus\u00ed zaplatit 0,45 eura. Ministerstvo financ\u00ed pro v\u00fdpo\u010det v\u00fdkonu nepou\u017e\u00edv\u00e1 \u0161pi\u010dkov\u00fd v\u00fdkon elektromotoru, ale trval\u00fd v\u00fdkon. Podle informac\u00ed se jedn\u00e1 o VW ID.3. Podle toho na 70 kW.<\/span><\/p>\n<p><span>Krom\u011b v\u00fdkonu se zda\u0148uje i hmotnost vozidla. Hmotnost vozidla je sn\u00ed\u017eena o 900 kilogram\u016f. Za prvn\u00edch 500 kilogram\u016f bude \u00fa\u010dtov\u00e1no 0,015 eura za kilogram. Za dal\u0161\u00edch 700 kilogram\u016f zaplat\u00edte 0,030 eur a za ka\u017ed\u00fd kilogram nad to zaplat\u00edte 0,045 eur.<\/span><\/p>\n<h3><strong><span>\u00d6AMTC po\u017eaduje da\u0148ovou transparentnost p\u0159i n\u00e1kupu auta<\/span><\/strong><\/h3>\n<p><span>Dopravn\u00ed expert \u00d6AMTC Martin Grasslober po\u017eadoval zviditeln\u011bn\u00ed dan\u00ed, kter\u00e9 je t\u0159eba zaplatit, p\u0159i n\u00e1kupu. \u201ePokud za\u010dnete uva\u017eovat o tom, kolik nakonec budete muset zaplatit a\u017e p\u0159i uzav\u0159en\u00ed poji\u0161t\u011bn\u00ed, je pozd\u011b,\u201c up\u0159esnil odborn\u00edk.<\/span><\/p>\n<p><span>Upozor\u0148uje tak\u00e9 na dal\u0161\u00ed bod: \u201eNov\u00fd vzorec pro elektromobily vych\u00e1z\u00ed z hmotnosti a v\u00fdkonu vozidla v osv\u011bd\u010den\u00ed o registraci. U posledn\u011b jmenovan\u00e9ho je po\u017eadavek, \u017ee zde mus\u00ed b\u00fdt uveden trval\u00fd v\u00fdkon. Jak mohl \u00d6AMTC p\u0159edem zjistit, byly zde zat\u00edm ojedin\u011ble chybn\u00e9 z\u00e1znamy. S ohledem na ozn\u00e1men\u00e9 da\u0148ov\u00e9 zm\u011bny \u00d6AMTC kontaktovalo dot\u010den\u00e9 v\u00fdrobce.\u201c<\/span><\/p>\n<h3><strong><span>Zm\u011bny tak\u00e9 pro plug-in hybridy<\/span><\/strong><\/h3>\n<p><span>A u plug-in hybrid\u016f se tak\u00e9 zp\u0159\u00eds\u0148uje v\u00fdpo\u010det dan\u011b z poji\u0161t\u011bn\u00ed motorov\u00fdch vozidel. Da\u0148ov\u00e9 zat\u00ed\u017een\u00ed se nyn\u00ed zvy\u0161uje tak\u00e9 u mnoha st\u00e1vaj\u00edc\u00edch vozidel. \u00d6AMTC nab\u00e1d\u00e1 k obez\u0159etnosti p\u0159i n\u00e1kupu plug-in hybrid\u016f, proto\u017ee p\u0159edpokl\u00e1dan\u00fd pod\u00edl elektromobil\u016f pou\u017e\u00edvan\u00fdch ke stanoven\u00ed emis\u00ed CO2 se v budoucnu sn\u00ed\u017e\u00ed a jejich emise se proto zv\u00fd\u0161\u00ed. &#8222;A\u010dkoli s t\u00edm politici po\u010d\u00edtali p\u0159i zdan\u011bn\u00ed, N\u011bmeck\u00fd automotoklub p\u0159esto doporu\u010duje p\u0159ed koup\u00ed auta prov\u011b\u0159it o\u010dek\u00e1vanou z\u00e1t\u011b\u017e.&#8220;<\/span><\/p>\n<p><span>V budoucnu bude platit tak\u00e9 da\u0148 z poji\u0161t\u011bn\u00ed motorov\u00fdch vozidel pro e-motocykly. \u201eE-mopedy\u201c jsou v\u0161ak v sou\u010dasn\u00e9 dob\u011b st\u00e1le vy\u0148aty<\/span><\/p>\n<p><img decoding=\"async\" loading=\"lazy\" class=\"alignnone size-full wp-image-71983\" src=\"http:\/\/www.infokuryr.cz\/n\/wp-content\/uploads\/2025\/02\/aaa.jpg\" alt=\"\" width=\"89\" height=\"23\" \/><\/p>\n<p>&nbsp;<\/p>\n","protected":false},"excerpt":{"rendered":"<p>Majitel\u00e9 elektromobil\u016f, kte\u0159\u00ed byli dosud \u201eu\u0161et\u0159eni\u201c kv\u016fli klimatick\u00e9 hysterii r\u016fzn\u00fdm poplatk\u016fm a dan\u00edm, v\u0161ak nyn\u00ed&#8230;<\/p>\n","protected":false},"author":2,"featured_media":49497,"comment_status":"closed","ping_status":"closed","sticky":false,"template":"","format":"standard","meta":[],"categories":[7],"tags":[582,45,8721,1738,120],"_links":{"self":[{"href":"https:\/\/www.infokuryr.cz\/n\/wp-json\/wp\/v2\/posts\/74280"}],"collection":[{"href":"https:\/\/www.infokuryr.cz\/n\/wp-json\/wp\/v2\/posts"}],"about":[{"href":"https:\/\/www.infokuryr.cz\/n\/wp-json\/wp\/v2\/types\/post"}],"author":[{"embeddable":true,"href":"https:\/\/www.infokuryr.cz\/n\/wp-json\/wp\/v2\/users\/2"}],"replies":[{"embeddable":true,"href":"https:\/\/www.infokuryr.cz\/n\/wp-json\/wp\/v2\/comments?post=74280"}],"version-history":[{"count":1,"href":"https:\/\/www.infokuryr.cz\/n\/wp-json\/wp\/v2\/posts\/74280\/revisions"}],"predecessor-version":[{"id":74281,"href":"https:\/\/www.infokuryr.cz\/n\/wp-json\/wp\/v2\/posts\/74280\/revisions\/74281"}],"wp:featuredmedia":[{"embeddable":true,"href":"https:\/\/www.infokuryr.cz\/n\/wp-json\/wp\/v2\/media\/49497"}],"wp:attachment":[{"href":"https:\/\/www.infokuryr.cz\/n\/wp-json\/wp\/v2\/media?parent=74280"}],"wp:term":[{"taxonomy":"category","embeddable":true,"href":"https:\/\/www.infokuryr.cz\/n\/wp-json\/wp\/v2\/categories?post=74280"},{"taxonomy":"post_tag","embeddable":true,"href":"https:\/\/www.infokuryr.cz\/n\/wp-json\/wp\/v2\/tags?post=74280"}],"curies":[{"name":"wp","href":"https:\/\/api.w.org\/{rel}","templated":true}]}}