{"id":74241,"date":"2025-03-16T00:34:30","date_gmt":"2025-03-15T23:34:30","guid":{"rendered":"https:\/\/www.infokuryr.cz\/n\/?p=74241"},"modified":"2025-03-16T06:21:20","modified_gmt":"2025-03-16T05:21:20","slug":"miroslav-petr-proc-ct-nestaci-penize","status":"publish","type":"post","link":"https:\/\/www.infokuryr.cz\/n\/2025\/03\/16\/miroslav-petr-proc-ct-nestaci-penize\/","title":{"rendered":"Miroslav Petr: Pro\u010d \u010cT nesta\u010d\u00ed pen\u00edze?"},"content":{"rendered":"<div id=\"fb-root\"><\/div>\n<p><strong>Jde o zcela viditelnou korupci, aby slou\u017eila politik\u016fm. Proto nesm\u00ed \u017e\u00e1dn\u00fd kontroln\u00ed \u00fa\u0159ad, Rada pro vys\u00edl\u00e1n\u00ed a jin\u00e9 rady prov\u00e1d\u011bt pravideln\u00e9 kontroly, proto mohou b\u00fdt zcela beztrestn\u011b za\u010dern\u011bn\u00e9 smlouvy. U\u017e jen za to by m\u011bl j\u00edt \u0159editel minul\u00fd i sou\u010dasn\u00fd do krimin\u00e1lu! Logicky to dokazuje trestnou \u010dinnost v \u010cT s v\u011bdom\u00edm samotn\u00e9ho \u0159editele! Hospoda\u0159en\u00ed s poplatky v \u010cT je mnohem hor\u0161\u00ed, ne\u017e si mysl\u00edme.\u00a0<\/strong><\/p>\n<p>Ka\u017ed\u00fd program je mnohon\u00e1sobn\u011b dra\u017e\u0161\u00ed ne\u017e program soukrom\u00e9 televize. T\u00fdk\u00e1 se politick\u00fdch debat, p\u0159\u00edm\u00fdch p\u0159enos\u016f, atd. Nejv\u011bt\u0161\u00ed n\u00e1klady jsou na osoby, kter\u00e9 v programu vys\u00edlaj\u00ed. Jde doslova o astronomick\u00e9 \u010d\u00e1stky od sto tis\u00edc \u010di sto pades\u00e1t tis\u00edc a dokonce mnohon\u00e1sobn\u011b v\u00edc. Naposledy propu\u0161t\u011bn\u00e1 report\u00e9rka dostala odchodn\u00e9 za sedmn\u00e1ct m\u011bs\u00edc\u016f ve v\u00fd\u0161i kolem jednoho a p\u016fl milionu.<\/p>\n<p>Pro\u010d dodnes nejsou zve\u0159ejn\u011bny platy \u0159editele, soudru\u017eky Moravcov\u00e9 a soudru\u017eky J\u00edlkov\u00e9, kdy\u017e je plat\u00edme ze sv\u00fdch pen\u011bz? Nebo \u010cT je soukrom\u00e1 firma? N\u011bjakou z\u00e1hadou se na internet dostala informace o platu \u0159editele \u010cT- ka\u017ed\u00fd m\u011bs\u00edc dost\u00e1v\u00e1 289 000 K\u010d. Soudruh Moravec dostal za cel\u00fd rok 2017 &#8211; 2 000 000 K\u010d, jeho hodinov\u00e1 mzda je minim\u00e1ln\u011b 141 000 K\u010d. Kdo z v\u00e1s to m\u00e1? Dnes bere samoz\u0159ejm\u011b mnohem v\u00edc.<\/p>\n<p>\u010cT poplatky jsou pr\u00fd proto, \u017ee m\u00e1me MO\u017dNOST sledovat \u010deskou televizi&#8230;Kdysi jsem sledoval \u010cT24 ka\u017ed\u00fd den. Od doby, kdy u soudru\u017eky J\u00edlkov\u00e9 byly ob\u011b strany protirusk\u00e9 a od doby, kdy se v seri\u00e1lech objevuj\u00ed ekoaktivist\u00e9 a hlavn\u011b dva gayov\u00e9, pardon, pr\u00fd takzvan\u00ed &#8222;t\u00e1tov\u00e9&#8220; adaptuj\u00edc\u00ed si d\u00edt\u011b, jsem skon\u010dil s touto televiz\u00ed a d\u00edv\u00e1m se jen velmi v\u00fdjime\u010dn\u011b na star\u0161\u00ed programy. \u010cT3 byla nenahraditeln\u00e1. Za tento kan\u00e1l jsem ochoten platit. U\u017e ch\u00e1pete, pro\u010d \u010cT pot\u0159ebuje v\u00edc pen\u011bz?<\/p>\n<p><img decoding=\"async\" loading=\"lazy\" class=\"wp-image-73173 alignleft\" src=\"http:\/\/www.infokuryr.cz\/n\/wp-content\/uploads\/2025\/02\/demonstrace-08-05-2025-209x300.jpg\" alt=\"\" width=\"456\" height=\"655\" srcset=\"https:\/\/www.infokuryr.cz\/n\/wp-content\/uploads\/2025\/02\/demonstrace-08-05-2025-209x300.jpg 209w, https:\/\/www.infokuryr.cz\/n\/wp-content\/uploads\/2025\/02\/demonstrace-08-05-2025-713x1024.jpg 713w, https:\/\/www.infokuryr.cz\/n\/wp-content\/uploads\/2025\/02\/demonstrace-08-05-2025-768x1103.jpg 768w, https:\/\/www.infokuryr.cz\/n\/wp-content\/uploads\/2025\/02\/demonstrace-08-05-2025.jpg 891w\" sizes=\"(max-width: 456px) 100vw, 456px\" \/><\/p>\n<p>Platy \u0161\u00e9f\u016f n\u011bkter\u00fdch st\u00e1tn\u00edch \/!\/ firem jsou astronomick\u00e9, kolem p\u016fl milionu i v\u00edc. Plat \u0159editele \u010cEZu jsem nena\u0161el, ale byly zve\u0159ejn\u011bny jin\u00e9 platy. \u0158editel krachuj\u00edc\u00ed po\u0161ty, kdy dopisy budou d\u00e1v\u00e1ny do schr\u00e1nek maxim\u00e1ln\u011b jednou za t\u00fdden, \u010di je\u0161t\u011b v\u00edce dn\u00ed \/t\u00fdk\u00e1 se i bal\u00edk\u016f\/\u00a0 bere p\u0159es 2 000 000 K\u010d m\u011bs\u00ed\u010dn\u011b. Za co, proboha? Za to, \u017ee bal\u00edkovny i n\u011bkter\u00e9 po\u0161ty se ru\u0161\u00ed? Jak je mo\u017en\u00e9, \u017ee ukrajinsk\u00e1 po\u0161ta u n\u00e1s je ziskov\u00e1? Mafi\u00e1ne, m\u016f\u017ee\u0161 to n\u011bjak vysv\u011btlit?<\/p>\n<p>Soudruh Eben, kdysi velmi solidn\u00ed a slu\u0161n\u00fd p\u00e1n, dnes neuv\u011b\u0159iteln\u00fd primitiv,\u00a0 na \u010cesk\u00e9m lvu zesm\u011b\u0161\u0148oval sv\u011btov\u00e9ho st\u00e1tn\u00edka USA. V demokratick\u00e9 televizi by m\u011bl okam\u017eit\u011b pad\u00e1ka! Nepochybuji, \u017ee si d\u00e1 s \u0159editelem pan\u00e1ka.<\/p>\n<p>Kdysi konzervativn\u00ed ODS podporuj\u00edc\u00ed podnik\u00e1n\u00ed, p\u0159iv\u00edtala mezi sebe Jid\u00e1\u0161e, pardon, d\u011bv\u010d\u00e1tko Lipavskou. To u\u017e na tom mus\u00ed\u00a0 b\u00fdt velmi, velmi \u0161patn\u011b. Up\u0159\u00edmnou soustrast ODS&#8230;Je\u0161t\u011b zb\u00fdv\u00e1 spojen\u00ed se starou KS\u010c a v\u0161ichni soudruzi by byli pohromad\u011b&#8230;<\/p>\n<p class=\"body apply-styles\" lang=\"cs\">Ve slovensk\u00fdch vlac\u00edch je na obrazovce n\u00e1zor Fica: &#8222;Respektovat jin\u00fd n\u00e1zor je svoboda slova.&#8220; Plak\u00e1ty v \u010desk\u00fdch vlac\u00edch p\u0159ipom\u00ednaj\u00ed &#8222;ruskou invazi 68&#8220;. M\u00e1 to jednu chybu &#8211; m\u00edsto ukrajinsk\u00e9 arm\u00e1dy je tam samoz\u0159ejm\u011b rusk\u00e1. Je to stejn\u00e9, jako absolutn\u011b zbyte\u010dn\u00fd a propagandistick\u00fd \u00dastav pro totalitu fa\u0161ismu a komunismu. Ale o tom a\u017e n\u011bkdy p\u0159\u00ed\u0161t\u011b.<\/p>\n<p>L\u017eiv\u011b propagandistick\u00fd film &#8222;Vlny&#8220; o &#8222;zl\u00fdch Rusech&#8220; byl vyznamen\u00e1n jen z politick\u00fdch d\u016fvod\u016f. Kdyby nato\u010dil fakta o osvobozen\u00ed \u010cR, o takov\u00e9m filmu by se nesm\u011blo ani mluvit. Mlad\u00edk, kter\u00fd tu dobu neza\u017eil a jeho rodi\u010de, kte\u0159\u00ed mu nic ne\u0159ekli o zkreslov\u00e1n\u00ed d\u011bjin, studoval Aspen institut, kter\u00fd v\u0161em vym\u00fdv\u00e1 mozky. U\u017e ch\u00e1pete, pro\u010d se tento podpr\u016fm\u011brn\u00fd brak vychvaluje a\u017e do nebe? Pamatujete na &#8222;p\u0159emluv b\u00e1bu&#8220;?<\/p>\n<p>Arm\u00e1da \u010cR m\u00e1 jen 14 provozuschopn\u00fdch tank\u016f a 5 000 mu\u017e\u016f. P\u0159esto Nutela, \u0158itka a svin\u011b, pardon, Fujt\u00fdn v\u011b\u0159\u00ed, \u017ee na\u0161e mikroarm\u00e1da\u00a0 vyhraje nad Ruskem&#8230;<\/p>\n<p>Sb\u00edrka na zbrojen\u00ed Ukrajiny st\u00e1le roste do astronomick\u00e9 v\u00fd\u0161ky. Co tak sb\u00edrku na nemocn\u00e9 d\u011bti a invalidy? Kdo podporuje zbrojen\u00ed, logicky nechce m\u00edr, ale ka\u017edodenn\u00ed vra\u017edy tis\u00edc\u016f Ukrajinc\u016f a stovek Rus\u016f. Opravdu nejde o trestnou \u010dinnost- podpora terorismu?<\/p>\n<p>V italsk\u00e9 \u0161koln\u00ed j\u00eddeln\u011b dostaly d\u011bti \u010dervy plavaj\u00edc\u00ed v om\u00e1\u010dce. Dobrou chu\u0165!<\/p>\n<p>Prodava\u010dka mobil\u016f chce v\u00e1lkou zastra\u0161it Putina. Pro\u010d by se m\u011bl b\u00e1t t\u00e9to nuly, kterou nikdo ve sv\u011bt\u011b nezn\u00e1? Pro\u010d by se m\u011bl b\u00e1t t\u00e9to hloup\u00e9 bezv\u00fdznamn\u00e9 kvo\u010dny?<br \/>\nKennedy pl\u00e1nuje \u0159e\u0161it chemtrails. V Brn\u011b bychom ho pot\u0159ebovali jako s\u016fl.<\/p>\n<p>Donald ru\u0161\u00ed Ziskovky zam\u011b\u0159en\u00e9 na LGBT, trans, klima, cenzura, invazi imigrant\u016f, kon\u010d\u00ed s placen\u00edm teroristick\u00fdch skupin, barevn\u00fdch revoluc\u00ed, v\u00fdm\u011bny demokratick\u00fdch vl\u00e1d za americk\u00e9 loutky, a dal\u0161\u00ed podvratn\u00e9 \u010dinnosti. Pokud jde o zm\u011bny v USA, vzpomn\u011bl jsem si na slavnou hru Obr\u00e1cen\u00ed Ferdy\u0161e Pi\u0161tory.<\/p>\n<p>Kr\u00e1lovsk\u00e9 letectvo v Brit\u00e1nii m\u00e1 nedostatek pilot\u016f, proto\u017ee Brit\u00e1nie p\u0159ij\u00edmala rasov\u00e9 men\u0161iny, \u017eeny a LGBT.<\/p>\n<p>V Ji\u017en\u00ed Dakot\u011b protestuj\u00ed proti um\u011bl\u00e9mu masu.<\/p>\n<p>Dle jak\u00e9si nuly husy Kallasov\u00e9 &#8222;sv\u011bt\u00a0 pot\u0159ebuje nov\u00e9ho v\u016fdce&#8220;. \u017de by \u0161lo o druh\u00e9ho \u00c1du?<\/p>\n<p><a href=\"https:\/\/www.czechfreepress.cz\/dalsi-blogy\/proc-ct-nestaci-penize.html\">Miroslav Petr<\/a><\/p>\n<p lang=\"cs\">\n","protected":false},"excerpt":{"rendered":"<p>Jde o zcela viditelnou korupci, aby slou\u017eila politik\u016fm. Proto nesm\u00ed \u017e\u00e1dn\u00fd kontroln\u00ed \u00fa\u0159ad, Rada pro&#8230;<\/p>\n","protected":false},"author":2,"featured_media":72057,"comment_status":"closed","ping_status":"closed","sticky":false,"template":"","format":"standard","meta":[],"categories":[6],"tags":[47,1503,90,122],"_links":{"self":[{"href":"https:\/\/www.infokuryr.cz\/n\/wp-json\/wp\/v2\/posts\/74241"}],"collection":[{"href":"https:\/\/www.infokuryr.cz\/n\/wp-json\/wp\/v2\/posts"}],"about":[{"href":"https:\/\/www.infokuryr.cz\/n\/wp-json\/wp\/v2\/types\/post"}],"author":[{"embeddable":true,"href":"https:\/\/www.infokuryr.cz\/n\/wp-json\/wp\/v2\/users\/2"}],"replies":[{"embeddable":true,"href":"https:\/\/www.infokuryr.cz\/n\/wp-json\/wp\/v2\/comments?post=74241"}],"version-history":[{"count":1,"href":"https:\/\/www.infokuryr.cz\/n\/wp-json\/wp\/v2\/posts\/74241\/revisions"}],"predecessor-version":[{"id":74242,"href":"https:\/\/www.infokuryr.cz\/n\/wp-json\/wp\/v2\/posts\/74241\/revisions\/74242"}],"wp:featuredmedia":[{"embeddable":true,"href":"https:\/\/www.infokuryr.cz\/n\/wp-json\/wp\/v2\/media\/72057"}],"wp:attachment":[{"href":"https:\/\/www.infokuryr.cz\/n\/wp-json\/wp\/v2\/media?parent=74241"}],"wp:term":[{"taxonomy":"category","embeddable":true,"href":"https:\/\/www.infokuryr.cz\/n\/wp-json\/wp\/v2\/categories?post=74241"},{"taxonomy":"post_tag","embeddable":true,"href":"https:\/\/www.infokuryr.cz\/n\/wp-json\/wp\/v2\/tags?post=74241"}],"curies":[{"name":"wp","href":"https:\/\/api.w.org\/{rel}","templated":true}]}}