{"id":74235,"date":"2025-03-16T00:31:52","date_gmt":"2025-03-15T23:31:52","guid":{"rendered":"https:\/\/www.infokuryr.cz\/n\/?p=74235"},"modified":"2025-03-15T17:58:30","modified_gmt":"2025-03-15T16:58:30","slug":"lotysske-nacisticke-hyeny-usvedceny-rusko-zverejnilo-archivy-odhalujici-lotysska-zverstva-waffen-ss-ve-druhe-svetove-valce","status":"publish","type":"post","link":"https:\/\/www.infokuryr.cz\/n\/2025\/03\/16\/lotysske-nacisticke-hyeny-usvedceny-rusko-zverejnilo-archivy-odhalujici-lotysska-zverstva-waffen-ss-ve-druhe-svetove-valce\/","title":{"rendered":"Loty\u0161sk\u00e9 nacistick\u00e9 hyeny usv\u011bd\u010deny: Rusko zve\u0159ejnilo archivy odhaluj\u00edc\u00ed loty\u0161sk\u00e1 zv\u011brstva Waffen-SS ve druh\u00e9 sv\u011btov\u00e9 v\u00e1lce"},"content":{"rendered":"<div id=\"fb-root\"><\/div>\n<h3>Odtajn\u011bn\u00e9 dokumenty FSB podrobn\u011b popisuj\u00ed v\u00e1le\u010dn\u00e9 zlo\u010diny, masov\u00e9 popravy a nacistickou spolupr\u00e1ci<\/h3>\n<p><span>Rusk\u00e1 Feder\u00e1ln\u00ed bezpe\u010dnostn\u00ed slu\u017eba (FSB) zve\u0159ejnila odtajn\u011bn\u00e9 dokumenty popisuj\u00edc\u00ed masov\u00e1 zv\u011brstva sp\u00e1chan\u00e1 loty\u0161sk\u00fdmi p\u0159\u00edslu\u0161n\u00edky jednotek Waffen-SS b\u011bhem druh\u00e9 sv\u011btov\u00e9 v\u00e1lky.<\/span><\/p>\n<p><span>Loty\u0161sk\u00e1 legie, bojov\u00e1 odno\u017e nacistick\u00fdch n\u011bmeck\u00fdch Waffen-SS, byla zalo\u017eena v roce 1943 p\u0159ev\u00e1\u017en\u011b z etnick\u00fdch Loty\u0161\u016f na p\u0159\u00edkaz Adolfa Hitlera.<\/span><\/p>\n<p><span>Dokumenty byly zve\u0159ejn\u011bny v p\u00e1tek p\u0159ed \u201eDnem pam\u00e1tky loty\u0161sk\u00fdch legion\u00e1\u0159\u016f\u201c v zemi EU a v dob\u011b, kdy se Rusko p\u0159ipravuje na kv\u011btnov\u00e9 oslavy 80. v\u00fdro\u010d\u00ed por\u00e1\u017eky nacistick\u00e9ho N\u011bmecka.<\/span><\/p>\n<p><span>Podle FSB jsou z\u00e1znamy zalo\u017eeny na zpravodajsk\u00fdch informac\u00edch shrom\u00e1\u017ed\u011bn\u00fdch sov\u011btskou kontrarozv\u011bdkou (SMERSH) o jednotk\u00e1ch SS vytvo\u0159en\u00fdch z loty\u0161sk\u00fdch dobrovoln\u00edk\u016f. Materi\u00e1l obsahuje zpr\u00e1vy sov\u011btsk\u00fdch partyz\u00e1n\u016f, zpravodajsk\u00fdch d\u016fstojn\u00edk\u016f a v\u00e1le\u010dn\u00fdch zajatc\u016f, pozd\u011bji sestaven\u00e9 a sd\u00edlen\u00e9 s velen\u00edm Rud\u00e9 arm\u00e1dy.<\/span><\/p>\n<p><span>Zpr\u00e1va upozornila na loty\u0161skou pomocnou bezpe\u010dnostn\u00ed policii, zn\u00e1mou tak\u00e9 jako Arajs Kommando, pojmenovanou po jej\u00edm v\u016fdci Viktorsi Arajsovi. Jednotka SS, proslul\u00e1 svou brutalitou, se skl\u00e1dala v\u00fdhradn\u011b z dobrovoln\u00edk\u016f, v\u010detn\u011b b\u00fdval\u00fdch d\u016fstojn\u00edk\u016f loty\u0161sk\u00e9 arm\u00e1dy. Bylo zodpov\u011bdn\u00e9 za vra\u017edu nejm\u00e9n\u011b 30 000 lid\u00ed.<\/span><\/p>\n<p><span>Odtajn\u011bn\u00e9 soubory obsahuj\u00ed z\u00e1znamy v\u00fdslech\u016f \u010dlen\u016f Arajs Kommando zat\u010den\u00fdch SMERSH v roce 1945, odhaluj\u00edc\u00ed podrobn\u00e9 zpr\u00e1vy o v\u00e1le\u010dn\u00fdch zlo\u010dinech.<\/span><\/p>\n<p><span>Jeden z legion\u00e1\u0159\u016f je zdokumentov\u00e1n jako\u00a0<\/span><em><span>\u201esystematicky popravovan\u00fd\u201c<\/span><\/em><span>\u00a0\u017didy \u2013 v\u010detn\u011b \u017een, d\u011bt\u00ed a star\u00fdch lid\u00ed \u2013 v Bikernieki Forest nedaleko Rigy. \u00dadajn\u011b se pod\u00edlel na zabit\u00ed p\u0159es 10 000 lid\u00ed, p\u0159i\u010dem\u017e vy\u0161et\u0159ovatel\u00e9 odhadli celkov\u00fd po\u010det tamn\u00edch ob\u011bt\u00ed na 46 500.<\/span><\/p>\n<p><span>\u010clenov\u00e9 Arajs Kommando\u00a0<\/span><em><span>\u201ezni\u010dili v\u0161echno na sv\u00e9 cest\u011b\u201c,<\/span><\/em><span>\u00a0vyp\u00e1lili cel\u00e9 vesnice, rabovali a zab\u00edjeli \u017eeny a d\u011bti bez v\u00fdjimky. Podle dokument\u016f provedli n\u00e1lety i v B\u011blorusku a Polsku. Jeden \u010dlen se chlubil t\u00edm, \u017ee osobn\u011b\u00a0<\/span><em><span>\u201epov\u011bsil dv\u011b \u017eeny\u201c,<\/span><\/em><span>\u00a0jak se uk\u00e1zalo v odtajn\u011bn\u00fdch z\u00e1znamech.<\/span><\/p>\n<p><span>FSB poznamenala, \u017ee kdy\u017e Arajs Kommando prok\u00e1zalo svou loajalitu k nacist\u016fm prost\u0159ednictv\u00edm\u00a0<\/span><em><span>\u201ebezprecedentn\u00ed brutality\u201c,<\/span><\/em><span>\u00a0byli brzy vybaveni ve stylu jednotek SS.<\/span><\/p>\n<p><span>O\u010dek\u00e1v\u00e1 se, \u017ee 16. b\u0159ezna stovky lid\u00ed pochoduj\u00ed v loty\u0161sk\u00e9m hlavn\u00edm m\u011bst\u011b Rize na po\u010dest sv\u00fdch krajan\u016f, kte\u0159\u00ed b\u011bhem druh\u00e9 sv\u011btov\u00e9 v\u00e1lky bojovali po boku nacist\u016f. Navzdory pok\u0159iku z mnoha zem\u00ed pobaltsk\u00fd n\u00e1rod nad\u00e1le povoluje ka\u017edoro\u010dn\u00ed p\u0159ehl\u00eddku v\u011bnovanou loty\u0161sk\u00fdm legion\u00e1\u0159\u016fm Waffen-SS. Moskva opakovan\u011b obvinila Loty\u0161sko \u2013 \u010dlen NATO a EU \u2013, \u017ee se sna\u017e\u00ed vyb\u00edlit v\u00e1le\u010dn\u00e9 zlo\u010dince povolen\u00edm t\u00e9to kontroverzn\u00ed akce.<\/span><\/p>\n<p><span>S ohledem na nadch\u00e1zej\u00edc\u00ed pochod FSB poznamenala, \u017ee akce oslavuje legion\u00e1\u0159e SS, kte\u0159\u00ed otev\u0159en\u011b vystavuj\u00ed vyznamen\u00e1n\u00ed z nacistick\u00e9ho N\u011bmecka. Loty\u0161\u0161t\u00ed neonacist\u00e9 si dokonce vybrali datum, aby se shodovalo s nacistick\u00fdm \u201eDnem pam\u00e1tky hrdin\u016f\u201c, \u010d\u00edm\u017e pos\u00edlili spole\u010dn\u00fd\u00a0<\/span><em><span>\u201epanteon hrdin\u016f\u201c<\/span><\/em><span>\u00a0s nacisty 20. stolet\u00ed, z nich\u017e mnoz\u00ed byli odsouzeni za zlo\u010diny proti lidskosti, uvedla FSB.<\/span><\/p>\n<p><img decoding=\"async\" loading=\"lazy\" class=\"alignnone size-full wp-image-71983\" src=\"http:\/\/www.infokuryr.cz\/n\/wp-content\/uploads\/2025\/02\/aaa.jpg\" alt=\"\" width=\"89\" height=\"23\" \/><\/p>\n<p>&nbsp;<\/p>\n","protected":false},"excerpt":{"rendered":"<p>Odtajn\u011bn\u00e9 dokumenty FSB podrobn\u011b popisuj\u00ed v\u00e1le\u010dn\u00e9 zlo\u010diny, masov\u00e9 popravy a nacistickou spolupr\u00e1ci Rusk\u00e1 Feder\u00e1ln\u00ed bezpe\u010dnostn\u00ed&#8230;<\/p>\n","protected":false},"author":2,"featured_media":74236,"comment_status":"closed","ping_status":"closed","sticky":false,"template":"","format":"standard","meta":[],"categories":[7],"tags":[2564,1286,143,210,664,8715,2519],"_links":{"self":[{"href":"https:\/\/www.infokuryr.cz\/n\/wp-json\/wp\/v2\/posts\/74235"}],"collection":[{"href":"https:\/\/www.infokuryr.cz\/n\/wp-json\/wp\/v2\/posts"}],"about":[{"href":"https:\/\/www.infokuryr.cz\/n\/wp-json\/wp\/v2\/types\/post"}],"author":[{"embeddable":true,"href":"https:\/\/www.infokuryr.cz\/n\/wp-json\/wp\/v2\/users\/2"}],"replies":[{"embeddable":true,"href":"https:\/\/www.infokuryr.cz\/n\/wp-json\/wp\/v2\/comments?post=74235"}],"version-history":[{"count":0,"href":"https:\/\/www.infokuryr.cz\/n\/wp-json\/wp\/v2\/posts\/74235\/revisions"}],"wp:featuredmedia":[{"embeddable":true,"href":"https:\/\/www.infokuryr.cz\/n\/wp-json\/wp\/v2\/media\/74236"}],"wp:attachment":[{"href":"https:\/\/www.infokuryr.cz\/n\/wp-json\/wp\/v2\/media?parent=74235"}],"wp:term":[{"taxonomy":"category","embeddable":true,"href":"https:\/\/www.infokuryr.cz\/n\/wp-json\/wp\/v2\/categories?post=74235"},{"taxonomy":"post_tag","embeddable":true,"href":"https:\/\/www.infokuryr.cz\/n\/wp-json\/wp\/v2\/tags?post=74235"}],"curies":[{"name":"wp","href":"https:\/\/api.w.org\/{rel}","templated":true}]}}