{"id":7422,"date":"2022-01-09T05:08:15","date_gmt":"2022-01-09T04:08:15","guid":{"rendered":"http:\/\/www.infokuryr.cz\/n\/?p=7422"},"modified":"2022-01-09T05:08:15","modified_gmt":"2022-01-09T04:08:15","slug":"trikrat-ockovany-rakousky-kancler-v-izolaci","status":"publish","type":"post","link":"https:\/\/www.infokuryr.cz\/n\/2022\/01\/09\/trikrat-ockovany-rakousky-kancler-v-izolaci\/","title":{"rendered":"T\u0159ikr\u00e1t o\u010dkovan\u00fd rakousk\u00fd kancl\u00e9\u0159 v izolaci"},"content":{"rendered":"<div id=\"fb-root\"><\/div>\n<div class=\"perex\"><strong>Spolkov\u00fd kancl\u00e9\u0159 Karl Nehammer m\u011bl v p\u00e1tek pozitivn\u00ed test na koronavirus. Podle ozn\u00e1men\u00ed spolkov\u00e9ho kancl\u00e9\u0159stv\u00ed se vr\u00e1til z dovolen\u00e9 v \u00fater\u00fd a ve st\u0159edu b\u011b\u017en\u011b d\u011blal PCR test s negativn\u00edm v\u00fdsledkem. K n\u00e1kaze z\u0159ejm\u011b do\u0161lo ve st\u0159edu ve\u010der v kontaktu se \u010dlenem jeho bezpe\u010dnostn\u00edho t\u00fdmu.<\/strong><\/div>\n<div class=\"content\">\n<p>Kancl\u00e9\u0159 se pak hned v p\u00e1tek nechal je\u0161t\u011b dvakr\u00e1t otestovat PCR a oba testy byly pozitivn\u00ed, p\u0159esto\u017ee byl podle kancl\u00e9\u0159stv\u00ed &#8222;o\u010dkov\u00e1n t\u0159ikr\u00e1t, samoz\u0159ejm\u011b&#8220;. Nach\u00e1z\u00ed se v karant\u00e9n\u011b a v sou\u010dasn\u00e9 dob\u011b vy\u0159izuje svou ofici\u00e1ln\u00ed \u010dinnost z domova pomoc\u00ed videokonferenc\u00ed a telefonn\u00edch konferenc\u00ed. V nejbli\u017e\u0161\u00edch dnech se nez\u00fa\u010dastn\u00ed \u017e\u00e1dn\u00e9 ve\u0159ejn\u00e9 sch\u016fzky s osobn\u00edmi kontakty. B\u011bhem konzultac\u00ed se st\u00e1tn\u00ed krizovou koordinac\u00ed Covid GECKO a hejtmany spolkov\u00fdch zem\u00ed , kte\u0159\u00ed byli propojeni prost\u0159ednictv\u00edm videa, m\u011bl Nehammer podle kancl\u00e9\u0159stv\u00ed po celou dobu na sob\u011b respir\u00e1tor typu FFP2.<\/p>\n<p>Na n\u00e1sleduj\u00edc\u00ed tiskov\u00e9 konferenci si ho v\u0161ak kancl\u00e9\u0159 \u2013 stejn\u011b jako ostatn\u00ed \u0159e\u010dn\u00edci \u2013 p\u0159i sv\u00fdch prohl\u00e1\u0161en\u00edch ji\u017e sundal. \u00da\u010dastn\u00edci od sebe byli odd\u011bleni panely z\u00a0plexiskla, aby byla pro novin\u00e1\u0159e dostate\u010dn\u00e1 bezpe\u010dnostn\u00ed vzd\u00e1lenost.<\/p>\n<p>Kancl\u00e9\u0159 podle ORF v tuto chv\u00edli nevykazuje \u017e\u00e1dn\u00e9 p\u0159\u00edznaky a ozn\u00e1mil: \u201eNen\u00ed t\u0159eba se ob\u00e1vat, jsem v po\u0159\u00e1dku. Moje v\u00fdzva st\u00e1le zn\u00ed: Nechte se o\u010dkovat, nechte se pos\u00edlit, to v\u00e1s s vysokou pravd\u011bpodobnost\u00ed ochr\u00e1n\u00ed p\u0159ed t\u011b\u017ek\u00fdm pr\u016fb\u011bhem.\u201c<\/p>\n<p>V\u0161ichni, s nimi\u017e byl kancl\u00e9\u0159 v kontaktu, byli informov\u00e1ni a nikdo nemus\u00ed b\u00fdt v karant\u00e9n\u011b, proto\u017ee byli tak\u00e9 t\u0159ikr\u00e1t o\u010dkov\u00e1ni. Ofici\u00e1ln\u00ed pl\u00e1n vl\u00e1dy po\u010d\u00edt\u00e1 od soboty se zm\u011bnou kontaktn\u00edho re\u017eimu, kdy kontaktn\u00ed osoba mus\u00ed b\u00fdt t\u0159ikr\u00e1t o\u010dkov\u00e1na a nosit FFP2.<\/p>\n<p>Ministr zdravotnictv\u00ed Wolfgang M\u00fcckstein poslal Nehammerovi na Twitteru p\u0159\u00e1n\u00ed brzk\u00e9ho uzdraven\u00ed, rovn\u011b\u017e tak i spolkov\u00fd prezident Alexander Van der Bellen, stejn\u011b jako \u0161\u00e9fka opozi\u010dn\u00ed soci\u00e1ln\u00ed demokracie Pamela Rendi-Wagnerov\u00e1. P\u0159edseda pravicov\u00fdch Svobodn\u00fdch Herbert Kickl poslal rovn\u011b\u017e Nehammerovi p\u0159\u00e1n\u00ed k uzdraven\u00ed: &#8222;Douf\u00e1m, \u017ee dostane jen m\u00edrn\u00e9 p\u0159\u00edznaky a brzy bude zase zdrav\u00fd,&#8220; uvedl.<\/p>\n<p>\u201ePodle jeho mluv\u010d\u00edho st\u00e1le nen\u00ed jasn\u00e9, zda je Nehammer infikov\u00e1n variantou Omikron a sekvenov\u00e1n\u00ed st\u00e1le prob\u00edh\u00e1. Nehammerova man\u017eelka a d\u011bti byly testov\u00e1ny negativn\u011b. Se zv\u00fd\u0161en\u00fdm \u0161\u00ed\u0159en\u00edm varianty Omikron se nov\u011b upravuje karant\u00e9na pro kontaktn\u00ed osoby. Od 11. ledna je nav\u00edc venku i nutn\u00fd respir\u00e1tor FFP2, pokud nen\u00ed mo\u017en\u00e1 vzd\u00e1lenost dvou metr\u016f. V maloobchod\u011b je poprv\u00e9 povinnost kontroly tohoto opat\u0159en\u00ed a uzam\u010den\u00ed pro neo\u010dkovan\u00e9 z\u016fst\u00e1v\u00e1 v platnosti.<\/p>\n<\/div>\n<p><a href=\"http:\/\/vasevec.parlamentnilisty.cz\/rakousky-kancler-v-izolaci\">Richard Seemann<\/a><\/p>\n<p>&nbsp;<\/p>\n","protected":false},"excerpt":{"rendered":"<p>Spolkov\u00fd kancl\u00e9\u0159 Karl Nehammer m\u011bl v p\u00e1tek pozitivn\u00ed test na koronavirus. Podle ozn\u00e1men\u00ed spolkov\u00e9ho kancl\u00e9\u0159stv\u00ed&#8230;<\/p>\n","protected":false},"author":2,"featured_media":2262,"comment_status":"closed","ping_status":"closed","sticky":false,"template":"","format":"standard","meta":[],"categories":[7],"tags":[1685,1079,1220,1511,120],"_links":{"self":[{"href":"https:\/\/www.infokuryr.cz\/n\/wp-json\/wp\/v2\/posts\/7422"}],"collection":[{"href":"https:\/\/www.infokuryr.cz\/n\/wp-json\/wp\/v2\/posts"}],"about":[{"href":"https:\/\/www.infokuryr.cz\/n\/wp-json\/wp\/v2\/types\/post"}],"author":[{"embeddable":true,"href":"https:\/\/www.infokuryr.cz\/n\/wp-json\/wp\/v2\/users\/2"}],"replies":[{"embeddable":true,"href":"https:\/\/www.infokuryr.cz\/n\/wp-json\/wp\/v2\/comments?post=7422"}],"version-history":[{"count":0,"href":"https:\/\/www.infokuryr.cz\/n\/wp-json\/wp\/v2\/posts\/7422\/revisions"}],"wp:featuredmedia":[{"embeddable":true,"href":"https:\/\/www.infokuryr.cz\/n\/wp-json\/wp\/v2\/media\/2262"}],"wp:attachment":[{"href":"https:\/\/www.infokuryr.cz\/n\/wp-json\/wp\/v2\/media?parent=7422"}],"wp:term":[{"taxonomy":"category","embeddable":true,"href":"https:\/\/www.infokuryr.cz\/n\/wp-json\/wp\/v2\/categories?post=7422"},{"taxonomy":"post_tag","embeddable":true,"href":"https:\/\/www.infokuryr.cz\/n\/wp-json\/wp\/v2\/tags?post=7422"}],"curies":[{"name":"wp","href":"https:\/\/api.w.org\/{rel}","templated":true}]}}