{"id":74206,"date":"2025-03-16T00:23:59","date_gmt":"2025-03-15T23:23:59","guid":{"rendered":"https:\/\/www.infokuryr.cz\/n\/?p=74206"},"modified":"2025-03-15T15:22:45","modified_gmt":"2025-03-15T14:22:45","slug":"po-serii-masakru-zapalily-syrske-vladni-sily-alawitska-mesta","status":"publish","type":"post","link":"https:\/\/www.infokuryr.cz\/n\/2025\/03\/16\/po-serii-masakru-zapalily-syrske-vladni-sily-alawitska-mesta\/","title":{"rendered":"Po s\u00e9rii masakr\u016f zap\u00e1lily syrsk\u00e9 vl\u00e1dn\u00ed s\u00edly alawitsk\u00e1 m\u011bsta"},"content":{"rendered":"<div id=\"fb-root\"><\/div>\n<p><strong><span>Syrsk\u00e9 vl\u00e1dn\u00ed s\u00edly zalo\u017eily s\u00e9rii po\u017e\u00e1r\u016f na venkov\u011b Latakia na pob\u0159e\u017e\u00ed, sp\u00e1lily lesy, zem\u011bd\u011blskou p\u016fdu a pozemky, informovala 14. b\u0159ezna Syrsk\u00e1 observato\u0159 pro lidsk\u00e1 pr\u00e1va (SOHR).<\/span><\/strong><\/p>\n<p><span>Pob\u0159e\u017e\u00ed je srdcem nejv\u011bt\u0161\u00ed syrsk\u00e9 men\u0161inov\u00e9 skupiny, Alavit\u016f. B\u011bhem minul\u00e9ho t\u00fddne SOHR nahl\u00e1silo smrt nejm\u00e9n\u011b 1 476 civilist\u016f, v\u011bt\u0161inou Alawit\u016f, na pob\u0159e\u017e\u00ed p\u0159i brut\u00e1ln\u00edm vl\u00e1dn\u00edm z\u00e1sahu, kter\u00fd m\u011bl potla\u010dit povst\u00e1n\u00ed b\u00fdval\u00fdch voj\u00e1k\u016f a d\u016fstojn\u00edk\u016f ze sekty.<\/span><\/p>\n<p><span>Podle lond\u00fdnsk\u00e9 monitorovac\u00ed skupiny, kter\u00e1 varovala, \u017ee tyto po\u017e\u00e1ry \u201eohro\u017euj\u00ed \u017eivoty civilist\u016f, kte\u0159\u00ed uprchli ze sv\u00fdch domov\u016f do zalesn\u011bn\u00fdch oblast\u00ed, aby unikli systematick\u00e9mu zab\u00edjen\u00ed\u201c, byly po\u017e\u00e1ry, kter\u00e9 zalo\u017eili zam\u011bstnanci syrsk\u00e9ho ministerstva obrany, soust\u0159ed\u011bny v oblasti al-Qardaha.<\/span><\/p>\n<p><span>B\u00fdval\u00fd syrsk\u00fd prezident Ba\u0161\u00e1r al-Asad, kter\u00fd byl loni v prosinci svr\u017een islamistickou koalic\u00ed, kter\u00e1 nyn\u00ed vede vl\u00e1du, je s\u00e1m alawita z al-Kard\u00e1hy.<\/span><\/p>\n<p><span>Videa zve\u0159ejn\u011bn\u00e1 na soci\u00e1ln\u00edch s\u00edt\u00edch ukazovala, jak se vl\u00e1dn\u00ed bojovn\u00edci po zalo\u017een\u00ed po\u017e\u00e1r\u016f sm\u011bj\u00ed, co\u017e potvrzuje zpr\u00e1vu SOHR.<\/span><\/p>\n<p><span>Stoj\u00ed za zm\u00ednku, \u017ee podobn\u00e9 po\u017e\u00e1ry byly v posledn\u00edch dnech hl\u00e1\u0161eny i v jin\u00fdch \u010d\u00e1stech Latakie a tak\u00e9 v nedalek\u00e9m guvernor\u00e1tu Tartus.<\/span><\/p>\n<p><iframe loading=\"lazy\" src=\"https:\/\/s5.cdnstatic.space\/wp-content\/uploads\/2025\/03\/AQPsuKPpimlSS3wj5puHJDSE8crVPLvvGkKAfwcCgIWKCOvnAMzaHP0kHoVK7Y6aC_f1tSRzy-sOYFlbbk2lyRpk.mp4\" width=\"600\" height=\"338\" data-mce-fragment=\"1\"><\/iframe><\/p>\n<p><iframe loading=\"lazy\" src=\"https:\/\/s5.cdnstatic.space\/wp-content\/uploads\/2025\/03\/video_2025-03-14_20-14-07.mp4\" width=\"600\" height=\"338\" data-mce-fragment=\"1\"><\/iframe><\/p>\n<p><iframe loading=\"lazy\" src=\"https:\/\/s5.cdnstatic.space\/wp-content\/uploads\/2025\/03\/video_2025-03-14_20-14-02.mp4\" width=\"600\" height=\"338\" data-mce-fragment=\"1\"><\/iframe><\/p>\n<p><span>Od za\u010d\u00e1tku represe 6. b\u0159ezna monitorovac\u00ed skupina zdokumentovala asi 50 masakr\u016f, kter\u00e9 se zam\u011b\u0159ovaly p\u0159edev\u0161\u00edm na alawitsk\u00e9 civilisty v Lattakii, Tartusu, Ham\u011b a Homsu.<\/span><\/p>\n<p><span>O\u010dek\u00e1v\u00e1 se, \u017ee skute\u010dn\u00fd po\u010det ob\u011bt\u00ed bude mnohem vy\u0161\u0161\u00ed, ne\u017e uv\u00e1d\u00ed skupina, proto\u017ee mnoho lid\u00ed se st\u00e1le poh\u0159e\u0161uje, uprost\u0159ed zpr\u00e1v o tom, \u017ee vl\u00e1dn\u00ed s\u00edly a loajalist\u00e9 p\u00e1lili t\u011bla, poh\u0159b\u00edvali je v neozna\u010den\u00fdch hromadn\u00fdch hrobech nebo je dokonce h\u00e1zeli do mo\u0159e.<\/span><\/p>\n<p><span>Syrsk\u00e1 prozat\u00edmn\u00ed vl\u00e1da se pokusila vyhnout odpov\u011bdnosti t\u00edm, \u017ee ozn\u00e1mila, \u017ee v\u0161echny operace na pob\u0159e\u017e\u00ed skon\u010dily, a pot\u00e9 vytvo\u0159ila vy\u0161et\u0159ovac\u00ed v\u00fdbor. P\u0159esto vra\u017ed\u011bn\u00ed pokra\u010duje.<\/span><\/p>\n<p><span>Masakry zat\u00edm vyhnaly nejm\u00e9n\u011b 10 000 Alawit\u016f do guvernor\u00e1tu Baalbek-Hermel ve v\u00fdchodn\u00edm Libanonu a v\u00edce ne\u017e 8 000 dal\u0161\u00edch se uch\u00fdlilo na ruskou leteckou z\u00e1kladnu Khmeimim pobl\u00ed\u017e m\u011bsta Jableh v Latakii.<\/span><\/p>\n<p><span>V prohl\u00e1\u0161en\u00ed vypracovan\u00e9m jak Ruskem, tak Spojen\u00fdmi st\u00e1ty, Rada bezpe\u010dnosti OSN 14. b\u0159ezna odsoudila masakry na syrsk\u00e9m pob\u0159e\u017e\u00ed a vyzvala vl\u00e1du zem\u011b, aby respektovala v\u0161echny lidi bez ohledu na n\u00e1bo\u017eenstv\u00ed nebo etnick\u00fd p\u016fvod.<\/span><\/p>\n<p><span>Navzdory mezin\u00e1rodn\u00edmu tlaku kv\u016fli zab\u00edjen\u00ed na pob\u0159e\u017e\u00ed syrsk\u00e1 vl\u00e1da zat\u00edm nepodnikla \u017e\u00e1dn\u00e9 skute\u010dn\u00e9 kroky ke zm\u00edrn\u011bn\u00ed nap\u011bt\u00ed nebo se jak\u00fdmkoliv smyslupln\u00fdm zp\u016fsobem anga\u017eovala s Alawity. Mezit\u00edm se zd\u00e1, \u017ee men\u0161inov\u00e1 skupina ztratila ve\u0161kerou d\u016fv\u011bru ve vl\u00e1du a mnoho jej\u00edch v\u016fdc\u016f po\u017eadovalo mezin\u00e1rodn\u00ed ochranu.<\/span><\/p>\n<p><img decoding=\"async\" loading=\"lazy\" class=\"alignnone size-full wp-image-71983\" src=\"http:\/\/www.infokuryr.cz\/n\/wp-content\/uploads\/2025\/02\/aaa.jpg\" alt=\"\" width=\"89\" height=\"23\" \/><\/p>\n<p>&nbsp;<\/p>\n","protected":false},"excerpt":{"rendered":"<p>Syrsk\u00e9 vl\u00e1dn\u00ed s\u00edly zalo\u017eily s\u00e9rii po\u017e\u00e1r\u016f na venkov\u011b Latakia na pob\u0159e\u017e\u00ed, sp\u00e1lily lesy, zem\u011bd\u011blskou p\u016fdu&#8230;<\/p>\n","protected":false},"author":2,"featured_media":74207,"comment_status":"closed","ping_status":"closed","sticky":false,"template":"","format":"standard","meta":[],"categories":[7],"tags":[3943,6698,147,5135],"_links":{"self":[{"href":"https:\/\/www.infokuryr.cz\/n\/wp-json\/wp\/v2\/posts\/74206"}],"collection":[{"href":"https:\/\/www.infokuryr.cz\/n\/wp-json\/wp\/v2\/posts"}],"about":[{"href":"https:\/\/www.infokuryr.cz\/n\/wp-json\/wp\/v2\/types\/post"}],"author":[{"embeddable":true,"href":"https:\/\/www.infokuryr.cz\/n\/wp-json\/wp\/v2\/users\/2"}],"replies":[{"embeddable":true,"href":"https:\/\/www.infokuryr.cz\/n\/wp-json\/wp\/v2\/comments?post=74206"}],"version-history":[{"count":0,"href":"https:\/\/www.infokuryr.cz\/n\/wp-json\/wp\/v2\/posts\/74206\/revisions"}],"wp:featuredmedia":[{"embeddable":true,"href":"https:\/\/www.infokuryr.cz\/n\/wp-json\/wp\/v2\/media\/74207"}],"wp:attachment":[{"href":"https:\/\/www.infokuryr.cz\/n\/wp-json\/wp\/v2\/media?parent=74206"}],"wp:term":[{"taxonomy":"category","embeddable":true,"href":"https:\/\/www.infokuryr.cz\/n\/wp-json\/wp\/v2\/categories?post=74206"},{"taxonomy":"post_tag","embeddable":true,"href":"https:\/\/www.infokuryr.cz\/n\/wp-json\/wp\/v2\/tags?post=74206"}],"curies":[{"name":"wp","href":"https:\/\/api.w.org\/{rel}","templated":true}]}}