{"id":74199,"date":"2025-03-16T00:20:53","date_gmt":"2025-03-15T23:20:53","guid":{"rendered":"https:\/\/www.infokuryr.cz\/n\/?p=74199"},"modified":"2025-03-15T15:14:36","modified_gmt":"2025-03-15T14:14:36","slug":"izraelsky-ministr-obrany-uvedl-ze-vojaci-zustanou-na-peti-stanovistich-v-jiznim-libanonu-na-neurcito","status":"publish","type":"post","link":"https:\/\/www.infokuryr.cz\/n\/2025\/03\/16\/izraelsky-ministr-obrany-uvedl-ze-vojaci-zustanou-na-peti-stanovistich-v-jiznim-libanonu-na-neurcito\/","title":{"rendered":"Izraelsk\u00fd ministr obrany uvedl, \u017ee voj\u00e1ci z\u016fstanou na p\u011bti stanovi\u0161t\u00edch v ji\u017en\u00edm Libanonu \u201ena neur\u010dito\u201c"},"content":{"rendered":"<div id=\"fb-root\"><\/div>\n<p><strong><span>Izraelsk\u00fd ministr obrany Israel Katz 14. b\u0159ezna \u0159ekl, \u017ee Izraelsk\u00e9 obrann\u00e9 s\u00edly (IDF) z\u016fstanou rozm\u00edst\u011bny na p\u011bti strategick\u00fdch bodech v ji\u017en\u00edm Libanonu \u201ena dobu neur\u010ditou\u201c.<\/span><\/strong><\/p>\n<p><span>Podle prohl\u00e1\u0161en\u00ed vydan\u00e9ho Katzovou kancel\u00e1\u0159\u00ed ministr up\u0159esnil b\u011bhem hodnocen\u00ed, kter\u00e9 prob\u011bhlo s n\u00e1\u010deln\u00edkem \u0161t\u00e1bu IDF, gener\u00e1lporu\u010d\u00edkem Eyalem Zamirem a dal\u0161\u00edmi nejvy\u0161\u0161\u00edmi vojensk\u00fdmi p\u0159edstaviteli, \u0159ekli o den d\u0159\u00edve, \u017ee arm\u00e1da \u201ez\u016fstane na dobu neur\u010ditou na p\u011bti bodech, kter\u00e9 kontroluj\u00ed n\u00e1razn\u00edkovou z\u00f3nu v Libanonu, v z\u00e1jmu ochrany obyvatel severu, a to je bez jak\u00e9hokoli spojen\u00ed s budouc\u00edmi jedn\u00e1n\u00edmi o hranic\u00edch.\u201c<\/span><\/p>\n<p><span>Katz instruoval IDF, aby opevnila sv\u00e9 pozice na p\u011bti strategick\u00fdch bodech a p\u0159ipravila se tam z\u016fstat po dlouhou dobu, dodal jeho \u00fa\u0159ad.<\/span><\/p>\n<p><span>IDF m\u011bla st\u00e1hnout v\u0161echny voj\u00e1ky z ji\u017en\u00edho Libanonu p\u0159ed 18. \u00fanorem jako sou\u010d\u00e1st dohody o p\u0159\u00edm\u011b\u0159\u00ed, kterou Spojen\u00e9 st\u00e1ty loni v listopadu poru\u0161ily. Izrael si v\u0161ak ponechal v regionu p\u011bt strategick\u00fdch stanovi\u0161\u0165, \u00fadajn\u011b s povolen\u00edm Washingtonu.<\/span><\/p>\n<p><span>Sloupky jsou um\u00edst\u011bny na kopci pobl\u00ed\u017e m\u011bsta Labbouneh, naproti izraelsk\u00e9 pohrani\u010dn\u00ed osad\u011b Shlomi; vrchol Jabal Blat naproti osad\u011b Zar&#8217;it; kopec naproti osad\u00e1m Avivim a Malkia; kopec naproti osad\u011b Margaliot; a kopec naproti osad\u011b Metula. \u017d\u00e1dn\u00e1 z t\u011bchto pozic nen\u00ed obsazena.<\/span><\/p>\n<p><span>P\u0159\u00edm\u011b\u0159\u00ed ukon\u010dilo v\u00edce ne\u017e 14 m\u011bs\u00edc\u016f trvaj\u00edc\u00ed st\u0159ety s Hizball\u00e1hem, ale IDF pokra\u010duj\u00ed v \u00faderech proti t\u00e9to skupin\u011b.<\/span><\/p>\n<p><span>Hizball\u00e1h zah\u00e1jil konfrontaci den po p\u0159ekvapiv\u00e9m \u00fatoku na Izrael ze 7. \u0159\u00edjna na podporu hnut\u00ed Ham\u00e1s v p\u00e1smu Gazy.<\/span><\/p>\n<p><span>Za\u010d\u00e1tkem tohoto t\u00fddne vedly Izrael a Libanon p\u0159\u00edm\u00e1 jedn\u00e1n\u00ed o vy\u0159e\u0161en\u00ed dlouhodob\u00fdch probl\u00e9m\u016f o jejich spole\u010dn\u00e9 hranici a Izrael vr\u00e1til p\u011bt libanonsk\u00fdch v\u011bz\u0148\u016f, kter\u00e9 zatkl v boj\u00edch, co\u017e bylo pops\u00e1no jako gesto dobr\u00e9 v\u016fle nov\u011b zvolen\u00e9mu libanonsk\u00e9mu prezidentovi Josephu Aounovi.<\/span><\/p>\n<p><span>Zat\u00edmco izraelsk\u00fd p\u0159edstavitel \u0159ekl, \u017ee c\u00edlem rozhovor\u016f je tak\u00e9 dos\u00e1hnout normalizace bilater\u00e1ln\u00edch vztah\u016f, libanonsk\u00fd zdroj citovan\u00fd pro\u00edr\u00e1nsk\u00fdm kan\u00e1lem Al-Mayadeen uvedl, \u017ee vztahy s Izraelem nejsou na stole.<\/span><\/p>\n<p><span>Hizball\u00e1h byl b\u011bhem posledn\u00ed konfrontace s Izraelem hluboce oslaben a ztratil t\u00e9m\u011b\u0159 ve\u0161ker\u00e9 sv\u00e9 veden\u00ed a velkou \u010d\u00e1st sv\u00fdch vojensk\u00fdch schopnost\u00ed. Nyn\u00ed Izrael pracuje na tom, aby toho vyu\u017eil. Mezit\u00edm se zd\u00e1, \u017ee skupina projevuje strategickou trp\u011blivost.<\/span><\/p>\n<p><img decoding=\"async\" loading=\"lazy\" class=\"alignnone size-full wp-image-71983\" src=\"http:\/\/www.infokuryr.cz\/n\/wp-content\/uploads\/2025\/02\/aaa.jpg\" alt=\"\" width=\"89\" height=\"23\" \/><\/p>\n<p>&nbsp;<\/p>\n","protected":false},"excerpt":{"rendered":"<p>Izraelsk\u00fd ministr obrany Israel Katz 14. b\u0159ezna \u0159ekl, \u017ee Izraelsk\u00e9 obrann\u00e9 s\u00edly (IDF) z\u016fstanou rozm\u00edst\u011bny&#8230;<\/p>\n","protected":false},"author":2,"featured_media":74200,"comment_status":"closed","ping_status":"closed","sticky":false,"template":"","format":"standard","meta":[],"categories":[7],"tags":[107,405,111],"_links":{"self":[{"href":"https:\/\/www.infokuryr.cz\/n\/wp-json\/wp\/v2\/posts\/74199"}],"collection":[{"href":"https:\/\/www.infokuryr.cz\/n\/wp-json\/wp\/v2\/posts"}],"about":[{"href":"https:\/\/www.infokuryr.cz\/n\/wp-json\/wp\/v2\/types\/post"}],"author":[{"embeddable":true,"href":"https:\/\/www.infokuryr.cz\/n\/wp-json\/wp\/v2\/users\/2"}],"replies":[{"embeddable":true,"href":"https:\/\/www.infokuryr.cz\/n\/wp-json\/wp\/v2\/comments?post=74199"}],"version-history":[{"count":0,"href":"https:\/\/www.infokuryr.cz\/n\/wp-json\/wp\/v2\/posts\/74199\/revisions"}],"wp:featuredmedia":[{"embeddable":true,"href":"https:\/\/www.infokuryr.cz\/n\/wp-json\/wp\/v2\/media\/74200"}],"wp:attachment":[{"href":"https:\/\/www.infokuryr.cz\/n\/wp-json\/wp\/v2\/media?parent=74199"}],"wp:term":[{"taxonomy":"category","embeddable":true,"href":"https:\/\/www.infokuryr.cz\/n\/wp-json\/wp\/v2\/categories?post=74199"},{"taxonomy":"post_tag","embeddable":true,"href":"https:\/\/www.infokuryr.cz\/n\/wp-json\/wp\/v2\/tags?post=74199"}],"curies":[{"name":"wp","href":"https:\/\/api.w.org\/{rel}","templated":true}]}}