{"id":74196,"date":"2025-03-16T00:18:40","date_gmt":"2025-03-15T23:18:40","guid":{"rendered":"https:\/\/www.infokuryr.cz\/n\/?p=74196"},"modified":"2025-03-15T15:46:39","modified_gmt":"2025-03-15T14:46:39","slug":"valka-pro-palestince-v-pohranicnich-oblastech-gazy-nikdy-neskoncila","status":"publish","type":"post","link":"https:\/\/www.infokuryr.cz\/n\/2025\/03\/16\/valka-pro-palestince-v-pohranicnich-oblastech-gazy-nikdy-neskoncila\/","title":{"rendered":"V\u00e1lka pro Palestince v pohrani\u010dn\u00edch oblastech Gazy nikdy neskon\u010dila"},"content":{"rendered":"<div id=\"fb-root\"><\/div>\n<h4>Palestinci v pohrani\u010dn\u00edch oblastech Gazy jsou od za\u010d\u00e1tku p\u0159\u00edm\u011b\u0159\u00ed v polovin\u011b ledna denn\u011b zab\u00edjeni a zran\u011bni. Obyvatel Shuja&#8217;iyya \u0159\u00edk\u00e1 Mondoweissovi: &#8222;V\u00e1lka se nezastavila, pr\u00e1v\u011b naopak. V\u00e1lka zes\u00edlila.&#8220;<\/h4>\n<p>Israa al-Mughni stoj\u00ed uprost\u0159ed trosek sv\u00e9ho domu ve v\u00fdchodn\u00ed \u010d\u00e1sti \u010dtvrti Shuja&#8217;iyya ve m\u011bst\u011b Gaza. Nad hlavou bez p\u0159est\u00e1n\u00ed bzu\u010d\u00ed zvuk izraelsk\u00fdch dron\u016f.<\/p>\n<p>Al-Mughniho bratr byl zabit minul\u00e9 pond\u011bl\u00ed p\u0159i leteck\u00e9m \u00fatoku na skupinu ob\u010dan\u016f, kte\u0159\u00ed se shrom\u00e1\u017edili pobl\u00ed\u017e m\u00edsta distribuce pitn\u00e9 vody. Situaci v Shuja&#8217;iyya, jedn\u00e9 z nejv\u011bt\u0161\u00edch \u010dtvrt\u00ed ve m\u011bst\u011b Gaza, popsala jako pokra\u010duj\u00edc\u00ed v\u00e1lku.<\/p>\n<p>\u201eV\u00e1lka se nezastavila, pr\u00e1v\u011b naopak. V\u00e1lka zes\u00edlila,\u201c \u0159ekl al-Mughni. &#8222;\u010cel\u00ed d\u011bsiv\u00fdm podm\u00ednk\u00e1m v pohrani\u010dn\u00edch oblastech P\u00e1sma Gazy, kde je probouz\u00ed st\u0159elba ze v\u0161ech sm\u011br\u016f.&#8220;<\/p>\n<figure class=\"wp-block-pullquote alignright\"><strong><em>\u201eV\u00e1lka se nezastavila, pr\u00e1v\u011b naopak. V\u00e1lka zes\u00edlila.&#8220;<\/em><\/strong><strong><em><cite>Israa al-Mughni<\/cite><\/em><\/strong><\/figure>\n<p>Od za\u010d\u00e1tku p\u0159\u00edm\u011b\u0159\u00ed v Gaze v polovin\u011b ledna neuplynul jedin\u00fd den, ani\u017e by mezi obyvateli pohrani\u010dn\u00edch oblast\u00ed zahynuli nebo byli zran\u011bni. Pro tyto obyvatele v\u00e1lka nikdy neskon\u010dila. Jedin\u00e9, co se zm\u011bnilo, je rychlost zab\u00edjen\u00ed.<\/p>\n<p>\u201eKa\u017ed\u00fd den jsme vystaveni st\u0159elb\u011b, ost\u0159elov\u00e1n\u00ed a bombardov\u00e1n\u00ed,\u201c dodal al-Mughni. \u201eM\u016fj bratr \u0161el ven, aby p\u0159inesl pitnou vodu, a byl umu\u010den, kdy\u017e se sna\u017eil zajistit vodu pro sv\u00e9 d\u011bti. Jak m\u016f\u017ee v\u00e1lka skon\u010dit, kdy\u017e byl zabit m\u016fj bratr?<\/p>\n<p>&#8222;Smrti \u010del\u00edme ka\u017edou chv\u00edli: doma, na ulici i na m\u00edstech, kam chod\u00edme pro vodu a j\u00eddlo,&#8220; pokra\u010doval al-Mughni.<\/p>\n<p>V Shuja&#8217;iyya lid\u00e9 b\u011b\u017en\u011b sly\u0161\u00ed st\u0159elbu z izraelsk\u00fdch vojensk\u00fdch vozidel um\u00edst\u011bn\u00fdch na hranici s Gazou, n\u011bkdy doprov\u00e1zenou n\u00e1lety. V\u011bt\u0161ina obyvatel se dosud nemohla vr\u00e1tit do sv\u00fdch domov\u016f a i ti, kte\u0159\u00ed se vr\u00e1tili do oblast\u00ed relativn\u011b vzd\u00e1len\u00fdch od arm\u00e1dy, jsou vystaveni nel\u00edtostn\u00e9mu zab\u00edjen\u00ed.<\/p>\n<p>Ministerstvo zdravotnictv\u00ed ve st\u0159edu ve sv\u00e9m denn\u00edm po\u010dtu ob\u011bt\u00ed uvedlo, \u017ee b\u011bhem 24 hodin bylo v Gaze zabito sedm lid\u00ed. Byli mezi nimi i t\u0159i brat\u0159i z rodiny Hamad, kte\u0159\u00ed byli bombardov\u00e1ni izraelskou arm\u00e1dou v uprchlick\u00e9m t\u00e1bo\u0159e al-Bureij v centru Gazy.<\/p>\n<p>Mluv\u010d\u00ed Hamasu Hazem Qassem \u0159ekl, \u017ee okupace pokra\u010duje v praktikov\u00e1n\u00ed genocidy proti palestinsk\u00e9mu lidu v p\u00e1smu Gazy zam\u011b\u0159en\u00edm a zab\u00edjen\u00edm civilist\u016f, \u010d\u00edm\u017e riskuje zhroucen\u00ed dohody o p\u0159\u00edm\u011b\u0159\u00ed.<\/p>\n<p>&#8222;Okupace dnes \u00famysln\u011b sp\u00e1chala masakr a p\u0159i n\u00e1letech okupa\u010dn\u00edch letadel zabila p\u011bt civiln\u00edch mu\u010dedn\u00edk\u016f,&#8220; \u0159ekl Qassem. \u201eJde o roz\u0161\u00ed\u0159en\u00ed genocidn\u00ed v\u00e1lky, kterou okupace vedla v posledn\u00edch dvou letech. Vyz\u00fdv\u00e1me prost\u0159edn\u00edky, aby p\u0159ijali nal\u00e9hav\u00e1 opat\u0159en\u00ed k n\u00e1tlaku na okupaci, aby zastavila svou agresi v\u016f\u010di na\u0161emu lidu.<\/p>\n<p>Od za\u010d\u00e1tku prvn\u00ed f\u00e1ze p\u0159\u00edm\u011b\u0159\u00ed mezi Izraelem a Hamasem bylo izraelsk\u00fdmi silami zabito v\u00edce ne\u017e 100 lid\u00ed v Gaze. &#8222;Toto je flagrantn\u00ed a z\u00e1va\u017en\u00e9 poru\u0161en\u00ed, kter\u00e9 ohro\u017euje celou dohodu,&#8220; varoval Qassem.<\/p>\n<h2 class=\"wp-block-heading\"><strong>&#8222;Spaluj\u00ed na\u0161e j\u00eddlo a nenechaj\u00ed n\u00e1m nic k j\u00eddlu.&#8220;<\/strong><\/h2>\n<p>Izraelsk\u00e1 arm\u00e1da um\u00edst\u011bn\u00e1 na hranici Gazy vyu\u017e\u00edv\u00e1 v\u0161echny prost\u0159edky k zastra\u0161en\u00ed obyvatel t\u011bchto oblast\u00ed. Obyvatel\u00e9 v\u011b\u0159\u00ed, \u017ee je arm\u00e1da chce donutit opustit sv\u00e9 domovy a znovu uprchnout. Trvaj\u00ed ale na tom, \u017ee neopust\u00ed sv\u00e9 domovy a budou \u010delit v\u0161em pokus\u016fm izraelsk\u00e9 arm\u00e1dy je zastra\u0161it.<\/p>\n<p>Um Rifaat Habib z oblasti Jabalia severn\u011b od m\u011bsta Gaza \u0159\u00edk\u00e1, \u017ee jej\u00ed rodina za\u017e\u00edv\u00e1 podm\u00ednky podobn\u00e9 t\u011bm, kter\u00fdmi pro\u0161la b\u011bhem v\u00e1lky. \u201eU\u017e rok a p\u016fl \u017eijeme v nep\u0159etr\u017eit\u00e9 v\u00e1lce. Ka\u017ed\u00fd den jsme sv\u011bdky st\u0159elby, st\u0159el a dron\u016f, kter\u00e9 m\u00ed\u0159\u00ed na civilisty.&#8220;<\/p>\n<p>&#8222;Kdy to v\u0161echno p\u0159estane?&#8220; Um Rifaat se div\u00ed. &#8222;Jsme unaven\u00ed ze smrti, bombardov\u00e1n\u00ed a strachu.&#8220; Jsme unaven\u00ed z rozh\u00e1zen\u00fdch ostatk\u016f a sledov\u00e1n\u00ed, jak jsou na\u0161i milovan\u00ed jeden po druh\u00e9m trh\u00e1ni.\u201c<\/p>\n<figure class=\"wp-block-pullquote\"><strong><em>\u201eU\u017e rok a p\u016fl \u017eijeme v nep\u0159etr\u017eit\u00e9 v\u00e1lce. Ka\u017ed\u00fd den jsme sv\u011bdky st\u0159elby, st\u0159el a dron\u016f, kter\u00e9 m\u00ed\u0159\u00ed na civilisty. Kdy to v\u0161echno p\u0159estane?&#8220;<\/em><\/strong><strong><em><cite>Um Rifaat Habib<\/cite><\/em><\/strong><\/figure>\n<p>Um Rifaat \u0159\u00edk\u00e1\u00a0<em>Mondoweissovi<\/em>\u00a0, \u017ee izraelsk\u00e1 arm\u00e1da pos\u00edl\u00e1 do domov\u016f lid\u00ed kvadrokopt\u00e9ry, aby je terorizovala, co\u017e v mnoha p\u0159\u00edpadech zahajuje palbu a bombarduje jejich c\u00edle.<\/p>\n<p>\u201eP\u0159ed chv\u00edl\u00ed vstoupila do na\u0161eho domu kvadrokopt\u00e9ra. M\u00e1lem jsme zem\u0159eli. Vstoupilo a vyhodilo do pov\u011bt\u0159\u00ed j\u00eddlo v kuchyni, tak\u017ee n\u00e1m nezbylo nic k j\u00eddlu,\u201c \u0159ekla.<\/p>\n<p>Palestinci vkl\u00e1daj\u00ed velk\u00e9 nad\u011bje, \u017ee zprost\u0159edkovatel\u00e9 budou tla\u010dit na Izrael, aby zastavil zab\u00edjen\u00ed, ale jin\u00ed jako Um Rifaat jsou skepti\u010dt\u00ed, \u017ee by Izrael akceptoval jakoukoli deeskalaci sv\u00e9 v\u00e1lky proti lidem v Gaze. &#8222;Ud\u011blali jsme Izraeli mnoho \u00fastupk\u016f a ka\u017ed\u00fd den d\u011bl\u00e1me \u00fastupky, ale Izrael nereaguje a nenech\u00e1v\u00e1 n\u00e1s \u017e\u00edt v m\u00edru,&#8220; \u0159\u00edk\u00e1 Um Rifaat. &#8222;Pron\u00e1sleduj\u00ed n\u00e1s v\u0161ude a zab\u00edjej\u00ed n\u00e1s na ka\u017ed\u00e9m rohu.&#8220;<\/p>\n<p>V Rafahu se v\u00edce ne\u017e polovina obyvatel m\u011bsta st\u00e1le nem\u016f\u017ee dostat do m\u00edst sv\u00e9ho bydli\u0161t\u011b. Arm\u00e1da zabila ka\u017ed\u00e9ho, kdo se v t\u011bchto oblastech pokusil p\u0159ibl\u00ed\u017eit k jejich domov\u016fm.<\/p>\n<p><em>\u201eKulky n\u00e1m prol\u00e9taj\u00ed nad hlavami a n\u011bkdy se sraz\u00ed s bl\u00edzk\u00fdmi zdmi,\u201c \u0159ekl Mondoweissovi<\/em>\u00a0Muhammad Saqr, obyvatel uprchlick\u00e9ho t\u00e1bora Yibna v Rafahu, kter\u00fd se nem\u016f\u017ee vr\u00e1tit do sv\u00e9ho domova\u00a0. &#8222;\u017dijeme v teroru v\u00edce ne\u017e rok a p\u016fl.&#8220;<\/p>\n<p>Saqr \u0159\u00edk\u00e1, \u017ee \u010dek\u00e1, a\u017e se arm\u00e1da st\u00e1hne, aby se mohl vr\u00e1tit do sv\u00e9ho domova v Yibn\u011b. &#8222;Izrael klame sv\u011bt a \u0159\u00edk\u00e1, \u017ee zastavil v\u00e1lku v Gaze,&#8220; \u0159\u00edk\u00e1. \u201eV\u00e1lka pokra\u010duje, ale sv\u011bt si nyn\u00ed mysl\u00ed, \u017ee se zastavila. St\u00e1le ka\u017ed\u00fd den um\u00edr\u00e1me.&#8220;<\/p>\n<p><span style=\"font-size: 10pt;\"><em><strong>\u00davodn\u00ed fotografie:<\/strong> Rodina t\u0159\u00ed bratr\u016f zabit\u00fdch izraelsk\u00fdm po\u017e\u00e1rem v uprchlick\u00e9m t\u00e1bo\u0159e al-Bureij truchl\u00ed v nemocnici mu\u010dedn\u00edk\u016f al-Aks\u00e1 v Deir al-Balah, 11. b\u0159ezna 2025. (Foto: STR\/APA Images)<\/em><\/span><\/p>\n<p><span class=\"post-author\"><span class=\"by\">Autor:\u00a0<\/span><a class=\"author url fn\" title=\"P\u0159\u00edsp\u011bvky od Tareq S. Hajjaj\" href=\"https:\/\/mondoweiss.net\/author\/tareqhajjaj\/\" rel=\"author\">Tareq S. Hajjaj<\/a><\/span><\/p>\n","protected":false},"excerpt":{"rendered":"<p>Palestinci v pohrani\u010dn\u00edch oblastech Gazy jsou od za\u010d\u00e1tku p\u0159\u00edm\u011b\u0159\u00ed v polovin\u011b ledna denn\u011b zab\u00edjeni a&#8230;<\/p>\n","protected":false},"author":2,"featured_media":74197,"comment_status":"closed","ping_status":"closed","sticky":false,"template":"","format":"standard","meta":[],"categories":[7],"tags":[107,1503,313,40],"_links":{"self":[{"href":"https:\/\/www.infokuryr.cz\/n\/wp-json\/wp\/v2\/posts\/74196"}],"collection":[{"href":"https:\/\/www.infokuryr.cz\/n\/wp-json\/wp\/v2\/posts"}],"about":[{"href":"https:\/\/www.infokuryr.cz\/n\/wp-json\/wp\/v2\/types\/post"}],"author":[{"embeddable":true,"href":"https:\/\/www.infokuryr.cz\/n\/wp-json\/wp\/v2\/users\/2"}],"replies":[{"embeddable":true,"href":"https:\/\/www.infokuryr.cz\/n\/wp-json\/wp\/v2\/comments?post=74196"}],"version-history":[{"count":1,"href":"https:\/\/www.infokuryr.cz\/n\/wp-json\/wp\/v2\/posts\/74196\/revisions"}],"predecessor-version":[{"id":74198,"href":"https:\/\/www.infokuryr.cz\/n\/wp-json\/wp\/v2\/posts\/74196\/revisions\/74198"}],"wp:featuredmedia":[{"embeddable":true,"href":"https:\/\/www.infokuryr.cz\/n\/wp-json\/wp\/v2\/media\/74197"}],"wp:attachment":[{"href":"https:\/\/www.infokuryr.cz\/n\/wp-json\/wp\/v2\/media?parent=74196"}],"wp:term":[{"taxonomy":"category","embeddable":true,"href":"https:\/\/www.infokuryr.cz\/n\/wp-json\/wp\/v2\/categories?post=74196"},{"taxonomy":"post_tag","embeddable":true,"href":"https:\/\/www.infokuryr.cz\/n\/wp-json\/wp\/v2\/tags?post=74196"}],"curies":[{"name":"wp","href":"https:\/\/api.w.org\/{rel}","templated":true}]}}