{"id":74169,"date":"2025-03-15T04:59:17","date_gmt":"2025-03-15T03:59:17","guid":{"rendered":"https:\/\/www.infokuryr.cz\/n\/?p=74169"},"modified":"2025-03-15T04:59:17","modified_gmt":"2025-03-15T03:59:17","slug":"usa-vyhostily-jihoafrickeho-velvyslance","status":"publish","type":"post","link":"https:\/\/www.infokuryr.cz\/n\/2025\/03\/15\/usa-vyhostily-jihoafrickeho-velvyslance\/","title":{"rendered":"USA vyhostily jihoafrick\u00e9ho velvyslance"},"content":{"rendered":"<div id=\"fb-root\"><\/div>\n<h3>St\u00e1tn\u00ed tajemn\u00edk Marco Rubio prohl\u00e1sil, \u017ee Ebrahim Rasool \u201enen\u00e1vid\u00ed Ameriku\u201c a osobn\u011b prezidenta Trumpa<\/h3>\n<p data-start=\"108\" data-end=\"152\"><span>Jihoafrick\u00fd velvyslanec ve Spojen\u00fdch st\u00e1tech Ebrahim Rasool byl prohl\u00e1\u0161en za personu non grata a v zemi ji\u017e nen\u00ed v\u00edt\u00e1n, ozn\u00e1mil v p\u00e1tek ve vz\u00e1cn\u00e9m diplomatick\u00e9m kroku ministr zahrani\u010d\u00ed Marco Rubio.<\/span><\/p>\n<p data-start=\"108\" data-end=\"152\"><span>Jihoafrick\u00e1 vl\u00e1da dosud nevydala ofici\u00e1ln\u00ed odpov\u011b\u010f pot\u00e9, co Rubio obvinil Rasoola z toho, \u017ee je\u00a0<\/span><em><span>\u201epolitikem nah\u00e1n\u011bj\u00edc\u00edm rasy\u201c<\/span><\/em><span>\u00a0, kter\u00fd chov\u00e1 nep\u0159\u00e1telstv\u00ed v\u016f\u010di Ameri\u010dan\u016fm a prezidentu Donaldu Trumpovi osobn\u011b.<\/span><\/p>\n<p data-start=\"720\" data-end=\"932\"><em><span>&#8222;Jihoafrick\u00fd velvyslanec ve Spojen\u00fdch st\u00e1tech ji\u017e nen\u00ed v\u00edt\u00e1n v na\u0161\u00ed skv\u011bl\u00e9 zemi,&#8220;<\/span><\/em><span>\u00a0\u0159ekl Rubio v p\u0159\u00edsp\u011bvku na X a dodal:\u00a0<\/span><em><span>&#8222;Nem\u00e1me s n\u00edm o \u010dem diskutovat, a tak je pova\u017eov\u00e1n za personu non grata.&#8220;<\/span><\/em><\/p>\n<p data-start=\"934\" data-end=\"1177\"><span>Rubio neuvedl konkr\u00e9tn\u00ed d\u016fvody pro vylou\u010den\u00ed, ale sd\u00edlel odkaz na p\u0159\u00edb\u011bh Breitbartu o Rasoolov\u011b ned\u00e1vn\u00e9m\u00a0<\/span><a href=\"https:\/\/www.youtube.com\/watch?v=J1ILz1S_AdQ&amp;t=1170s\" target=\"_blank\" rel=\"noopener noreferrer\"><span>projevu<\/span><\/a><span>\u00a0na webin\u00e1\u0159i po\u0159\u00e1dan\u00e9m jihoafrick\u00fdm think-tankem, b\u011bhem kter\u00e9ho kritizoval politiku Trumpovy administrativy.<\/span><\/p>\n<p data-start=\"1179\" data-end=\"1592\"><em><span>\u201eTo, co Donald Trump zahajuje, je \u00fatok na \u00fa\u0159aduj\u00edc\u00ed \u00fa\u0159ady, ty, kte\u0159\u00ed jsou u moci, mobilizac\u00ed supremacismu proti \u00fa\u0159aduj\u00edc\u00edm \u2013 doma i v zahrani\u010d\u00ed,\u201c<\/span><\/em><span>\u00a0\u0159ekl Rasool v p\u00e1tek na f\u00f3ru Mapungubwe Institute for Strategic Reflection (MISTRA). Hnut\u00ed MAGA popsal jako\u00a0<\/span><em><span>\u201eodpov\u011b\u010f nejen na supremacistick\u00fd instinkt, ale na velmi jasn\u00e1 data, kter\u00e1 ukazuj\u00ed velk\u00e9 demografick\u00e9 posuny v USA\u201c.<\/span><\/em><\/p>\n<p data-start=\"1594\" data-end=\"1867\"><em><span>\u201eMysl\u00edm, \u017ee existuje tak\u00e9 export revoluce,\u201c<\/span><\/em><span>\u00a0dodal a tvrdil, \u017ee\u00a0<\/span><em><span>\u201enebyla n\u00e1hoda, \u017ee se Elon Musk zapojil do britsk\u00e9 politiky\u201c<\/span><\/em><span>\u00a0a \u017ee\u00a0<\/span><em><span>\u201eviceprezident Vance oslovil Alternativu pro N\u011bmecko [AfD], aby je pos\u00edlil v jejich volebn\u00ed kampani.<\/span><\/em><\/p>\n<p data-start=\"1869\" data-end=\"2139\"><span>Diplomatick\u00e1 roztr\u017eka p\u0159ich\u00e1z\u00ed v dob\u011b eskalace nap\u011bt\u00ed mezi Washingtonem a Pretori\u00ed. Prezident Trump ned\u00e1vno podepsal exekutivn\u00ed na\u0159\u00edzen\u00ed o sn\u00ed\u017een\u00ed pomoci Jihoafrick\u00e9 republice s odkazem na kontroverzn\u00ed z\u00e1kon o vyvlast\u0148ov\u00e1n\u00ed p\u016fdy, o kter\u00e9m tvrd\u00ed, \u017ee diskriminuje b\u00edl\u00e9 Jihoafri\u010dany.<\/span><\/p>\n<p data-start=\"2141\" data-end=\"2437\"><span>Jihoafrick\u00e1 vl\u00e1da tvrd\u00ed, \u017ee c\u00edlem z\u00e1kona je \u0159e\u0161it historick\u00e9 rozd\u00edly, proto\u017ee b\u00edl\u00ed farm\u00e1\u0159i st\u00e1le vlastn\u00ed v\u011bt\u0161inu zem\u011bd\u011blsk\u00e9 p\u016fdy, p\u0159esto\u017ee tvo\u0159\u00ed jen asi 7 % populace. Vl\u00e1da si stanovila c\u00edl p\u0159ev\u00e9st do roku 2030 30 % zem\u011bd\u011blsk\u00e9 p\u016fdy na \u010derno\u0161sk\u00e9 farm\u00e1\u0159e.<\/span><\/p>\n<p data-start=\"2439\" data-end=\"2821\"><span>Rasoolovo vyho\u0161t\u011bn\u00ed je v diplomatick\u00fdch vztaz\u00edch neobvykl\u00fdm krokem, i kdy\u017e v minulosti byli vystaveni podobn\u00fdm akc\u00edm i diplomat\u00e9 s ni\u017e\u0161\u00edm postaven\u00edm. Naposledy USA prohl\u00e1sily zahrani\u010dn\u00edho velvyslance za personu non grata v roce 2008, kdy bol\u00edvijsk\u00e9ho velvyslance vyhostily v recipro\u010dn\u00ed reakci pot\u00e9, co Bol\u00edvie obvinila americk\u00e9ho vyslance Philipa Goldberga ze zasahov\u00e1n\u00ed do jej\u00edch vnit\u0159n\u00edch z\u00e1le\u017eitost\u00ed.<\/span><\/p>\n<p data-start=\"2439\" data-end=\"2821\"><img decoding=\"async\" loading=\"lazy\" class=\"alignnone size-full wp-image-71983\" src=\"http:\/\/www.infokuryr.cz\/n\/wp-content\/uploads\/2025\/02\/aaa.jpg\" alt=\"\" width=\"89\" height=\"23\" \/><\/p>\n<p data-start=\"2439\" data-end=\"2821\">\n<p>&nbsp;<\/p>\n","protected":false},"excerpt":{"rendered":"<p>St\u00e1tn\u00ed tajemn\u00edk Marco Rubio prohl\u00e1sil, \u017ee Ebrahim Rasool \u201enen\u00e1vid\u00ed Ameriku\u201c a osobn\u011b prezidenta Trumpa Jihoafrick\u00fd&#8230;<\/p>\n","protected":false},"author":2,"featured_media":74170,"comment_status":"closed","ping_status":"closed","sticky":false,"template":"","format":"standard","meta":[],"categories":[7],"tags":[900,37,977],"_links":{"self":[{"href":"https:\/\/www.infokuryr.cz\/n\/wp-json\/wp\/v2\/posts\/74169"}],"collection":[{"href":"https:\/\/www.infokuryr.cz\/n\/wp-json\/wp\/v2\/posts"}],"about":[{"href":"https:\/\/www.infokuryr.cz\/n\/wp-json\/wp\/v2\/types\/post"}],"author":[{"embeddable":true,"href":"https:\/\/www.infokuryr.cz\/n\/wp-json\/wp\/v2\/users\/2"}],"replies":[{"embeddable":true,"href":"https:\/\/www.infokuryr.cz\/n\/wp-json\/wp\/v2\/comments?post=74169"}],"version-history":[{"count":0,"href":"https:\/\/www.infokuryr.cz\/n\/wp-json\/wp\/v2\/posts\/74169\/revisions"}],"wp:featuredmedia":[{"embeddable":true,"href":"https:\/\/www.infokuryr.cz\/n\/wp-json\/wp\/v2\/media\/74170"}],"wp:attachment":[{"href":"https:\/\/www.infokuryr.cz\/n\/wp-json\/wp\/v2\/media?parent=74169"}],"wp:term":[{"taxonomy":"category","embeddable":true,"href":"https:\/\/www.infokuryr.cz\/n\/wp-json\/wp\/v2\/categories?post=74169"},{"taxonomy":"post_tag","embeddable":true,"href":"https:\/\/www.infokuryr.cz\/n\/wp-json\/wp\/v2\/tags?post=74169"}],"curies":[{"name":"wp","href":"https:\/\/api.w.org\/{rel}","templated":true}]}}