{"id":7413,"date":"2022-01-09T04:38:27","date_gmt":"2022-01-09T03:38:27","guid":{"rendered":"http:\/\/www.infokuryr.cz\/n\/?p=7413"},"modified":"2022-01-09T04:38:27","modified_gmt":"2022-01-09T03:38:27","slug":"usa-nezmeni-svuj-postoj-k-vojenske-pritomnosti-v-evrope-tvrdi-pentagon","status":"publish","type":"post","link":"https:\/\/www.infokuryr.cz\/n\/2022\/01\/09\/usa-nezmeni-svuj-postoj-k-vojenske-pritomnosti-v-evrope-tvrdi-pentagon\/","title":{"rendered":"USA nezm\u011bn\u00ed sv\u016fj postoj k vojensk\u00e9 p\u0159\u00edtomnosti v Evrop\u011b, tvrd\u00ed Pentagon"},"content":{"rendered":"<div id=\"fb-root\"><\/div>\n<p><strong>Mluv\u010d\u00ed Pentagonu John Kirby v sobotu uvedl, \u017ee americk\u00e1 administrativa neuva\u017euje o sn\u00ed\u017een\u00ed americk\u00e9 vojensk\u00e9 p\u0159\u00edtomnosti v Evrop\u011b ani o zm\u011bn\u011b sv\u00e9ho postoje k t\u00e9to ot\u00e1zce.<\/strong><\/p>\n<p><em>\u201eV televizi NBC se objevily n\u011bkter\u00e9 zpr\u00e1vy o mo\u017enostech, kter\u00e9 USA zva\u017euj\u00ed p\u0159ed jedn\u00e1n\u00edm s Ruskem. Mohu jednozna\u010dn\u011b prohl\u00e1sit, \u017ee neuva\u017eujeme o sn\u00ed\u017een\u00ed po\u010dtu voj\u00e1k\u016f v Evrop\u011b ani o zm\u011bn\u011b postoje v t\u00e9to ot\u00e1zce,\u201c<\/em>\u00a0napsal Kirby na sv\u00e9m twitterov\u00e9m \u00fa\u010dtu.<\/p>\n<p>Mluv\u010d\u00ed americk\u00e9 obrany dodal, \u017ee Spojen\u00e9 st\u00e1ty rovn\u011b\u017e nepl\u00e1nuj\u00ed m\u011bnit\u00a0<strong>velikost sv\u00fdch sil<\/strong>\u00a0v Pobalt\u00ed a Polsku.<\/p>\n<p>Vysok\u00fd p\u0159edstavitel americk\u00e9 administrativy pak sd\u011blil novin\u00e1\u0159\u016fm, \u017ee Spojen\u00e9 st\u00e1ty na nadch\u00e1zej\u00edc\u00edch jedn\u00e1n\u00edch s Ruskem v \u017denev\u011b nemaj\u00ed v pl\u00e1nu diskutovat o mo\u017enostech sn\u00ed\u017een\u00ed americk\u00e9 vojensk\u00e9 p\u0159\u00edtomnosti v zem\u00edch Evropy.<\/p>\n<p>\u201eVid\u011bli jsme zpr\u00e1vy o dal\u0161\u00edch v\u011bcech, o kter\u00fdch jsou USA \u00fadajn\u011b ochotny jednat, nap\u0159\u00edklad o po\u010dtu sv\u00fdch voj\u00e1k\u016f (v Evrop\u011b). Cht\u011bl bych jasn\u011b \u0159\u00edci, \u017ee tato ot\u00e1zka nen\u00ed na po\u0159adu dne,\u201c uvedl p\u0159edstavitel B\u00edl\u00e9ho domu.<\/p>\n<p>P\u0159ipome\u0148me, \u017ee televizn\u00ed stanice NBC News s odvol\u00e1n\u00edm na jednoho z \u00fa\u0159edn\u00edk\u016f\u00a0informovala, \u017ee Washington zva\u017euje mo\u017enost projednat v rozhovorech s Ruskem sn\u00ed\u017een\u00ed americk\u00e9 vojensk\u00e9 p\u0159\u00edtomnosti ve v\u00fdchodn\u00ed Evrop\u011b.<\/p>\n<p><em>\u201eJedn\u00e1n\u00ed by se mohla t\u00fdkat rozsahu vojensk\u00fdch cvi\u010den\u00ed obou mocnost\u00ed, po\u010dtu americk\u00fdch voj\u00e1k\u016f um\u00edst\u011bn\u00fdch v Pobalt\u00ed a Polsku, p\u0159edb\u011b\u017en\u00e9ho ozn\u00e1men\u00ed o p\u0159esunech sil a rusk\u00fdch raket Iskander schopn\u00fdch n\u00e9st jadernou hlavici na rusk\u00e9m \u00fazem\u00ed v Kaliningradu mezi Polskem a Litvou,\u201c\u00a0<\/em>uvedla televizn\u00ed stanice ve sv\u00e9 zpr\u00e1v\u011b.<\/p>\n<p><strong>N\u00e1vrhy dohod s USA<\/strong><\/p>\n<p>Zmi\u0148me, \u017ee na konci roku 2021 Rusko zve\u0159ejnilo\u00a0n\u00e1vrhy dohod s USA\u00a0a dohod NATO o bezpe\u010dnostn\u00edch z\u00e1ruk\u00e1ch. Moskva od sv\u00fdch z\u00e1padn\u00edch partner\u016f po\u017eaduje zejm\u00e9na pr\u00e1vn\u00ed z\u00e1ruky toho, \u017ee nebude prob\u00edhat dal\u0161\u00ed roz\u0161i\u0159ov\u00e1n\u00ed NATO sm\u011brem na v\u00fdchod, \u017ee nedojde ke vstupu Ukrajiny do dan\u00e9ho bloku a \u017ee nebudou vytv\u00e1\u0159eny vojensk\u00e9 z\u00e1kladny v postsov\u011btsk\u00fdch zem\u00edch. Jak \u0159ekl n\u00e1m\u011bstek rusk\u00e9ho ministra zahrani\u010d\u00ed Sergej Rjabkov, pokud\u00a0NATO\u00a0a Spojen\u00e9 st\u00e1ty nezareaguj\u00ed na rusk\u00fd po\u017eadavek na bezpe\u010dnostn\u00ed z\u00e1ruky, mohlo by to v\u00e9st k nov\u00e9mu kolu konfrontace.<\/p>\n<p>Jak zd\u016fraznil rusk\u00fd prezident Vladimir Putin, dal\u0161\u00ed roz\u0161i\u0159ov\u00e1n\u00ed NATO na v\u00fdchod a rozm\u00edst\u011bn\u00ed \u00fato\u010dn\u00fdch zbran\u00ed na \u00fazem\u00ed Ukrajiny a v sousedn\u00edch zem\u00edch Ruska jsou pro Moskvu \u010dervenou lini\u00ed.<\/p>\n<p>Jedn\u00e1n\u00ed mezi Ruskou federac\u00ed a Spojen\u00fdmi st\u00e1ty o rusk\u00fdch n\u00e1vrz\u00edch t\u00fdkaj\u00edc\u00edch se bezpe\u010dnostn\u00edch z\u00e1ruk jsou napl\u00e1nov\u00e1na na 10. ledna v \u017denev\u011b. P\u0159edpokl\u00e1d\u00e1 se, \u017ee pot\u00e9 budou rusk\u00e9 n\u00e1vrhy projedn\u00e1ny 12. ledna na zased\u00e1n\u00ed\u00a0Rady Rusko-NATO\u00a0speci\u00e1ln\u011b svolan\u00e9m v Bruselu a 13. ledna na form\u00e1tu OBSE ve V\u00eddni.<\/p>\n<p><a href=\"https:\/\/cz.sputniknews.com\/20220108\/usa-nezmeni-svuj-postoj-k-vojenske-pritomnosti-v-evrope-tvrdi-pentagon-17137633.html\">ZDROJ<\/a><\/p>\n<p>&nbsp;<\/p>\n","protected":false},"excerpt":{"rendered":"<p>Mluv\u010d\u00ed Pentagonu John Kirby v sobotu uvedl, \u017ee americk\u00e1 administrativa neuva\u017euje o sn\u00ed\u017een\u00ed americk\u00e9 vojensk\u00e9&#8230;<\/p>\n","protected":false},"author":2,"featured_media":2010,"comment_status":"closed","ping_status":"closed","sticky":false,"template":"","format":"standard","meta":[],"categories":[7],"tags":[1069,39,380,22,37],"_links":{"self":[{"href":"https:\/\/www.infokuryr.cz\/n\/wp-json\/wp\/v2\/posts\/7413"}],"collection":[{"href":"https:\/\/www.infokuryr.cz\/n\/wp-json\/wp\/v2\/posts"}],"about":[{"href":"https:\/\/www.infokuryr.cz\/n\/wp-json\/wp\/v2\/types\/post"}],"author":[{"embeddable":true,"href":"https:\/\/www.infokuryr.cz\/n\/wp-json\/wp\/v2\/users\/2"}],"replies":[{"embeddable":true,"href":"https:\/\/www.infokuryr.cz\/n\/wp-json\/wp\/v2\/comments?post=7413"}],"version-history":[{"count":0,"href":"https:\/\/www.infokuryr.cz\/n\/wp-json\/wp\/v2\/posts\/7413\/revisions"}],"wp:featuredmedia":[{"embeddable":true,"href":"https:\/\/www.infokuryr.cz\/n\/wp-json\/wp\/v2\/media\/2010"}],"wp:attachment":[{"href":"https:\/\/www.infokuryr.cz\/n\/wp-json\/wp\/v2\/media?parent=7413"}],"wp:term":[{"taxonomy":"category","embeddable":true,"href":"https:\/\/www.infokuryr.cz\/n\/wp-json\/wp\/v2\/categories?post=7413"},{"taxonomy":"post_tag","embeddable":true,"href":"https:\/\/www.infokuryr.cz\/n\/wp-json\/wp\/v2\/tags?post=7413"}],"curies":[{"name":"wp","href":"https:\/\/api.w.org\/{rel}","templated":true}]}}