{"id":74120,"date":"2025-03-15T00:16:21","date_gmt":"2025-03-14T23:16:21","guid":{"rendered":"https:\/\/www.infokuryr.cz\/n\/?p=74120"},"modified":"2025-03-14T15:37:37","modified_gmt":"2025-03-14T14:37:37","slug":"na-burze-prace-v-teplicich-si-uz-v-utery-18-3-muzete-vybrat-z-nabidek-temer-tri-desitek-zamestnavatelu","status":"publish","type":"post","link":"https:\/\/www.infokuryr.cz\/n\/2025\/03\/15\/na-burze-prace-v-teplicich-si-uz-v-utery-18-3-muzete-vybrat-z-nabidek-temer-tri-desitek-zamestnavatelu\/","title":{"rendered":"Na Burze pr\u00e1ce v Teplic\u00edch si u\u017e v \u00fater\u00fd 18.3. m\u016f\u017eete vybrat z nab\u00eddek t\u00e9m\u011b\u0159 t\u0159\u00ed des\u00edtek zam\u011bstnavatel\u016f"},"content":{"rendered":"<div id=\"fb-root\"><\/div>\n<p style=\"font-weight: 400;\"><strong>Celkem 29 zam\u011bstnavatel\u016f a nab\u00eddka voln\u00fdch pracovn\u00edch m\u00edst v\u00a0r\u016fzn\u00fdch oborech, nap\u0159\u00edklad v\u00a0doprav\u011b, skl\u00e1\u0159sk\u00e9 v\u00fdrob\u011b, stroj\u00edrenstv\u00ed, d\u0159evov\u00fdrob\u011b, potravin\u00e1\u0159stv\u00ed, zdravotnictv\u00ed, l\u00e1ze\u0148stv\u00ed, soci\u00e1ln\u00edch slu\u017eb\u00e1ch. To v\u0161e bude p\u0159ipraveno pro n\u00e1v\u0161t\u011bvn\u00edky Burzy pr\u00e1ce v\u00a0Teplic\u00edch, kterou po\u0159\u00e1d\u00e1 pracovi\u0161t\u011b \u00da\u0159adu pr\u00e1ce \u010cR v Teplic\u00edch. Akce prob\u011bhne v\u00a0\u00fater\u00fd 18. b\u0159ezna 2025 od 10:00 do 15:00 hodin v\u00a0prostor\u00e1ch Domu kultury v\u00a0Teplic\u00edch. Vstup pro n\u00e1v\u0161t\u011bvn\u00edky i \u00fa\u010dast zam\u011bstnavatel\u016f je zdarma.<\/strong><\/p>\n<p style=\"font-weight: 400;\">Burzy pr\u00e1ce jsou sou\u010d\u00e1st\u00ed slu\u017eeb, kter\u00e9 \u00da\u0159ad pr\u00e1ce \u010cR nab\u00edz\u00ed jak zam\u011bstnavatel\u016fm, tak v\u0161em, kte\u0159\u00ed hledaj\u00ed novou pr\u00e1ci nebo p\u0159em\u00fd\u0161l\u00ed o zm\u011bn\u011b.<\/p>\n<p style=\"font-weight: 400;\"><em>\u201eChceme t\u00edmto pokra\u010dovat v tradici podobn\u00fdch akc\u00ed, proto\u017ee jsme p\u0159esv\u011bd\u010deni o tom, \u017ee smysl maj\u00ed. C\u00edlem je propojit nab\u00eddku a popt\u00e1vku na trhu pr\u00e1ce. Na m\u00edst\u011b budou n\u00e1v\u0161t\u011bvn\u00edk\u016fm k dispozici personalist\u00e9 v\u00fdznamn\u00fdch v\u011bt\u0161\u00edch i men\u0161\u00edch spole\u010dnost\u00ed p\u016fsob\u00edc\u00edch na Teplicku.\u00a0 N\u00e1v\u0161t\u011bvn\u00edci mohou dokonce nechat na st\u00e1nku firmy, kter\u00e1 je zaujme, sv\u016fj \u017eivotopis a rovnou se z\u00e1stupci zam\u011bstnavatele na m\u00edst\u011b potkat osobn\u011b<\/em>,\u201c vysv\u011btluje \u0159editel \u00da\u0159adu pr\u00e1ce v\u00a0Teplic\u00edch\u00a0<strong>Radim Gabriel<\/strong>.<\/p>\n<p style=\"font-weight: 400;\">Burza pr\u00e1ce je ur\u010den\u00e1 nejen nezam\u011bstnan\u00fdm uchaze\u010d\u016fm a z\u00e1jemc\u016fm o zam\u011bstn\u00e1n\u00ed, kter\u00fdm jsou pr\u016fb\u011b\u017en\u011b obdr\u017e\u00ed pozv\u00e1nky na zm\u00edn\u011bnou akci, ale tak\u00e9 student\u016fm gymn\u00e1zi\u00ed, st\u0159edn\u00edch odborn\u00fdch \u0161kol a u\u010dili\u0161\u0165 p\u016fsob\u00edc\u00edch v\u00a0regionu. P\u0159\u00ednosn\u00e1 bude hlavn\u011b pro studenty posledn\u00edch ro\u010dn\u00edk\u016f, kte\u0159\u00ed se dozv\u011bd\u00ed o mo\u017enostech na Teplicku. Sv\u00e9 p\u0159\u00edle\u017eitosti zde najdou i osoby se zdravotn\u00edm posti\u017een\u00edm i dal\u0161\u00ed z\u00e1jemci o uplatn\u011bn\u00ed na trhu pr\u00e1ce.<\/p>\n<p style=\"font-weight: 400;\">\u201e<em>Ned\u00edlnou sou\u010d\u00e1st\u00ed burzy bude individu\u00e1ln\u00ed poradenstv\u00ed ze strany specialist\u016f \u00da\u0159adu pr\u00e1ce \u010cR. Pomohou jim mimo jin\u00e9 s\u00a0v\u00fdb\u011brem vhodn\u00e9ho povol\u00e1n\u00ed \u010di rekvalifikace. Porad\u00ed, jak spr\u00e1vn\u011b napsat \u017eivotopis \u010di motiva\u010dn\u00ed dopis, sd\u011bl\u00ed jim, jak\u00e9 \u0161ance maj\u00ed na trhu pr\u00e1ce v\u00a0r\u00e1mci jejich sou\u010dasn\u00e9 kvalifikace a praxe nebo jak jim m\u016f\u017ee \u00fa\u0159ad pr\u00e1ce pomoci prost\u0159ednictv\u00edm n\u00e1stroj\u016f aktivn\u00ed politiky zam\u011bstnanosti. Obracet se na n\u011b mohou s dotazy i zam\u011bstnavatel\u00e9<\/em>,\u201c uzav\u00edr\u00e1 \u0159editel Radim Gabriel.<\/p>\n<!--[if lt IE 9]><script>document.createElement('audio');<\/script><![endif]-->\n<audio class=\"wp-audio-shortcode\" id=\"audio-74120-1\" preload=\"none\" style=\"width: 100%;\" controls=\"controls\"><source type=\"audio\/mpeg\" src=\"http:\/\/www.infokuryr.cz\/n\/wp-content\/uploads\/2025\/03\/Zvuk_Burza-prace-Teplice_katerina-Pavlikova.m4a?_=1\" \/><a href=\"http:\/\/www.infokuryr.cz\/n\/wp-content\/uploads\/2025\/03\/Zvuk_Burza-prace-Teplice_katerina-Pavlikova.m4a\">http:\/\/www.infokuryr.cz\/n\/wp-content\/uploads\/2025\/03\/Zvuk_Burza-prace-Teplice_katerina-Pavlikova.m4a<\/a><\/audio>\n<p>&nbsp;<\/p>\n<a href=\"https:\/\/www.infokuryr.cz\/n\/wp-content\/uploads\/2025\/03\/Teplice_burza-prace_pozvanka-na-18.3.-2025.pdf\" class=\"pdfemb-viewer\" style=\"\" data-width=\"max\" data-height=\"max\" data-toolbar=\"top\" data-toolbar-fixed=\"on\">Teplice_burza pr\u00e1ce_pozv\u00e1nka na 18.3. 2025<\/a>\n<p>&nbsp;<\/p>\n<a href=\"https:\/\/www.infokuryr.cz\/n\/wp-content\/uploads\/2025\/03\/Burza-prace-2025.pdf\" class=\"pdfemb-viewer\" style=\"\" data-width=\"max\" data-height=\"max\" data-toolbar=\"top\" data-toolbar-fixed=\"on\">Burza pr\u00e1ce 2025<\/a>\n<p>&nbsp;<\/p>\n","protected":false},"excerpt":{"rendered":"<p>Celkem 29 zam\u011bstnavatel\u016f a nab\u00eddka voln\u00fdch pracovn\u00edch m\u00edst v\u00a0r\u016fzn\u00fdch oborech, nap\u0159\u00edklad v\u00a0doprav\u011b, skl\u00e1\u0159sk\u00e9 v\u00fdrob\u011b, stroj\u00edrenstv\u00ed,&#8230;<\/p>\n","protected":false},"author":2,"featured_media":46615,"comment_status":"closed","ping_status":"closed","sticky":false,"template":"","format":"standard","meta":[],"categories":[6],"tags":[747,601,681,5682],"_links":{"self":[{"href":"https:\/\/www.infokuryr.cz\/n\/wp-json\/wp\/v2\/posts\/74120"}],"collection":[{"href":"https:\/\/www.infokuryr.cz\/n\/wp-json\/wp\/v2\/posts"}],"about":[{"href":"https:\/\/www.infokuryr.cz\/n\/wp-json\/wp\/v2\/types\/post"}],"author":[{"embeddable":true,"href":"https:\/\/www.infokuryr.cz\/n\/wp-json\/wp\/v2\/users\/2"}],"replies":[{"embeddable":true,"href":"https:\/\/www.infokuryr.cz\/n\/wp-json\/wp\/v2\/comments?post=74120"}],"version-history":[{"count":1,"href":"https:\/\/www.infokuryr.cz\/n\/wp-json\/wp\/v2\/posts\/74120\/revisions"}],"predecessor-version":[{"id":74124,"href":"https:\/\/www.infokuryr.cz\/n\/wp-json\/wp\/v2\/posts\/74120\/revisions\/74124"}],"wp:featuredmedia":[{"embeddable":true,"href":"https:\/\/www.infokuryr.cz\/n\/wp-json\/wp\/v2\/media\/46615"}],"wp:attachment":[{"href":"https:\/\/www.infokuryr.cz\/n\/wp-json\/wp\/v2\/media?parent=74120"}],"wp:term":[{"taxonomy":"category","embeddable":true,"href":"https:\/\/www.infokuryr.cz\/n\/wp-json\/wp\/v2\/categories?post=74120"},{"taxonomy":"post_tag","embeddable":true,"href":"https:\/\/www.infokuryr.cz\/n\/wp-json\/wp\/v2\/tags?post=74120"}],"curies":[{"name":"wp","href":"https:\/\/api.w.org\/{rel}","templated":true}]}}