{"id":74053,"date":"2025-03-13T00:20:36","date_gmt":"2025-03-12T23:20:36","guid":{"rendered":"https:\/\/www.infokuryr.cz\/n\/?p=74053"},"modified":"2025-03-12T16:22:21","modified_gmt":"2025-03-12T15:22:21","slug":"nemecko-je-pripraveno-na-valku-bunkry-a-bojove-vesty-pridany-do-diskontniho-sortimentu","status":"publish","type":"post","link":"https:\/\/www.infokuryr.cz\/n\/2025\/03\/13\/nemecko-je-pripraveno-na-valku-bunkry-a-bojove-vesty-pridany-do-diskontniho-sortimentu\/","title":{"rendered":"N\u011bmecko je p\u0159ipraveno na v\u00e1lku: Bunkry a bojov\u00e9 vesty p\u0159id\u00e1ny do diskontn\u00edho sortimentu"},"content":{"rendered":"<div id=\"fb-root\"><\/div>\n<p><strong>B\u011bhem energetick\u00e9 krize se na v\u00e1s lid\u00e9 \u010dasto d\u00edvali \u00fakosem, jestli se na mo\u017en\u00e9 v\u00fdpadky elekt\u0159iny p\u0159ipravujete n\u00e1kupem velk\u00fdch balen\u00ed \u010dajov\u00fdch sv\u00ed\u010dek. N\u011bmecko nyn\u00ed sm\u011b\u0159uje k v\u00e1lce \u2013 a ejhle, v diskontu si nyn\u00ed m\u016f\u017eete objednat nejen bojov\u00e9 vesty, ale tak\u00e9 panc\u00e9\u0159ov\u00fd ocelov\u00fd bunkr.<\/strong><\/p>\n<p>Znepokojen\u00ed vzbuzuje to, co diskontn\u00ed prodej Norma ned\u00e1vno\u00a0<a href=\"https:\/\/www.norma24.de\/b\/bssd-defence\" target=\"_blank\" rel=\"noreferrer noopener\">p\u0159idal do sv\u00e9ho sortimentu<\/a>\u00a0: Ob\u010dan\u00e9 se sice nesm\u011bj\u00ed ozbrojovat v tom nejlep\u0161\u00edm z N\u011bmecka, ale p\u0159esto jim cht\u011bj\u00ed umo\u017enit ur\u010dit\u00e9 p\u0159\u00edpravy v p\u0159\u00edpad\u011b v\u00e1lky.<\/p>\n<p>Ka\u017ed\u00fd, kdo se chce p\u0159i \u00fat\u011bku do krytu vrhnout do v\u00e1le\u010dn\u00e9 v\u0159avy nebo ochr\u00e1nit sv\u00e9 torzo p\u0159ed kulkami, si nyn\u00ed m\u016f\u017ee v obchod\u011b Norma objednat kompletn\u00ed sadu nosi\u010d\u016f tal\u00ed\u0159\u016f v\u010detn\u011b dvou ocelov\u00fdch pl\u00e1t\u016f za 600 eur. Vesta m\u00e1 \u010dty\u0159i kapsy na z\u00e1sobn\u00edky, tak\u017ee m\u016f\u017eete st\u0159\u00edlet zp\u011bt. Pokud l\u00e9taj\u00ed plynov\u00e9 gran\u00e1ty, lze pou\u017e\u00edt \u201cRespiratory Protection Disaster Set BASIC\u201d, kter\u00fd stoj\u00ed p\u0159es 200 eur.<\/p>\n<p><strong>M\u016f\u017eete si tak\u00e9 po\u0159\u00eddit minibunkr v podob\u011b \u201evyskakovac\u00ed panick\u00e9 m\u00edstnosti\u201c z oceli nebo panc\u00e9\u0159ov\u00e9 oceli, kter\u00e1 stoj\u00ed v z\u00e1vislosti na modelu od 14 000 do t\u00e9m\u011b\u0159 25 600 eur<\/strong>\u00a0. Inzeruje se, \u017ee m\u00e1 odolnost proti st\u0159el\u00e1m od r\u00e1\u017ee 9 mm a\u017e po 44 Magnum (samoz\u0159ejm\u011b to v p\u0159\u00edpad\u011b v\u00e1lky nesta\u010d\u00ed). Vstupy vzduchu jsou um\u00edst\u011bny speci\u00e1ln\u011b v zadn\u00ed \u010d\u00e1sti panikov\u00e9 m\u00edstnosti: Podle popisu produktu jsou sva\u0159eny s ochrannou deskou, aby jimi \u00fato\u010dn\u00edci nemohli prostr\u010dit zbran\u011b nebo n\u00e1stroje. Na p\u0159\u00e1n\u00ed lze m\u00edstnost vybavit vestav\u011bn\u00fdm osv\u011btlen\u00edm, lavic\u00ed a such\u00fdm z\u00e1chodem.<\/p>\n<p>Ka\u017ed\u00fd, kdo si ji\u017e z\u0159\u00eddil bunkr ve vlastn\u00edm sklep\u011b nebo na zahrad\u011b, si m\u016f\u017ee za n\u011bkolik tis\u00edc eur objednat tak\u00e9 ochrann\u00e9 dve\u0159e, \u201ekter\u00e9 spl\u0148uj\u00ed v\u0161echny po\u017eadavky podle pokyn\u016f Spolkov\u00e9ho \u00fa\u0159adu pro civiln\u00ed ochranu\u201c. Tak\u00e9 v sortimentu: oh\u0159\u00edva\u010d vzduchu a tlakov\u00e9 a explozivn\u00ed ventily pro syst\u00e9my vzduchov\u00fdch filtr\u016f pro dal\u0161\u00ed zabezpe\u010den\u00ed va\u0161eho vlastn\u00edho \u00fakrytu.<\/p>\n<p><strong>Ji\u017e v minulosti byli lid\u00e9\u00a0<a href=\"https:\/\/report24.news\/ampel-treibt-deutschland-in-krieg-mit-russland-buerger-sollen-ihre-keller-zu-bunkern-umbauen\/\">povzbuzov\u00e1ni k tomu, aby si stav\u011bli a zakl\u00e1dali sv\u00e9 vlastn\u00ed bunkry<\/a>\u00a0:<\/strong>\u00a0N\u011bmecko mo\u017en\u00e1 r\u00e1do vyvol\u00e1v\u00e1 pot\u00ed\u017ee v zahrani\u010dn\u00edch konfliktech, ale nem\u00e1 kapacitu na ochranu vlastn\u00edch ob\u010dan\u016f v p\u0159\u00edpad\u011b v\u00e1lky. V zemi\u00a0<a href=\"https:\/\/www.rtl.de\/news\/discounter-norma-verkauft-online-bunkertueren-id2037462.html\" target=\"_blank\" rel=\"noreferrer noopener\">je v sou\u010dasnosti<\/a>\u00a0pouze 579 ve\u0159ejn\u00fdch \u00fakryt\u016f s p\u0159ibli\u017en\u011b 480 000 m\u00edsty pro civiln\u00ed obyvatelstvo .<\/p>\n<p>V\u0161echny tyto produkty v obchod\u011b Norma poch\u00e1zej\u00ed od spole\u010dnosti BSSD Defence. Jej\u00ed technick\u00fd \u0159editel vysv\u011btlil\u00a0<a href=\"https:\/\/www.rtl.de\/news\/discounter-norma-verkauft-online-bunkertueren-id2037462.html\" target=\"_blank\" rel=\"noreferrer noopener\">RTL<\/a>\u00a0, \u017ee pozoruj\u00ed zvy\u0161uj\u00edc\u00ed se popt\u00e1vku po bezpe\u010dnostn\u00ed technologii:\u00a0<strong>St\u00e1le v\u00edce lid\u00ed m\u011blo pocit, \u017ee \u017eij\u00ed v nejist\u00e9 dob\u011b a cht\u011bj\u00ed p\u0159ijmout opat\u0159en\u00ed. M\u00edstnosti bunkr\u016f, kter\u00e9 jeho spole\u010dnost z\u0159izuje, by mohly b\u00fdt pou\u017eity jako \u201emulti-n\u00e1stroj\u201c k ochran\u011b p\u0159ed zlo\u010dinem, v\u00fdpadkem proudu nebo dokonce v\u00e1lkou. 70 procent z\u00e1kazn\u00edk\u016f spole\u010dnosti jsou \u017eeny.<\/strong>\u00a0Takov\u00e1 mal\u00e1 panika\u0159sk\u00e1 m\u00edstnost toti\u017e p\u0159irozen\u011b chr\u00e1n\u00ed p\u0159ed vloup\u00e1n\u00edm no\u017e\u016f \u2013 a mnohem l\u00e9pe ne\u017e p\u0159ed stormtroopery a tanky.<\/p>\n<p>Mezit\u00edm m\u011bl \u010dlen veden\u00ed Norma pro spolupr\u00e1ci vtipn\u00e9 vysv\u011btlen\u00ed: \u201eVid\u00edme, \u017ee vzhledem k sou\u010dasn\u00e9 politick\u00e9 situaci ve sv\u011bt\u011b v\u00fdrazn\u011b vzrostl z\u00e1jem o t\u00e9ma bezpe\u010dnosti. Sou\u010dasn\u00e9 chov\u00e1n\u00ed americk\u00e9ho prezidenta Donalda Trumpa a Elona Muska pohnulo mnoha z\u00e1kazn\u00edky,\u201c \u0159ekl pro\u00a0<a href=\"https:\/\/www.bild.de\/geld\/wirtschaft\/sicherheit-discounter-norma-verkauft-jetzt-kampfwesten-und-bunker-67cac4f6e06e8b4f9a62187a\" target=\"_blank\" rel=\"noreferrer noopener\">Bild<\/a>\u00a0. Tyto mizern\u00e9 m\u00edrov\u00e9 snahy USA jsou samoz\u0159ejm\u011b tak\u00e9 absurdn\u00ed \u2013 zvl\u00e1\u0161t\u011b takto dosa\u017een\u00e9 p\u0159\u00edm\u011b\u0159\u00ed na Ukrajin\u011b je d\u011bsiv\u00e9, \u017ee?<\/p>\n<p>Zat\u00edm to v\u0161ak nevypad\u00e1, \u017ee by do\u0161lo k n\u011bjak\u00e9mu n\u00e1jezdu na produkty:\u00a0<strong>Nen\u00ed tam \u017e\u00e1dn\u00e1 zm\u00ednka o prodej\u00edch, ale m\u00edsto toho si v\u0161imli, \u017ee str\u00e1nky produkt\u016f jsou \u201enav\u0161t\u011bvov\u00e1ny v\u00fdrazn\u011b \u010dast\u011bji\u201c.<\/strong>\u00a0Tyto hovory samoz\u0159ejm\u011b nemus\u00ed nutn\u011b poch\u00e1zet od potenci\u00e1ln\u00edch kupc\u016f \u2013 mohou b\u00fdt i od u\u017eivatel\u016f, kte\u0159\u00ed si cht\u011bj\u00ed vytvo\u0159it vlastn\u00ed n\u00e1zor na medializaci (a reflektovan\u00fd v\u00fdvoj v N\u011bmecku).<\/p>\n<p><img decoding=\"async\" loading=\"lazy\" class=\"alignnone size-full wp-image-71983\" src=\"http:\/\/www.infokuryr.cz\/n\/wp-content\/uploads\/2025\/02\/aaa.jpg\" alt=\"\" width=\"89\" height=\"23\" \/><\/p>\n","protected":false},"excerpt":{"rendered":"<p>B\u011bhem energetick\u00e9 krize se na v\u00e1s lid\u00e9 \u010dasto d\u00edvali \u00fakosem, jestli se na mo\u017en\u00e9 v\u00fdpadky&#8230;<\/p>\n","protected":false},"author":2,"featured_media":74054,"comment_status":"closed","ping_status":"closed","sticky":false,"template":"","format":"standard","meta":[],"categories":[7],"tags":[3234,84,40],"_links":{"self":[{"href":"https:\/\/www.infokuryr.cz\/n\/wp-json\/wp\/v2\/posts\/74053"}],"collection":[{"href":"https:\/\/www.infokuryr.cz\/n\/wp-json\/wp\/v2\/posts"}],"about":[{"href":"https:\/\/www.infokuryr.cz\/n\/wp-json\/wp\/v2\/types\/post"}],"author":[{"embeddable":true,"href":"https:\/\/www.infokuryr.cz\/n\/wp-json\/wp\/v2\/users\/2"}],"replies":[{"embeddable":true,"href":"https:\/\/www.infokuryr.cz\/n\/wp-json\/wp\/v2\/comments?post=74053"}],"version-history":[{"count":1,"href":"https:\/\/www.infokuryr.cz\/n\/wp-json\/wp\/v2\/posts\/74053\/revisions"}],"predecessor-version":[{"id":74055,"href":"https:\/\/www.infokuryr.cz\/n\/wp-json\/wp\/v2\/posts\/74053\/revisions\/74055"}],"wp:featuredmedia":[{"embeddable":true,"href":"https:\/\/www.infokuryr.cz\/n\/wp-json\/wp\/v2\/media\/74054"}],"wp:attachment":[{"href":"https:\/\/www.infokuryr.cz\/n\/wp-json\/wp\/v2\/media?parent=74053"}],"wp:term":[{"taxonomy":"category","embeddable":true,"href":"https:\/\/www.infokuryr.cz\/n\/wp-json\/wp\/v2\/categories?post=74053"},{"taxonomy":"post_tag","embeddable":true,"href":"https:\/\/www.infokuryr.cz\/n\/wp-json\/wp\/v2\/tags?post=74053"}],"curies":[{"name":"wp","href":"https:\/\/api.w.org\/{rel}","templated":true}]}}