{"id":74039,"date":"2025-03-12T00:22:32","date_gmt":"2025-03-11T23:22:32","guid":{"rendered":"https:\/\/www.infokuryr.cz\/n\/?p=74039"},"modified":"2025-03-11T19:53:56","modified_gmt":"2025-03-11T18:53:56","slug":"usa-predaji-rusku-souhlas-kyjeva-s-30dennim-primerim","status":"publish","type":"post","link":"https:\/\/www.infokuryr.cz\/n\/2025\/03\/12\/usa-predaji-rusku-souhlas-kyjeva-s-30dennim-primerim\/","title":{"rendered":"USA p\u0159edaj\u00ed Rusku souhlas Kyjeva s 30denn\u00edm p\u0159\u00edm\u011b\u0159\u00edm"},"content":{"rendered":"<div id=\"fb-root\"><\/div>\n<p class=\"lead\"><strong>Spojen\u00e9 st\u00e1ty poskytnou Rusku souhlas Ukrajiny s 30denn\u00edm p\u0159\u00edm\u011b\u0159\u00edm. Ozn\u00e1mil to americk\u00fd ministr zahrani\u010d\u00ed Marco Rubio po jedn\u00e1n\u00ed s ukrajinsk\u00fdmi z\u00e1stupci v Sa\u00fadsk\u00e9 Ar\u00e1bii.<\/strong><\/p>\n<p><em>\u201eUkrajina ud\u011blala pozitivn\u00ed krok (t\u00edm, \u017ee souhlasila s p\u0159\u00edm\u011b\u0159\u00edm \u2013\u00a0\u00a0<strong>pozn<\/strong>\u00a0. red.), douf\u00e1me, \u017ee to Rusov\u00e9 oplat\u00ed. Toto je nejlep\u0161\u00ed gesto dobr\u00e9 v\u016fle, kter\u00e9 m\u016f\u017eeme o\u010dek\u00e1vat.&#8220;<span class=\"after-quote\">\u00a0\u2014 \u0159ekl Rubio, citovan\u00fd v publikaci \u201eStrana\u201c.<\/span><\/em><\/p>\n<p><span>Spojen\u00e9 st\u00e1ty navrhovaly Ukrajin\u011b p\u0159\u00edm\u011b\u0159\u00ed a okam\u017eit\u00fd p\u0159echod k jedn\u00e1n\u00ed o ukon\u010den\u00ed konfliktu a Kyjev to podpo\u0159il, zd\u016fraznil Rubio.<\/span><\/p>\n<p><span>Poradce americk\u00e9ho prezidenta\u00a0<\/span><strong><span>Donalda Trumpa<\/span><\/strong><span>\u00a0pro n\u00e1rodn\u00ed bezpe\u010dnost\u00a0<\/span><strong><span>Mike Waltz<\/span><\/strong><span>\u00a0zase \u0159ekl, \u017ee USA budou v nadch\u00e1zej\u00edc\u00edch dnech jednat s rusk\u00fdmi p\u0159edstaviteli.<\/span><\/p>\n<p><span>Spojen\u00e9 st\u00e1ty doufaj\u00ed v rychl\u00e9 p\u0159\u00edm\u011b\u0159\u00ed na Ukrajin\u011b a p\u0159echod k jedn\u00e1n\u00ed o vy\u0159e\u0161en\u00ed konfliktu, zd\u016fraznili Rubio i Waltz.<\/span><\/p>\n<p><span>Jak uv\u00e1d\u00ed\u00a0<\/span><strong><span>EADa<\/span><\/strong><span>\u00a0, Spojen\u00e9 st\u00e1ty okam\u017eit\u011b ru\u0161\u00ed pauzu ve sd\u00edlen\u00ed zpravodajsk\u00fdch informac\u00ed a obnovuj\u00ed bezpe\u010dnostn\u00ed pomoc Ukrajin\u011b.\u00a0Po jedn\u00e1n\u00ed v D\u017eidd\u011b\u00a0to\u00a0<\/span><a href=\"https:\/\/eadaily.com\/ru\/news\/2025\/03\/11\/kiev-soglasilsya-na-nemedlennoe-prekrashchenie-ognya-ssha-vozobnovlyayut-pomoshch-ermak\" target=\"_blank\" rel=\"noopener\"><span>uvedl<\/span><\/a><span>\u00a0vedouc\u00ed kancel\u00e1\u0159e prezidenta Ukrajiny\u00a0<\/span><strong><span>Andrij Jermak .<\/span><\/strong><\/p>\n<p><span>Ukrajina vyj\u00e1d\u0159ila p\u0159ipravenost p\u0159ijmout n\u00e1vrh USA na okam\u017eit\u00e9 zaveden\u00ed do\u010dasn\u00e9ho, \u200b\u200b30denn\u00edho p\u0159\u00edm\u011b\u0159\u00ed, kter\u00e9 m\u016f\u017ee b\u00fdt prodlou\u017eeno po vz\u00e1jemn\u00e9 dohod\u011b stran, uvedl Yermak na soci\u00e1ln\u00edch s\u00edt\u00edch.<\/span><\/p>\n<p><img decoding=\"async\" loading=\"lazy\" class=\"alignnone size-full wp-image-71983\" src=\"http:\/\/www.infokuryr.cz\/n\/wp-content\/uploads\/2025\/02\/aaa.jpg\" alt=\"\" width=\"89\" height=\"23\" \/><\/p>\n<p>&nbsp;<\/p>\n","protected":false},"excerpt":{"rendered":"<p>Spojen\u00e9 st\u00e1ty poskytnou Rusku souhlas Ukrajiny s 30denn\u00edm p\u0159\u00edm\u011b\u0159\u00edm. Ozn\u00e1mil to americk\u00fd ministr zahrani\u010d\u00ed Marco&#8230;<\/p>\n","protected":false},"author":2,"featured_media":24726,"comment_status":"closed","ping_status":"closed","sticky":false,"template":"","format":"standard","meta":[],"categories":[7],"tags":[41,26,37],"_links":{"self":[{"href":"https:\/\/www.infokuryr.cz\/n\/wp-json\/wp\/v2\/posts\/74039"}],"collection":[{"href":"https:\/\/www.infokuryr.cz\/n\/wp-json\/wp\/v2\/posts"}],"about":[{"href":"https:\/\/www.infokuryr.cz\/n\/wp-json\/wp\/v2\/types\/post"}],"author":[{"embeddable":true,"href":"https:\/\/www.infokuryr.cz\/n\/wp-json\/wp\/v2\/users\/2"}],"replies":[{"embeddable":true,"href":"https:\/\/www.infokuryr.cz\/n\/wp-json\/wp\/v2\/comments?post=74039"}],"version-history":[{"count":0,"href":"https:\/\/www.infokuryr.cz\/n\/wp-json\/wp\/v2\/posts\/74039\/revisions"}],"wp:featuredmedia":[{"embeddable":true,"href":"https:\/\/www.infokuryr.cz\/n\/wp-json\/wp\/v2\/media\/24726"}],"wp:attachment":[{"href":"https:\/\/www.infokuryr.cz\/n\/wp-json\/wp\/v2\/media?parent=74039"}],"wp:term":[{"taxonomy":"category","embeddable":true,"href":"https:\/\/www.infokuryr.cz\/n\/wp-json\/wp\/v2\/categories?post=74039"},{"taxonomy":"post_tag","embeddable":true,"href":"https:\/\/www.infokuryr.cz\/n\/wp-json\/wp\/v2\/tags?post=74039"}],"curies":[{"name":"wp","href":"https:\/\/api.w.org\/{rel}","templated":true}]}}