{"id":74032,"date":"2025-03-12T00:21:31","date_gmt":"2025-03-11T23:21:31","guid":{"rendered":"https:\/\/www.infokuryr.cz\/n\/?p=74032"},"modified":"2025-03-11T18:28:17","modified_gmt":"2025-03-11T17:28:17","slug":"protidemokraticky-puc-eu-v-rumunsku-je-varovanim-pro-vsechny-clenske-staty","status":"publish","type":"post","link":"https:\/\/www.infokuryr.cz\/n\/2025\/03\/12\/protidemokraticky-puc-eu-v-rumunsku-je-varovanim-pro-vsechny-clenske-staty\/","title":{"rendered":"Protidemokratick\u00fd pu\u010d EU v Rumunsku je varov\u00e1n\u00edm pro v\u0161echny \u010dlensk\u00e9 st\u00e1ty"},"content":{"rendered":"<div id=\"fb-root\"><\/div>\n<p><strong>&#8222;V Evrop\u011b je nyn\u00ed diktatura, Rumunsko je pod tyrani\u00ed!&#8220; \u2013 takto\u00a0<a href=\"https:\/\/x.com\/CG_Romania\/status\/1898802251558232526\">komentoval<\/a>\u00a0Calin Georgescu bezprecedentn\u00ed vm\u011b\u0161ov\u00e1n\u00ed EU do rumunsk\u00fdch voleb. Po zru\u0161en\u00ed voleb a zat\u010den\u00ed v\u00edt\u011bze voleb n\u00e1sledovalo jeho vylou\u010den\u00ed z nov\u00fdch voleb: EU si nyn\u00ed \u201eotev\u0159en\u011b bere pr\u00e1vo zasahovat do volebn\u00edch proces\u016f a sestavov\u00e1n\u00ed vl\u00e1dy a ovliv\u0148ovat jednotliv\u00e9 politiky za \u00fa\u010delem n\u00e1pravy ne\u017e\u00e1douc\u00edch v\u00fdsledk\u016f,\u201c odsuzuje \u0161\u00e9f FP\u00d6 Herbert Kickl. Jeho po\u017eadavek: Pr\u00e1vo na svobodn\u00e9 volby mus\u00ed b\u00fdt okam\u017eit\u011b obnoveno \u2013 a to nejen pro rumunsk\u00fd lid.<\/strong><\/p>\n<p><em>Tiskov\u00e1 zpr\u00e1va FP\u00d6:<\/em><\/p>\n<p>Rumunsk\u00e1 volebn\u00ed komise v\u010dera ozn\u00e1mila, \u017ee nedovol\u00ed rumunsk\u00e9mu prezidentsk\u00e9mu kandid\u00e1tovi Calinu Georgescuovi, kter\u00fd zv\u00edt\u011bzil v prvn\u00edm kole, znovu kandidovat. \u201eV tomto antidemokratick\u00e9m \u201ap\u0159evratu\u2018 v zemi EU se bruselsk\u00e1 elita osv\u011bd\u010dila nikoli jako obr\u00e1nce demokracie, ale jako pokryteck\u00fd sabot\u00e9r, kter\u00fd byl v z\u00e1kulis\u00ed v prvn\u00ed \u0159ad\u011b prosazovat zru\u0161en\u00ed voleb.\u00a0<strong>Z\u00e1kladn\u00ed demokratick\u00e9 principy, z\u00e1kladn\u00ed pr\u00e1va a svobody \u2013 to v\u0161e samoz\u0159ejm\u011b plat\u00ed jen tehdy, z\u016fstane-li to v \u201en\u00e1zorov\u00e9m koridoru\u201c po\u017eadovan\u00e9m Bruselem a odtr\u017een\u00e9 od obyvatel,\u201c kritizoval p\u0159edseda spolkov\u00e9 strany FP\u00d6 a p\u0159edseda klubu NAbg. Herbert Kickl<\/strong>\u00a0pokra\u010doval: \u201eEU nesm\u00ed zasahovat do n\u00e1rodn\u00edch voleb libovoln\u011b. Tento p\u0159\u00edstup nen\u00ed ojedin\u011bl\u00fdm p\u0159\u00edpadem \u2013 EU si toti\u017e nyn\u00ed otev\u0159en\u011b vyhrazuje pr\u00e1vo zasahovat do volebn\u00edch proces\u016f a sestavov\u00e1n\u00ed vl\u00e1dy a ovliv\u0148ovat jednotliv\u00e9 politiky za \u00fa\u010delem n\u00e1pravy ne\u017e\u00e1douc\u00edch v\u00fdsledk\u016f. Toto uv\u011bdom\u011bn\u00ed se nyn\u00ed roz\u0161i\u0159uje, jak ukazuje jasn\u00e1 kritika demokratick\u00e9ho deficitu v Evrop\u011b JD Vance.<\/p>\n<p>P\u0159edseda spolkov\u00e9 strany FP\u00d6 v t\u00e9to souvislosti vyzval spolkov\u00e9ho prezidenta Van der Bellena a spolkovou vl\u00e1du, aby kone\u010dn\u011b zaujaly jasn\u00e9 stanovisko a jednaly rozhodn\u011b v z\u00e1jmu z\u00e1kladn\u00edch svobod. \u201eSvobodn\u00e9 volby jsou srdcem ka\u017ed\u00e9 demokracie a nejz\u00e1kladn\u011bj\u0161\u00edm pr\u00e1vem ob\u010dan\u016f. Omezovat toto pr\u00e1vo je prost\u011b nehor\u00e1zn\u00e9.\u00a0<strong>Pr\u00e1vo na svobodn\u00e9 a spravedliv\u00e9 volby bez z\u00e1sah\u016f Bruselu mus\u00ed b\u00fdt nejen co nejrychleji zaru\u010deno rumunsk\u00e9mu lidu, ale mus\u00ed b\u00fdt tak\u00e9 z\u00e1sadn\u011b h\u00e1jeno do budoucna. Spolkov\u00fd prezident Van der Bellen a spolkov\u00e1 vl\u00e1da se proto mus\u00ed jasn\u011b postavit na stranu suver\u00e9na, a tedy na stranu demokracie.<\/strong><\/p>\n<p>Poslankyn\u011b liber\u00e1ln\u00ed europoslankyn\u011b Petra Stegerov\u00e1 toto rozhodnut\u00ed ozna\u010duje za systematickou eliminaci nev\u00edtan\u00fdch n\u00e1zor\u016f a kritizuje i EU: \u201eNejd\u0159\u00edv jsou p\u0159evratem zru\u0161eny demokratick\u00e9 volby, pot\u00e9 je v\u00edt\u011bzn\u00fd kandid\u00e1t zat\u010den na chatrn\u00fdch d\u016fvodech a nyn\u00ed je vylou\u010den ze znovuzvolen\u00ed bez jak\u00e9hokoli pr\u00e1vn\u00edho z\u00e1kladu.\u00a0<strong>B\u00fdval\u00fd eurokomisa\u0159 Thierry Breton se p\u0159ed p\u00e1r t\u00fddny dokonce vyslovil pro zru\u0161en\u00ed n\u011bmeck\u00fdch feder\u00e1ln\u00edch voleb, pokud AfD zv\u00edt\u011bz\u00ed \u2013 v souladu s heslem: Kdo netancuje na bruselsk\u00e9 levicov\u011b-globalistick\u00e9 lad\u011bn\u00ed, poc\u00edt\u00ed dopady jeho autorit\u00e1\u0159sk\u00fdch mocensk\u00fdch struktur!<\/strong><\/p>\n<p>\u201eVon der Leyenova komise sice na jedn\u00e9 stran\u011b odsuzuje \u00fadajn\u00e9 rusk\u00e9 vm\u011b\u0161ov\u00e1n\u00ed, na druh\u00e9 stran\u011b tvrd\u011b pracuje na d\u016fsledn\u00e9 implementaci z\u00e1kona o digit\u00e1ln\u00edch slu\u017eb\u00e1ch, kter\u00fd je zneu\u017e\u00edv\u00e1n jako cenzurn\u00ed n\u00e1stroj k zaveden\u00ed brut\u00e1ln\u00edho sledov\u00e1n\u00ed internetu.\u00a0<strong>To Bruselu v budoucnu umo\u017en\u00ed rafinovan\u011bji zasahovat do celost\u00e1tn\u00edch voleb, ani\u017e by vzbudilo velkou pozornost,\u201c varuj\u00ed Kickl a Steger svorn\u011b p\u0159ed dal\u0161\u00edm vm\u011b\u0161ov\u00e1n\u00edm.<\/strong><\/p>\n<p>\u201eBoj proti dezinformac\u00edm nesm\u00ed b\u00fdt za \u017e\u00e1dn\u00fdch okolnost\u00ed zneu\u017eit jako z\u00e1minka ke zru\u0161en\u00ed demokratick\u00fdch princip\u016f \u2013 proto je pot\u0159eba odpor nejen v Rumunsku proti neudr\u017eiteln\u00e9mu rozhodnut\u00ed volebn\u00ed komise, ale v cel\u00e9 Evrop\u011b proti DSA, kter\u00e1 m\u00e1 potenci\u00e1l u\u010dinit volebn\u00ed manipulace spole\u010densky p\u0159ijatelnou,\u201c uzav\u0159ela europoslankyn\u011b Strany svobody Petra Steger.<\/p>\n<p><img decoding=\"async\" loading=\"lazy\" class=\"alignnone size-full wp-image-71983\" src=\"http:\/\/www.infokuryr.cz\/n\/wp-content\/uploads\/2025\/02\/aaa.jpg\" alt=\"\" width=\"89\" height=\"23\" \/><\/p>\n<p>&nbsp;<\/p>\n","protected":false},"excerpt":{"rendered":"<p>&#8222;V Evrop\u011b je nyn\u00ed diktatura, Rumunsko je pod tyrani\u00ed!&#8220; \u2013 takto\u00a0komentoval\u00a0Calin Georgescu bezprecedentn\u00ed vm\u011b\u0161ov\u00e1n\u00ed EU&#8230;<\/p>\n","protected":false},"author":2,"featured_media":74033,"comment_status":"closed","ping_status":"closed","sticky":false,"template":"","format":"standard","meta":[],"categories":[7],"tags":[41,196,331],"_links":{"self":[{"href":"https:\/\/www.infokuryr.cz\/n\/wp-json\/wp\/v2\/posts\/74032"}],"collection":[{"href":"https:\/\/www.infokuryr.cz\/n\/wp-json\/wp\/v2\/posts"}],"about":[{"href":"https:\/\/www.infokuryr.cz\/n\/wp-json\/wp\/v2\/types\/post"}],"author":[{"embeddable":true,"href":"https:\/\/www.infokuryr.cz\/n\/wp-json\/wp\/v2\/users\/2"}],"replies":[{"embeddable":true,"href":"https:\/\/www.infokuryr.cz\/n\/wp-json\/wp\/v2\/comments?post=74032"}],"version-history":[{"count":0,"href":"https:\/\/www.infokuryr.cz\/n\/wp-json\/wp\/v2\/posts\/74032\/revisions"}],"wp:featuredmedia":[{"embeddable":true,"href":"https:\/\/www.infokuryr.cz\/n\/wp-json\/wp\/v2\/media\/74033"}],"wp:attachment":[{"href":"https:\/\/www.infokuryr.cz\/n\/wp-json\/wp\/v2\/media?parent=74032"}],"wp:term":[{"taxonomy":"category","embeddable":true,"href":"https:\/\/www.infokuryr.cz\/n\/wp-json\/wp\/v2\/categories?post=74032"},{"taxonomy":"post_tag","embeddable":true,"href":"https:\/\/www.infokuryr.cz\/n\/wp-json\/wp\/v2\/tags?post=74032"}],"curies":[{"name":"wp","href":"https:\/\/api.w.org\/{rel}","templated":true}]}}