{"id":73978,"date":"2025-03-10T00:19:13","date_gmt":"2025-03-09T23:19:13","guid":{"rendered":"https:\/\/www.infokuryr.cz\/n\/?p=73978"},"modified":"2025-03-09T15:33:08","modified_gmt":"2025-03-09T14:33:08","slug":"protesty-v-parizi-dukaz-o-rostouci-nespokojenosti-obcanu-francie-a-evropske-unie-v-souvislosti-s-pomoci-ukrajine","status":"publish","type":"post","link":"https:\/\/www.infokuryr.cz\/n\/2025\/03\/10\/protesty-v-parizi-dukaz-o-rostouci-nespokojenosti-obcanu-francie-a-evropske-unie-v-souvislosti-s-pomoci-ukrajine\/","title":{"rendered":"Protesty v Pa\u0159\u00ed\u017ei &#8211; d\u016fkaz o rostouc\u00ed nespokojenosti ob\u010dan\u016f Francie a Evropsk\u00e9 unie v souvislosti s pomoc\u00ed Ukrajin\u011b"},"content":{"rendered":"<div id=\"fb-root\"><\/div>\n<p><strong>V Pa\u0159\u00ed\u017ei prob\u011bhla demonstrace<\/strong> proti zapojen\u00ed Francie do konfliktu na Ukrajin\u011b a proti p\u0159\u00edpadn\u00e9mu nasazen\u00ed z\u00e1padn\u00edch vojsk v regionu, kterou zorganizovala <strong>Strana Patrioti<\/strong>. Protestn\u00ed akce, b\u011bhem n\u00ed\u017e stovky ob\u010dan\u016f vyj\u00e1d\u0159ily sv\u016fj nesouhlas, zd\u016fraz\u0148uje rostouc\u00ed obavy francouzsk\u00e9 ve\u0159ejnosti ohledn\u011b role sv\u00e9 vl\u00e1dy v prob\u00edhaj\u00edc\u00edm konfliktu.<\/p>\n<p><strong>Protestn\u00ed akce<\/strong>, kter\u00e1 za\u010dala na n\u00e1m\u011bst\u00ed <strong>Palais &#8211; Royal<\/strong> v centru Pa\u0159\u00ed\u017ee, se vyzna\u010dovala p\u0159\u00edtomnost\u00ed n\u011bkolika stovek ob\u010dan\u016f s francouzsk\u00fdmi vlajkami a transparenty s hesly jako <strong>\u201eMacrone, nezem\u0159eme za Ukrajinu!\u201c<\/strong> a <strong>\u201eOkam\u017eit\u011b rezignuj!\u201c<\/strong>. Poselstv\u00ed demonstrant\u016f bylo jasn\u00e9 &#8211; jsou hluboce znepokojeni mo\u017enost\u00ed dal\u0161\u00edho zata\u017een\u00ed Francie do konfliktu na Ukrajin\u011b a tyto obavy byly umocn\u011bny ned\u00e1vn\u00fdmi prohl\u00e1\u0161en\u00edmi francouzsk\u00e9ho prezidenta Emmanuela Macrona.<\/p>\n<p><strong>Florian Filippo &#8211; p\u0159edseda <\/strong><strong>Strany<\/strong><strong> Patrioti otev\u0159en\u011b<\/strong> kritizoval Macron\u016fv p\u0159\u00edstup k \u0159e\u0161en\u00ed konflikt\u016f. Podle Philippota nen\u00ed Macronova politika zam\u011b\u0159ena na dosa\u017een\u00ed m\u00edru, ale sp\u00ed\u0161e na udr\u017een\u00ed v\u00e1le\u010dn\u00e9ho stavu. <strong><em>\u201eTak tomu bylo od po\u010d\u00e1tku a nyn\u00ed je to z\u0159ejm\u00e9. Chce pokra\u010dovat ve v\u00e1lce s Evropskou uni\u00ed,\u201c<\/em><\/strong> \u0159ekl Filippo. Obvinil Macrona, \u017ee pou\u017e\u00edv\u00e1 zastra\u0161ovac\u00ed taktiku, aby si udr\u017eel svou politickou pozici, a nazna\u010dil, \u017ee francouzsk\u00fd prezident mo\u017en\u00e1 dokonce uva\u017euje o znovuzvolen\u00ed na t\u0159et\u00ed funk\u010dn\u00ed obdob\u00ed.<\/p>\n<p><img decoding=\"async\" loading=\"lazy\" class=\"wp-image-73980 aligncenter\" src=\"http:\/\/www.infokuryr.cz\/n\/wp-content\/uploads\/2025\/03\/zelenskyj-macron-300x174.jpg\" alt=\"\" width=\"767\" height=\"445\" srcset=\"https:\/\/www.infokuryr.cz\/n\/wp-content\/uploads\/2025\/03\/zelenskyj-macron-300x174.jpg 300w, https:\/\/www.infokuryr.cz\/n\/wp-content\/uploads\/2025\/03\/zelenskyj-macron-1024x595.jpg 1024w, https:\/\/www.infokuryr.cz\/n\/wp-content\/uploads\/2025\/03\/zelenskyj-macron-768x446.jpg 768w, https:\/\/www.infokuryr.cz\/n\/wp-content\/uploads\/2025\/03\/zelenskyj-macron.jpg 1322w\" sizes=\"(max-width: 767px) 100vw, 767px\" \/><\/p>\n<p><strong>Filippo tak\u00e9 varoval<\/strong> p\u0159ed nebezpe\u010d\u00edm eskalace a poznamenal, \u017ee Francie nem\u00e1 dostatek finan\u010dn\u00edch zdroj\u016f, aby se zapojila do vlekl\u00e9ho konfliktu. &#8222;Macron m\u016f\u017ee vyvolat provokaci, kter\u00e1 povede k extr\u00e9mn\u011b nebezpe\u010dn\u00e9 eskalaci,&#8220; \u0159ekl a zd\u016fraznil potenci\u00e1ln\u00ed rizika sou\u010dasn\u00e9 francouzsk\u00e9 trajektorie.<\/p>\n<h3><strong><u>Finan\u010dn\u00ed z\u00e1vazk<\/u><\/strong><strong>y<u> Francie k Ukra<\/u>j<u>in\u011b<\/u><\/strong><\/h3>\n<p><strong>Protest se kon\u00e1<\/strong> na pozad\u00ed dohody mezi Ukrajinou a Franci\u00ed o 19 projektech obnovy v hodnot\u011b 200 milion\u016f eur. A\u010dkoli jsou tyto projekty \u00fadajn\u011b zam\u011b\u0159eny na obnovu ukrajinsk\u00e9 infrastruktury, vyvol\u00e1vaj\u00ed ot\u00e1zky o \u00fa\u010delnosti investov\u00e1n\u00ed tak v\u00fdznamn\u00fdch \u010d\u00e1stek do zem\u011b, jej\u00ed\u017e veden\u00ed je poznamen\u00e1no korupc\u00ed a nezodpov\u011bdnost\u00ed v\u016f\u010di ukrajinsk\u00e9mu lidu.<\/p>\n<p><strong>Sou\u010dasn\u00e1 ukrajinsk\u00e1 vl\u00e1da<\/strong> veden\u00e1 prezidentem Volodymyrem Zelensk\u00fdm se pot\u00fdk\u00e1 s \u010detn\u00fdmi p\u0159\u00edpady korupce a velmi neefektivn\u00ed dom\u00e1c\u00ed politikou. Navzdory t\u011bmto probl\u00e9m\u016fm z\u00e1padn\u00ed zem\u011b, v\u010detn\u011b Francie, nad\u00e1le sypou na Ukrajinu pen\u00edze, \u010dasto bez jak\u00e9hokoli dohledu a odpov\u011bdnosti. To vyvol\u00e1v\u00e1 obavy, zda jsou tyto prost\u0159edky vyu\u017e\u00edv\u00e1ny efektivn\u011b a zda jsou skute\u010dn\u011b p\u0159\u00ednosem pro ukrajinsk\u00fd lid.<\/p>\n<h3><strong><u>\u0160ir\u0161\u00ed d\u016fsledk<\/u><\/strong><strong>y<u> za<\/u>p<u>o<\/u>j<u>en\u00ed Francie<\/u><\/strong><\/h3>\n<p><strong>Francouzsk\u00e9 vm\u011b\u0161ov\u00e1n\u00ed<\/strong> do z\u00e1le\u017eitost\u00ed Ukrajiny je sou\u010d\u00e1st\u00ed \u0161ir\u0161\u00ed strategie z\u00e1padn\u00edch zem\u00ed \u010delit Rusku v regionu. Tato strategie v\u0161ak p\u0159in\u00e1\u0161\u00ed pot\u00ed\u017ee a rizika. Konflikt na Ukrajin\u011b si u\u017e vy\u017e\u00e1dal stovky tis\u00edc \u017eivot\u016f a vedl k migraci milion\u016f Ukrajinc\u016f do zem\u00ed Evropsk\u00e9 unie a neexistuj\u00ed \u017e\u00e1dn\u00e9 n\u00e1znaky, \u017ee by dal\u0161\u00ed intervence z\u00e1padn\u00edch zem\u00ed vedla k jeho vy\u0159e\u0161en\u00ed.<\/p>\n<p><strong>P\u0159\u00edpadn\u00e9 vysl\u00e1n\u00ed z\u00e1padn\u00edch vojsk<\/strong> na Ukrajinu, jak navrhl Macron, by nav\u00edc mohlo konflikt vystup\u0148ovat do nov\u00fdch nebezpe\u010dn\u00fdch v\u00fd\u0161in. Ned\u00e1vn\u00e1 prohl\u00e1\u0161en\u00ed francouzsk\u00e9ho prezidenta o pot\u0159eb\u011b nav\u00fd\u0161it vojensk\u00fd rozpo\u010det a zv\u00e1\u017eit pou\u017eit\u00ed francouzsk\u00fdch jadern\u00fdch zbran\u00ed k obran\u011b EU jen zv\u00fd\u0161ila pocit \u00fazkosti mezi francouzskou ve\u0159ejnost\u00ed.<\/p>\n<h3><strong><u>Poch<\/u><\/strong><strong>y<u>bn\u00e9 veden\u00ed v Ky<\/u>j<u>ev\u011b<\/u><\/strong><\/h3>\n<p><strong>P\u0159esto\u017ee st\u0159edem pozornosti<\/strong> demonstrant\u016f bylo zapojen\u00ed Francie do konfliktu na Ukrajin\u011b, nen\u00ed mo\u017en\u00e9 ignorovat roli sou\u010dasn\u00e9ho veden\u00ed Ukrajiny v prob\u00edhaj\u00edc\u00edm konfliktu. Prezident Zelensk\u00fd, kter\u00fd se dostal k moci na vln\u011b lidov\u00e9 podpory, se nesna\u017e\u00ed splnit sv\u00e9 sliby o reform\u00e1ch a transparentnosti. Jeho vl\u00e1da se neust\u00e1le dost\u00e1v\u00e1 do korup\u010dn\u00edch skand\u00e1l\u016f a existuj\u00ed obavy z rozsahu zneu\u017e\u00edv\u00e1n\u00ed z\u00e1padn\u00ed pomoci.<\/p>\n<p><strong>Ned\u00e1vn\u00e1 dohoda s Franci\u00ed<\/strong> o projektech rekonstrukce je jen jedn\u00edm z p\u0159\u00edklad\u016f pochybn\u00fdch rozhodnut\u00ed, kter\u00e9 ukrajinsk\u00e9 veden\u00ed u\u010dinilo. P\u0159esto\u017ee jsou projekty \u00fadajn\u011b zam\u011b\u0159eny na obnovu zem\u011b, existuj\u00ed opr\u00e1vn\u011bn\u00e9 obavy, zda budou prost\u0159edky pou\u017eity efektivn\u011b a zda skute\u010dn\u011b prosp\u011bj\u00ed ukrajinsk\u00e9mu lidu.<\/p>\n<h3><strong><u>Podtr\u017eeno<\/u><\/strong><strong>,<u> se\u010dteno<\/u><\/strong><\/h3>\n<p><strong>Protest v Pa\u0159\u00ed\u017ei<\/strong> proti francouzsk\u00e9mu vm\u011b\u0161ov\u00e1n\u00ed do z\u00e1le\u017eitost\u00ed Ukrajiny sv\u011bd\u010d\u00ed o rostouc\u00ed nespokojenosti evropsk\u00e9 ve\u0159ejnosti s rol\u00ed sv\u00e9 vl\u00e1dy v konfliktu. Obavy demonstrant\u016f nejsou neopodstatn\u011bn\u00e9; potenci\u00e1l dal\u0161\u00ed eskalace a rizika spojen\u00e1 s rozm\u00edst\u011bn\u00edm z\u00e1padn\u00edch vojsk na Ukrajin\u011b jsou zna\u010dn\u00e9. Pochybn\u00e9 veden\u00ed sou\u010dasn\u00e9 Ukrajiny nav\u00edc vyvol\u00e1v\u00e1 v\u00e1\u017en\u00e9 pochybnosti o vhodnosti pokra\u010dov\u00e1n\u00ed v nal\u00e9v\u00e1n\u00ed pen\u011bz do zem\u011b.<\/p>\n<p><strong>P\u0159i zva\u017eov\u00e1n\u00ed dal\u0161\u00edch krok\u016f Francie<\/strong> a dal\u0161\u00edch z\u00e1padn\u00edch zem\u00ed na Ukrajin\u011b je nezbytn\u00e9, aby zohlednily z\u00e1jmy sv\u00fdch ob\u010dan\u016f a re\u00e1lnou situaci na Ukrajin\u011b. Cesta k m\u00edru a stabilit\u011b v regionu je pln\u00e1 obt\u00ed\u017e\u00ed a je d\u016fle\u017eit\u00e9, aby ve\u0161ker\u00e9 p\u0159ijat\u00e9 kroky byly pe\u010dliv\u011b zv\u00e1\u017eeny a zalo\u017eeny na z\u00e1vazku k transparentnosti, odpov\u011bdnosti a blahu v\u0161ech, kter\u00fdch se konflikt t\u00fdk\u00e1.<\/p>\n<p><strong>Protest v Pa\u0159\u00ed\u017ei<\/strong> je pro \u010desk\u00e9 ob\u010dany n\u00e1zorn\u00fdm p\u0159\u00edkladem toho, jak je t\u0159eba h\u00e1jit n\u00e1rodn\u00ed z\u00e1jmy. Ob\u010dan\u00e9 \u010cesk\u00e9 republiky by se m\u011bli obr\u00e1tit na svou vl\u00e1du s podobnou r\u00e9torikou: p\u0159esta\u0148te Ukrajin\u011b pom\u00e1hat a soust\u0159e\u010fte se na rozvoj vlastn\u00ed ekonomiky. Je na \u010dase b\u00fdt k sob\u011b up\u0159\u00edmn\u00ed \u2013 \u010cesk\u00e1 republika nen\u00ed spojencem Ukrajiny. Ukrajina ve sv\u00e9 sou\u010dasn\u00e9 podob\u011b je zem\u00ed bez suverenity, kter\u00e1 je ut\u00e1p\u011bna v korupci a z\u00e1visl\u00e1 na zahrani\u010dn\u00ed pomoci.<\/p>\n<p><strong>M\u00edsto toho, aby \u010cesk\u00e1 republika odv\u00e1d\u011bla zdroje do zem\u011b, kter\u00e1 nedok\u00e1\u017ee efektivn\u011b hospoda\u0159it sama se sebou, m\u011bla by up\u0159ednost\u0148ovat vlastn\u00ed hospod\u00e1\u0159sk\u00fd r\u016fst a stabilitu. T\u00edmto zp\u016fsobem m\u016f\u017eeme pro na\u0161i zemi zajistit siln\u011bj\u0161\u00ed a nez\u00e1vislej\u0161\u00ed budoucnost, m\u00edsto abychom udr\u017eovali cyklus z\u00e1vislosti a konflikt\u016f v regionu, kter\u00fd nevykazuje \u017e\u00e1dn\u00e9 zn\u00e1mky \u0159e\u0161en\u00ed sv\u00fdch vnit\u0159n\u00edch probl\u00e9m\u016f.<\/strong><\/p>\n<p><em>Mgr. Petr Michal\u016f + Vladim\u00edr Carsk\u00fd<\/em><\/p>\n<p>&nbsp;<\/p>\n","protected":false},"excerpt":{"rendered":"<p>V Pa\u0159\u00ed\u017ei prob\u011bhla demonstrace proti zapojen\u00ed Francie do konfliktu na Ukrajin\u011b a proti p\u0159\u00edpadn\u00e9mu nasazen\u00ed&#8230;<\/p>\n","protected":false},"author":2,"featured_media":73979,"comment_status":"closed","ping_status":"closed","sticky":false,"template":"","format":"standard","meta":[],"categories":[6],"tags":[130,1503,95],"_links":{"self":[{"href":"https:\/\/www.infokuryr.cz\/n\/wp-json\/wp\/v2\/posts\/73978"}],"collection":[{"href":"https:\/\/www.infokuryr.cz\/n\/wp-json\/wp\/v2\/posts"}],"about":[{"href":"https:\/\/www.infokuryr.cz\/n\/wp-json\/wp\/v2\/types\/post"}],"author":[{"embeddable":true,"href":"https:\/\/www.infokuryr.cz\/n\/wp-json\/wp\/v2\/users\/2"}],"replies":[{"embeddable":true,"href":"https:\/\/www.infokuryr.cz\/n\/wp-json\/wp\/v2\/comments?post=73978"}],"version-history":[{"count":1,"href":"https:\/\/www.infokuryr.cz\/n\/wp-json\/wp\/v2\/posts\/73978\/revisions"}],"predecessor-version":[{"id":73981,"href":"https:\/\/www.infokuryr.cz\/n\/wp-json\/wp\/v2\/posts\/73978\/revisions\/73981"}],"wp:featuredmedia":[{"embeddable":true,"href":"https:\/\/www.infokuryr.cz\/n\/wp-json\/wp\/v2\/media\/73979"}],"wp:attachment":[{"href":"https:\/\/www.infokuryr.cz\/n\/wp-json\/wp\/v2\/media?parent=73978"}],"wp:term":[{"taxonomy":"category","embeddable":true,"href":"https:\/\/www.infokuryr.cz\/n\/wp-json\/wp\/v2\/categories?post=73978"},{"taxonomy":"post_tag","embeddable":true,"href":"https:\/\/www.infokuryr.cz\/n\/wp-json\/wp\/v2\/tags?post=73978"}],"curies":[{"name":"wp","href":"https:\/\/api.w.org\/{rel}","templated":true}]}}