{"id":73960,"date":"2025-03-10T00:21:50","date_gmt":"2025-03-09T23:21:50","guid":{"rendered":"https:\/\/www.infokuryr.cz\/n\/?p=73960"},"modified":"2025-03-09T14:39:16","modified_gmt":"2025-03-09T13:39:16","slug":"iran-rusko-a-cina-usporadaji-spolecne-namorni-cviceni","status":"publish","type":"post","link":"https:\/\/www.infokuryr.cz\/n\/2025\/03\/10\/iran-rusko-a-cina-usporadaji-spolecne-namorni-cviceni\/","title":{"rendered":"\u00cdr\u00e1n, Rusko a \u010c\u00edna uspo\u0159\u00e1daj\u00ed spole\u010dn\u00e9 n\u00e1mo\u0159n\u00ed cvi\u010den\u00ed"},"content":{"rendered":"<div id=\"fb-root\"><\/div>\n<p><strong><span>\u00cdr\u00e1n, Rusko a \u010c\u00edna uspo\u0159\u00e1daj\u00ed tento t\u00fdden u \u00edr\u00e1nsk\u00e9ho pob\u0159e\u017e\u00ed spole\u010dn\u00e1 n\u00e1mo\u0159n\u00ed cvi\u010den\u00ed s c\u00edlem pos\u00edlit spolupr\u00e1ci, informovala \u00edr\u00e1nsk\u00e1 m\u00e9dia 9. b\u0159ezna.<\/span><\/strong><\/p>\n<p><span>Podle tiskov\u00e9 agentury Tasnim n\u00e1cviky \u201eza\u010dnou v \u00fater\u00fd [11. b\u0159ezna] v p\u0159\u00edstavu Chabahar, kter\u00fd se nach\u00e1z\u00ed v jihov\u00fdchodn\u00edm \u00cdr\u00e1nu v Om\u00e1nsk\u00e9m z\u00e1livu.<\/span><\/p>\n<p><em>&#8222;O\u010dek\u00e1v\u00e1 se, \u017ee se zapoj\u00ed v\u00e1le\u010dn\u00e9 lod\u011b a bojov\u00e1 a podp\u016frn\u00e1 plavidla \u010d\u00ednsk\u00fdch a rusk\u00fdch n\u00e1mo\u0159n\u00edch sil, stejn\u011b jako v\u00e1le\u010dn\u00e9 lod\u011b \u00edr\u00e1nsk\u00fdch n\u00e1mo\u0159n\u00edch sil arm\u00e1dy a Revolu\u010dn\u00edch gard&#8220;, ideologick\u00e1 slo\u017eka \u00edr\u00e1nsk\u00e9 arm\u00e1dy, uvedla poloofici\u00e1ln\u00ed tiskov\u00e1 agentura.<\/em><\/p>\n<p><span>Cvi\u010den\u00ed se budou konat \u201ev severn\u00ed \u010d\u00e1sti Indick\u00e9ho oce\u00e1nu\u201c a jejich c\u00edlem je \u201epos\u00edlit bezpe\u010dnost v regionu a roz\u0161\u00ed\u0159it mnohostrannou spolupr\u00e1ci mezi z\u00fa\u010dastn\u011bn\u00fdmi zem\u011bmi\u201c, dodal.<\/span><\/p>\n<p><span>\u00cdr\u00e1nsko-rusko-\u010d\u00ednsk\u00fdch cvi\u010den\u00ed se jako pozorovatel\u00e9 z\u00fa\u010dastn\u00ed \u00c1zerb\u00e1jd\u017e\u00e1n, Ji\u017en\u00ed Afrika, Om\u00e1n, Kazachst\u00e1n, P\u00e1kist\u00e1n, Katar, Ir\u00e1k, Spojen\u00e9 arabsk\u00e9 emir\u00e1ty a Sr\u00ed Lanka.<\/span><\/p>\n<p><span>\u010c\u00ednsk\u00e9 ministerstvo obrany ozn\u00e1milo, \u017ee n\u00e1mo\u0159nictvo \u010c\u00ednsk\u00e9 lidov\u00e9 osvobozeneck\u00e9 arm\u00e1dy vy\u0161le na cvi\u010den\u00ed torp\u00e9doborec a dopl\u0148ovac\u00ed lo\u010f.<\/span><\/p>\n<p><span>Cvi\u010den\u00ed budou zahrnovat v\u00fdcvikov\u00e9 kurzy v\u010detn\u011b n\u00e1mo\u0159n\u00edho \u00faderu na c\u00edl, VBSS [n\u00e1v\u0161t\u011bva, nalod\u011bn\u00ed, hled\u00e1n\u00ed a zabaven\u00ed], kontrola \u0161kod a tak\u00e9 spole\u010dn\u00e9 p\u00e1trac\u00ed a z\u00e1chrann\u00e9 operace, uv\u00e1d\u00ed se v prohl\u00e1\u0161en\u00ed ministerstva.<\/span><\/p>\n<p><span>Cvi\u010den\u00ed maj\u00ed podle prohl\u00e1\u0161en\u00ed prohloubit vojenskou vz\u00e1jemnou d\u016fv\u011bru a pragmatickou spolupr\u00e1ci mezi jednotkami z\u00fa\u010dastn\u011bn\u00fdch zem\u00ed.<\/span><\/p>\n<p><span>Nadch\u00e1zej\u00edc\u00ed cvi\u010den\u00ed s n\u00e1zvem Security Belt-2025 budou p\u00e1t\u00fdm spole\u010dn\u00fdm \u00edr\u00e1nsko-rusko-\u010d\u00ednsk\u00fdm n\u00e1mo\u0159n\u00edm cvi\u010den\u00edm na Bl\u00edzk\u00e9m v\u00fdchod\u011b od roku 2019.<\/span><\/p>\n<p><span>Cvi\u010den\u00ed p\u0159ich\u00e1zej\u00ed v dob\u011b zv\u00fd\u0161en\u00e9ho nap\u011bt\u00ed mezi \u00cdr\u00e1nem a Spojen\u00fdmi st\u00e1ty. Administrativa prezidenta Donlada Trumpa ji\u017e zv\u00fd\u0161ila tlak na Teher\u00e1n. Nav\u00edc izraelsk\u00e9 ohro\u017een\u00ed Isl\u00e1msk\u00e9 republiky nebylo nikdy vy\u0161\u0161\u00ed.<\/span><\/p>\n<p><span>\u00cdr\u00e1n, Rusko a \u010c\u00edna sd\u00edlej\u00ed spole\u010dnou touhu \u010delit tomu, co charakterizuj\u00ed jako americkou hegemonii na Bl\u00edzk\u00e9m v\u00fdchod\u011b a ve zbytku sv\u011bta.<\/span><\/p>\n<p><img decoding=\"async\" loading=\"lazy\" class=\"alignnone size-full wp-image-71983\" src=\"http:\/\/www.infokuryr.cz\/n\/wp-content\/uploads\/2025\/02\/aaa.jpg\" alt=\"\" width=\"89\" height=\"23\" \/><\/p>\n<p>&nbsp;<\/p>\n","protected":false},"excerpt":{"rendered":"<p>\u00cdr\u00e1n, Rusko a \u010c\u00edna uspo\u0159\u00e1daj\u00ed tento t\u00fdden u \u00edr\u00e1nsk\u00e9ho pob\u0159e\u017e\u00ed spole\u010dn\u00e1 n\u00e1mo\u0159n\u00ed cvi\u010den\u00ed s c\u00edlem&#8230;<\/p>\n","protected":false},"author":2,"featured_media":73961,"comment_status":"closed","ping_status":"closed","sticky":false,"template":"","format":"standard","meta":[],"categories":[7],"tags":[30,304,38,22],"_links":{"self":[{"href":"https:\/\/www.infokuryr.cz\/n\/wp-json\/wp\/v2\/posts\/73960"}],"collection":[{"href":"https:\/\/www.infokuryr.cz\/n\/wp-json\/wp\/v2\/posts"}],"about":[{"href":"https:\/\/www.infokuryr.cz\/n\/wp-json\/wp\/v2\/types\/post"}],"author":[{"embeddable":true,"href":"https:\/\/www.infokuryr.cz\/n\/wp-json\/wp\/v2\/users\/2"}],"replies":[{"embeddable":true,"href":"https:\/\/www.infokuryr.cz\/n\/wp-json\/wp\/v2\/comments?post=73960"}],"version-history":[{"count":0,"href":"https:\/\/www.infokuryr.cz\/n\/wp-json\/wp\/v2\/posts\/73960\/revisions"}],"wp:featuredmedia":[{"embeddable":true,"href":"https:\/\/www.infokuryr.cz\/n\/wp-json\/wp\/v2\/media\/73961"}],"wp:attachment":[{"href":"https:\/\/www.infokuryr.cz\/n\/wp-json\/wp\/v2\/media?parent=73960"}],"wp:term":[{"taxonomy":"category","embeddable":true,"href":"https:\/\/www.infokuryr.cz\/n\/wp-json\/wp\/v2\/categories?post=73960"},{"taxonomy":"post_tag","embeddable":true,"href":"https:\/\/www.infokuryr.cz\/n\/wp-json\/wp\/v2\/tags?post=73960"}],"curies":[{"name":"wp","href":"https:\/\/api.w.org\/{rel}","templated":true}]}}