{"id":73956,"date":"2025-03-10T00:18:26","date_gmt":"2025-03-09T23:18:26","guid":{"rendered":"https:\/\/www.infokuryr.cz\/n\/?p=73956"},"modified":"2025-03-09T15:33:51","modified_gmt":"2025-03-09T14:33:51","slug":"izraelska-armada-tvrdi-ze-pri-utoku-dronu-zabila-pracovnika-hizballahu","status":"publish","type":"post","link":"https:\/\/www.infokuryr.cz\/n\/2025\/03\/10\/izraelska-armada-tvrdi-ze-pri-utoku-dronu-zabila-pracovnika-hizballahu\/","title":{"rendered":"Izraelsk\u00e1 arm\u00e1da tvrd\u00ed, \u017ee p\u0159i \u00fatoku dronu zabila pracovn\u00edka Hizball\u00e1hu"},"content":{"rendered":"<div id=\"fb-root\"><\/div>\n<p><strong>Izraelsk\u00e9 obrann\u00e9 s\u00edly (IDF) se p\u0159ihl\u00e1sily k odpov\u011bdnosti za \u00fatok dronu, kter\u00fd zas\u00e1hl ji\u017en\u00ed Libanon 8. b\u0159ezna, s t\u00edm, \u017ee c\u00edlem byl agent Hizball\u00e1hu.<\/strong><\/p>\n<p>Libanonsk\u00e1 m\u00e9dia uvedla, \u017ee \u00fatok izraelsk\u00e9ho dronu zas\u00e1hl vozidlo mezi m\u011bsty Khirbet Selm a al-Jumayjimah. Mu\u017e zabit\u00fd p\u0159i \u00fatoku byl pozd\u011bji identifikov\u00e1n jako Ali Hassan Shahla, tak\u00e9 zn\u00e1m\u00fd jako Abu Dharr, z m\u011bsta Markaba na jihu Libanonu.<\/p>\n<p>Ve sv\u00e9m prohl\u00e1\u0161en\u00ed IDF tvrdila, \u017ee zabit\u00fd mu\u017e se \u201epod\u00edlel na obnov\u011b teroristick\u00e9 infrastruktury a \u0159\u00edzen\u00ed teroristick\u00fdch operac\u00ed Hizball\u00e1hu v ji\u017en\u00edm Libanonu\u201c.<\/p>\n<p>Smrt\u00edc\u00ed \u00fader Hizball\u00e1hu nekomentoval. Krom\u011b toho skupina nepotvrdila ani nevyvr\u00e1tila, \u017ee jedn\u00edm z jej\u00edch \u010dlen\u016f byl Abu Dharr.<\/p>\n<p><img decoding=\"async\" loading=\"lazy\" class=\"aligncenter\" src=\"https:\/\/s5.cdnstatic.space\/wp-content\/uploads\/2025\/03\/WhatsApp-Image-2025-03-08-at-1.38.21-PM250308013834707.jpeg\" width=\"635\" height=\"357\" \/><\/p>\n<p><img decoding=\"async\" loading=\"lazy\" class=\"aligncenter\" src=\"https:\/\/s5.cdnstatic.space\/wp-content\/uploads\/2025\/03\/images.jpg\" width=\"331\" height=\"591\" \/><\/p>\n<p><img decoding=\"async\" class=\"aligncenter\" src=\"https:\/\/s5.cdnstatic.space\/wp-content\/uploads\/2025\/03\/3461096_1741433885.jpg\" \/><\/p>\n<p>Jen o den d\u0159\u00edve zas\u00e1hla ji\u017en\u00ed Libanon vlna v\u00edce ne\u017e 20 izraelsk\u00fdch \u00fader\u016f. IDF uvedla, \u017ee c\u00edlem byla vojensk\u00e1 m\u00edsta Hizball\u00e1hu. Krom\u011b toho byli zabiti dva libanon\u0161t\u00ed civilist\u00e9 z organizace Jihad al-Bina napojen\u00e9 na Hizball\u00e1h a jeden Sy\u0159an byl kriticky zran\u011bn pot\u00e9, co byl zast\u0159elen izraelsk\u00fdmi jednotkami pobl\u00ed\u017e hranic.<\/p>\n<p>Dohoda o p\u0159\u00edm\u011b\u0159\u00ed zprost\u0159edkovan\u00e1 Spojen\u00fdmi st\u00e1ty loni v listopadu m\u011bla do 18. \u00fanora ukon\u010dit v\u0161echny st\u0159ety na izraelsko-libanonsk\u00fdch hranic\u00edch. IDF nicm\u00e9n\u011b nad\u00e1le operuj\u00ed proti Hizball\u00e1hu pod z\u00e1minkou neutralizace hrozeb pro bezpe\u010dnost Izraele.<\/p>\n<p>Hizball\u00e1h vstoupil do konfliktu s Izraelem p\u0159ed v\u00edce ne\u017e 14 m\u011bs\u00edci, aby podpo\u0159il p\u00e1smo Gazy. Skupina ztratila v\u011bt\u0161inu sv\u00e9ho veden\u00ed a utrp\u011bla t\u011b\u017ek\u00e9 ztr\u00e1ty na person\u00e1lu a vybaven\u00ed. Nejv\u011bt\u0161\u00ed ranou pro skupinu v\u0161ak byla ztr\u00e1ta odporu nastolen\u00e9ho po v\u00e1lce v roce 2006.<\/p>\n<p>Nen\u00ed pochyb o tom, \u017ee Hizball\u00e1h nyn\u00ed trp\u00ed na v\u0161ech \u00farovn\u00edch, zvl\u00e1\u0161t\u011b pot\u00e9, co byly jeho z\u00e1sobovac\u00ed trasy p\u0159es S\u00fdrii p\u0159eru\u0161eny p\u00e1dem Asadova re\u017eimu. P\u0159esto je p\u0159\u00edli\u0161 brzy na to, abychom skupinu zcela vy\u0159adili z rovnov\u00e1hy sil v regionu.<\/p>\n<p><img decoding=\"async\" loading=\"lazy\" class=\"alignnone size-full wp-image-71983\" src=\"http:\/\/www.infokuryr.cz\/n\/wp-content\/uploads\/2025\/02\/aaa.jpg\" alt=\"\" width=\"89\" height=\"23\" \/><\/p>\n<p>&nbsp;<\/p>\n","protected":false},"excerpt":{"rendered":"<p>Izraelsk\u00e9 obrann\u00e9 s\u00edly (IDF) se p\u0159ihl\u00e1sily k odpov\u011bdnosti za \u00fatok dronu, kter\u00fd zas\u00e1hl ji\u017en\u00ed Libanon&#8230;<\/p>\n","protected":false},"author":2,"featured_media":73957,"comment_status":"closed","ping_status":"closed","sticky":false,"template":"","format":"standard","meta":[],"categories":[7],"tags":[3727,1003,6772,107],"_links":{"self":[{"href":"https:\/\/www.infokuryr.cz\/n\/wp-json\/wp\/v2\/posts\/73956"}],"collection":[{"href":"https:\/\/www.infokuryr.cz\/n\/wp-json\/wp\/v2\/posts"}],"about":[{"href":"https:\/\/www.infokuryr.cz\/n\/wp-json\/wp\/v2\/types\/post"}],"author":[{"embeddable":true,"href":"https:\/\/www.infokuryr.cz\/n\/wp-json\/wp\/v2\/users\/2"}],"replies":[{"embeddable":true,"href":"https:\/\/www.infokuryr.cz\/n\/wp-json\/wp\/v2\/comments?post=73956"}],"version-history":[{"count":0,"href":"https:\/\/www.infokuryr.cz\/n\/wp-json\/wp\/v2\/posts\/73956\/revisions"}],"wp:featuredmedia":[{"embeddable":true,"href":"https:\/\/www.infokuryr.cz\/n\/wp-json\/wp\/v2\/media\/73957"}],"wp:attachment":[{"href":"https:\/\/www.infokuryr.cz\/n\/wp-json\/wp\/v2\/media?parent=73956"}],"wp:term":[{"taxonomy":"category","embeddable":true,"href":"https:\/\/www.infokuryr.cz\/n\/wp-json\/wp\/v2\/categories?post=73956"},{"taxonomy":"post_tag","embeddable":true,"href":"https:\/\/www.infokuryr.cz\/n\/wp-json\/wp\/v2\/tags?post=73956"}],"curies":[{"name":"wp","href":"https:\/\/api.w.org\/{rel}","templated":true}]}}