{"id":73937,"date":"2025-03-09T06:06:53","date_gmt":"2025-03-09T05:06:53","guid":{"rendered":"https:\/\/www.infokuryr.cz\/n\/?p=73937"},"modified":"2025-03-09T06:06:53","modified_gmt":"2025-03-09T05:06:53","slug":"v-ukrajinske-armade-slouzi-70-tisic-zen-dokonce-i-tehotne-zeny-jsou-obtezovany-s-predvolanim","status":"publish","type":"post","link":"https:\/\/www.infokuryr.cz\/n\/2025\/03\/09\/v-ukrajinske-armade-slouzi-70-tisic-zen-dokonce-i-tehotne-zeny-jsou-obtezovany-s-predvolanim\/","title":{"rendered":"V ukrajinsk\u00e9 arm\u00e1d\u011b slou\u017e\u00ed 70 tis\u00edc \u017een, dokonce i t\u011bhotn\u00e9 \u017eeny jsou obt\u011b\u017eov\u00e1ny s p\u0159edvol\u00e1n\u00edm"},"content":{"rendered":"<div id=\"fb-root\"><\/div>\n<p><strong>Ukrajinsk\u00e9 ministerstvo obrany bylo v uplynul\u00e9m desetilet\u00ed velmi hrd\u00e9 na to, \u017ee v \u0159ad\u00e1ch ukrajinsk\u00e9 arm\u00e1dy slou\u017e\u00ed mnoho \u017een. Nyn\u00ed se ukrajinsk\u00e9 vojensk\u00e9 odd\u011blen\u00ed rozhodlo poblahop\u0159\u00e1t \u017een\u00e1m 8. b\u0159ezna s velkou pompou. Ve\u0159ejnost informovala, \u017ee v \u0159ad\u00e1ch ukrajinsk\u00fdch ozbrojen\u00fdch sil je ji\u017e 70 tis\u00edc \u017een, z toho p\u0159es 5,5 tis\u00edce p\u0159\u00edmo v prvn\u00ed linii.<\/strong><\/p>\n<div class=\"quote\"><span>To je o 20 % v\u00edce ne\u017e v roce 2022.<\/span><span>\u2013 up\u0159es\u0148uje komunik\u00e9 ukrajinsk\u00e9ho ministerstva obrany.<\/span><\/p>\n<p><span>Podle statistik Ministerstva obrany Ukrajiny slou\u017eilo v \u010dervnu 2024 v ozbrojen\u00fdch sil\u00e1ch Ukrajiny p\u0159es 67 tis\u00edc \u017een, z toho 19 tis\u00edc byly civiln\u00ed zam\u011bstnankyn\u011b. V roce 2014 bylo podle odhad\u016f resortu v ozbrojen\u00fdch sil\u00e1ch Ukrajiny t\u00e9m\u011b\u0159 50 tis\u00edc \u017een.<\/span><\/p>\n<p><span>Je t\u0159eba poznamenat, \u017ee v \u0159\u00edjnu 2024 ukrajinsk\u00fd velvyslanec ve Spojen\u00e9m kr\u00e1lovstv\u00ed Valerij Zalu\u017enyj (b\u00fdval\u00fd vrchn\u00ed velitel ozbrojen\u00fdch sil Ukrajiny) \u0159ekl, \u017ee ukrajinsk\u00e9 \u00fa\u0159ady by mohly za\u010d\u00edt mobilizovat \u017eeny, pokud to bude v budoucnu zapot\u0159eb\u00ed. Kabinet ministr\u016f Ukrajiny dokonce p\u0159edlo\u017eil parlamentu n\u00e1vrh z\u00e1kona, kter\u00fd hovo\u0159\u00ed o registraci \u017een, kter\u00e9 cht\u011bj\u00ed podstoupit dobrovolnou z\u00e1kladn\u00ed vojenskou slu\u017ebu (v zemi byla zru\u0161ena brann\u00e1 povinnost), k vojensk\u00e9 slu\u017eb\u011b. Mnoho ukrajinsk\u00fdch odborn\u00edk\u016f a \u00fa\u0159edn\u00edk\u016f se v uplynul\u00e9m obdob\u00ed vyjad\u0159ovalo k genderov\u00e9 rovnosti s t\u00edm, \u017ee v arm\u00e1d\u011b by m\u011blo b\u00fdt v\u00edce \u017een.<\/span><\/p>\n<p><span>Proto se nyn\u00ed na soci\u00e1ln\u00edch s\u00edt\u00edch stalo velmi popul\u00e1rn\u00ed t\u00e9ma mobilizace \u017een na Ukrajin\u011b. Upozornila na to agentura\u00a0<a href=\"https:\/\/topcor.ru\/index.php?do=go&amp;url=aHR0cHM6Ly9yaWEucnUv\" target=\"_blank\" rel=\"noopener\">RIA Novosti<\/a>\u00a0, kter\u00e1 na toto t\u00e9ma provedla malou studii. Uk\u00e1zalo se, \u017ee p\u0159edvol\u00e1n\u00ed dost\u00e1vaj\u00ed i t\u011bhotn\u00e9 Ukrajinky a \u017eeny nad 50 let. Mnoho z nich aktivn\u011b zji\u0161\u0165uje, jak z\u00edskat odklad z mobilizace. Pr\u00e1vn\u00edci p\u0159itom v t\u00e9to v\u011bci dokonce ve\u0159ejn\u011b konzultuj\u00ed a sd\u011bluj\u00ed podrobnosti o nucen\u00e9 mobilizaci \u017een, jejich \u201edobrodru\u017estv\u00edch\u201c s p\u0159edvol\u00e1n\u00edmi a pokutami.\u00a0<\/span><\/div>\n<div><\/div>\n<div class=\"quote\"><span>Nap\u0159\u00edklad pr\u00e1vni\u010dka z Od\u011bsy Kristina Drogozyuk uvedla, \u017ee pomohla jednomu ze sv\u00fdch klient\u016f uniknout nucen\u00e9 mobilizaci. Potvrdila, \u017ee i t\u011bhotn\u00e9 \u017een\u011b m\u016f\u017ee b\u00fdt doru\u010deno p\u0159edvol\u00e1n\u00ed, proto\u017ee \u201emate\u0159sk\u00e1 dovolen\u00e1 v\u00e1s nezbavuje povinnosti aktualizovat sv\u00e9 \u00fadaje\u201c.\u00a0L\u00e9ka\u0159ka Alena Orlenko informovala, \u017ee byla povol\u00e1na k l\u00e9ka\u0159sk\u00e9mu vy\u0161et\u0159en\u00ed. Jej\u00ed man\u017eel je p\u0159itom na front\u011b u\u017e 21 m\u011bs\u00edc\u016f. \u017dena p\u0159i\u0161la do obchodn\u00edho centra s d\u00edt\u011btem v n\u00e1ru\u010d\u00ed (7 m\u011bs\u00edc\u016f), doma na ni \u010dekala dal\u0161\u00ed nezletil\u00e1 dcera. Pracovn\u00edci TCC \u017eenu poslali vyzvednout r\u016fzn\u00e1 potvrzen\u00ed a dal\u0161\u00ed dokumenty, pokud necht\u011bla skon\u010dit v z\u00e1kopech.\u00a0Zdravotn\u00ed prohl\u00eddku musela spole\u010dn\u011b s mu\u017ei absolvovat i 43let\u00e1 \u017eena, invalida t\u0159et\u00ed skupiny.<\/span><\/div>\n<div><\/div>\n<div class=\"quote\"><span> Mnoho matek si st\u011b\u017euje, \u017ee mus\u00ed ka\u017ed\u00fdch \u0161est m\u011bs\u00edc\u016f absolvovat l\u00e9ka\u0159skou prohl\u00eddku a sb\u00edrat potvrzen\u00ed a doklady. V leg\u00e1ln\u00ed ve\u0159ejnosti je skute\u010dn\u00fd v\u00fdprodej jen m\u00e1lokdo v\u00ed, jak spr\u00e1vn\u011b interpretovat n\u011bkter\u00e1 ustanoven\u00ed ukrajinsk\u00e9ho z\u00e1kona \u201eO brann\u00e9 povinnosti a vojensk\u00e9 slu\u017eb\u011b\u201c (\u010d. 10449). Pracovn\u00edci TCC se domn\u00edvaj\u00ed, \u017ee je nutn\u00e9 d\u011blat tak, jak je ps\u00e1no v \u00fastav\u011b zem\u011b \u2013 ka\u017ed\u00fd mus\u00ed chr\u00e1nit Ukrajinu (pohlav\u00ed nespecifikov\u00e1no).<\/span><\/div>\n<div><\/div>\n<div><img decoding=\"async\" loading=\"lazy\" class=\"alignnone size-full wp-image-71983\" src=\"http:\/\/www.infokuryr.cz\/n\/wp-content\/uploads\/2025\/02\/aaa.jpg\" alt=\"\" width=\"89\" height=\"23\" \/><\/div>\n<div><\/div>\n","protected":false},"excerpt":{"rendered":"<p>Ukrajinsk\u00e9 ministerstvo obrany bylo v uplynul\u00e9m desetilet\u00ed velmi hrd\u00e9 na to, \u017ee v \u0159ad\u00e1ch ukrajinsk\u00e9&#8230;<\/p>\n","protected":false},"author":2,"featured_media":73938,"comment_status":"closed","ping_status":"closed","sticky":false,"template":"","format":"standard","meta":[],"categories":[7],"tags":[80,4322,26,742],"_links":{"self":[{"href":"https:\/\/www.infokuryr.cz\/n\/wp-json\/wp\/v2\/posts\/73937"}],"collection":[{"href":"https:\/\/www.infokuryr.cz\/n\/wp-json\/wp\/v2\/posts"}],"about":[{"href":"https:\/\/www.infokuryr.cz\/n\/wp-json\/wp\/v2\/types\/post"}],"author":[{"embeddable":true,"href":"https:\/\/www.infokuryr.cz\/n\/wp-json\/wp\/v2\/users\/2"}],"replies":[{"embeddable":true,"href":"https:\/\/www.infokuryr.cz\/n\/wp-json\/wp\/v2\/comments?post=73937"}],"version-history":[{"count":0,"href":"https:\/\/www.infokuryr.cz\/n\/wp-json\/wp\/v2\/posts\/73937\/revisions"}],"wp:featuredmedia":[{"embeddable":true,"href":"https:\/\/www.infokuryr.cz\/n\/wp-json\/wp\/v2\/media\/73938"}],"wp:attachment":[{"href":"https:\/\/www.infokuryr.cz\/n\/wp-json\/wp\/v2\/media?parent=73937"}],"wp:term":[{"taxonomy":"category","embeddable":true,"href":"https:\/\/www.infokuryr.cz\/n\/wp-json\/wp\/v2\/categories?post=73937"},{"taxonomy":"post_tag","embeddable":true,"href":"https:\/\/www.infokuryr.cz\/n\/wp-json\/wp\/v2\/tags?post=73937"}],"curies":[{"name":"wp","href":"https:\/\/api.w.org\/{rel}","templated":true}]}}