{"id":73934,"date":"2025-03-09T06:00:11","date_gmt":"2025-03-09T05:00:11","guid":{"rendered":"https:\/\/www.infokuryr.cz\/n\/?p=73934"},"modified":"2025-03-09T06:00:11","modified_gmt":"2025-03-09T05:00:11","slug":"pri-zaplavach-v-argentine-zahynulo-13-lidi","status":"publish","type":"post","link":"https:\/\/www.infokuryr.cz\/n\/2025\/03\/09\/pri-zaplavach-v-argentine-zahynulo-13-lidi\/","title":{"rendered":"P\u0159i z\u00e1plav\u00e1ch v Argentin\u011b zahynulo 13 lid\u00ed"},"content":{"rendered":"<div id=\"fb-root\"><\/div>\n<p class=\"lead\"><strong>Po\u010det ob\u011bt\u00ed z\u00e1plav v argentinsk\u00e9m m\u011bst\u011b Bahia Blanca na jihu provincie Buenos Aires vzrostl na 13, z\u00e1chran\u00e1\u0159i p\u00e1traj\u00ed po ro\u010dn\u00ed d\u00edvce a jej\u00ed p\u011btilet\u00e9 sest\u0159e, uvedl TN. D\u0159\u00edve bylo hl\u00e1\u0161eno, \u017ee bylo zabito 10 lid\u00ed.<\/strong><\/p>\n<p><em>&#8222;Po\u010det ob\u011bt\u00ed vzrostl na 13, v\u00edce ne\u017e 1300 lid\u00ed bylo evakuov\u00e1no,&#8220;<span class=\"after-quote\">\u00a0\u2014 poznamenala m\u00e9dia.<\/span><\/em><\/p>\n<p><span>Povode\u0148, kter\u00e1 zanechala velk\u00e9 turistick\u00e9 a p\u0159\u00edstavn\u00ed m\u011bsto prakticky pod vodou, zp\u016fsobily vydatn\u00e9 de\u0161t\u011b, kdy pr\u016fm\u011brn\u00e9 ro\u010dn\u00ed mno\u017estv\u00ed sr\u00e1\u017eek spadlo za jeden den.<\/span><\/p>\n<p><span>Silnice jsou zni\u010den\u00e9, domy a auta jsou zaplaveny, komunikace ve m\u011bst\u011b je naru\u0161ena, elekt\u0159ina je mimo provoz. Feder\u00e1ln\u00ed \u00fa\u0159ady vyslaly do m\u011bsta dal\u0161\u00ed s\u00edly, aby bojovaly s n\u00e1sledky katastrofy.<\/span><\/p>\n<p><span>Z\u00e1chran\u00e1\u0159i p\u00e1traj\u00ed po dvou mal\u00fdch sest\u0159i\u010dk\u00e1ch, kter\u00e9 strhl siln\u00fd proud vody, kdy\u017e se s rodi\u010di pokusili p\u0159esunout autem do jin\u00e9ho m\u011bsta, kter\u00e9 nebylo zasa\u017eeno povodn\u00ed.<\/span><\/p>\n<p><img decoding=\"async\" loading=\"lazy\" class=\"alignnone size-full wp-image-71983\" src=\"http:\/\/www.infokuryr.cz\/n\/wp-content\/uploads\/2025\/02\/aaa.jpg\" alt=\"\" width=\"89\" height=\"23\" \/><\/p>\n<p>&nbsp;<\/p>\n","protected":false},"excerpt":{"rendered":"<p>Po\u010det ob\u011bt\u00ed z\u00e1plav v argentinsk\u00e9m m\u011bst\u011b Bahia Blanca na jihu provincie Buenos Aires vzrostl na&#8230;<\/p>\n","protected":false},"author":2,"featured_media":73935,"comment_status":"closed","ping_status":"closed","sticky":false,"template":"","format":"standard","meta":[],"categories":[7],"tags":[756,871,4772],"_links":{"self":[{"href":"https:\/\/www.infokuryr.cz\/n\/wp-json\/wp\/v2\/posts\/73934"}],"collection":[{"href":"https:\/\/www.infokuryr.cz\/n\/wp-json\/wp\/v2\/posts"}],"about":[{"href":"https:\/\/www.infokuryr.cz\/n\/wp-json\/wp\/v2\/types\/post"}],"author":[{"embeddable":true,"href":"https:\/\/www.infokuryr.cz\/n\/wp-json\/wp\/v2\/users\/2"}],"replies":[{"embeddable":true,"href":"https:\/\/www.infokuryr.cz\/n\/wp-json\/wp\/v2\/comments?post=73934"}],"version-history":[{"count":0,"href":"https:\/\/www.infokuryr.cz\/n\/wp-json\/wp\/v2\/posts\/73934\/revisions"}],"wp:featuredmedia":[{"embeddable":true,"href":"https:\/\/www.infokuryr.cz\/n\/wp-json\/wp\/v2\/media\/73935"}],"wp:attachment":[{"href":"https:\/\/www.infokuryr.cz\/n\/wp-json\/wp\/v2\/media?parent=73934"}],"wp:term":[{"taxonomy":"category","embeddable":true,"href":"https:\/\/www.infokuryr.cz\/n\/wp-json\/wp\/v2\/categories?post=73934"},{"taxonomy":"post_tag","embeddable":true,"href":"https:\/\/www.infokuryr.cz\/n\/wp-json\/wp\/v2\/tags?post=73934"}],"curies":[{"name":"wp","href":"https:\/\/api.w.org\/{rel}","templated":true}]}}