{"id":73929,"date":"2025-03-09T00:31:52","date_gmt":"2025-03-08T23:31:52","guid":{"rendered":"https:\/\/www.infokuryr.cz\/n\/?p=73929"},"modified":"2025-03-08T16:05:45","modified_gmt":"2025-03-08T15:05:45","slug":"americky-soudce-naridil-cine-zaplatit-24-miliard-dolaru-v-pripadu-souvisejicim-s-covidem","status":"publish","type":"post","link":"https:\/\/www.infokuryr.cz\/n\/2025\/03\/09\/americky-soudce-naridil-cine-zaplatit-24-miliard-dolaru-v-pripadu-souvisejicim-s-covidem\/","title":{"rendered":"Americk\u00fd soudce na\u0159\u00eddil \u010c\u00edn\u011b zaplatit 24 miliard dolar\u016f v p\u0159\u00edpadu souvisej\u00edc\u00edm s Covidem"},"content":{"rendered":"<div id=\"fb-root\"><\/div>\n<h2>Peking byl obvin\u011bn z ohro\u017een\u00ed \u017eivot\u016f hromad\u011bn\u00edm ochrann\u00fdch z\u00e1sob na za\u010d\u00e1tku pandemie<\/h2>\n<p><span>Americk\u00fd feder\u00e1ln\u00ed soudce na\u0159\u00eddil \u010c\u00edn\u011b zaplatit st\u00e1tu Missouri od\u0161kodn\u00e9 ve v\u00fd\u0161i 24 miliard dolar\u016f za obvin\u011bn\u00ed, \u017ee Peking uvedl sv\u011bt v omyl ohledn\u011b vypuknut\u00ed Covid-19 a hromadil ochrann\u00e9 prost\u0159edky b\u011bhem prvn\u00edch m\u011bs\u00edc\u016f pandemie.<\/span><\/p>\n<p><span>\u017dalobu p\u016fvodn\u011b podal gener\u00e1ln\u00ed prokur\u00e1tor st\u00e1tu Missouri v dubnu 2020 b\u011bhem prvn\u00edch m\u011bs\u00edc\u016f pandemie. St\u00e1t obvinil \u010c\u00ednu, \u017ee ohro\u017euje obyvatele zatajov\u00e1n\u00edm informac\u00ed o \u0161\u00ed\u0159en\u00ed viru, co\u017e argumentuje zpo\u017ed\u011bn\u00fdm \u00fasil\u00edm o reakci. \u017daloba tak\u00e9 tvrdila, \u017ee \u010c\u00edna z\u00e1m\u011brn\u011b omezila v\u00fdvoz ochrann\u00fdch pom\u016fcek, co\u017e zp\u016fsobilo zv\u00fd\u0161en\u00ed cen a nedostatek. Covid-19 byl t\u0159et\u00ed hlavn\u00ed p\u0159\u00ed\u010dinou \u00famrt\u00ed v Missouri v letech 2020 a 2021, uvedli pr\u00e1vn\u00edci st\u00e1tu a obvinili \u010diny Pekingu z prohlouben\u00ed krize.<\/span><\/p>\n<p><span>P\u0159\u00edpad byl v roce 2022 zam\u00edtnut na z\u00e1klad\u011b z\u00e1kona o zahrani\u010dn\u00edch suver\u00e9nn\u00edch imunit\u00e1ch, kter\u00fd omezuje mo\u017enosti americk\u00fdch soud\u016f \u010dinit ciz\u00ed vl\u00e1dy odpov\u011bdn\u00e9 za nekomer\u010dn\u00ed akce. Odvolac\u00ed soud j\u00ed v\u0161ak pozd\u011bji povolil pokra\u010dovat v u\u017e\u0161\u00edm po\u017eadavku na hromad\u011bn\u00ed z\u00e1sob.<\/span><\/p>\n<p><span>Soudce Stephen N. Limbaugh v p\u00e1tek rozhodl, \u017ee Missouri poskytla\u00a0<\/span><em><span>\u201euspokojiv\u00e9\u201c<\/span><\/em><span>\u00a0d\u016fkazy, aby byla \u010c\u00edna zodpov\u011bdn\u00e1 za\u00a0<\/span><em><span>\u201ezapojen\u00ed do monopoln\u00edch akc\u00ed s c\u00edlem hromadit OOP\u201c.<\/span><\/em><\/p>\n<p><span>Gener\u00e1ln\u00ed prokur\u00e1tor st\u00e1tu Missouri Andrew Bailey toto rozhodnut\u00ed p\u0159iv\u00edtal a nazval jej\u00a0<\/span><em><span>\u201ep\u0159elomov\u00fdm v\u00edt\u011bzstv\u00edm Missouri a USA v boji za to, aby \u010c\u00edna byla zodpov\u011bdn\u00e1 za rozpout\u00e1n\u00ed Covid-19 ve sv\u011bt\u011b\u201c.<\/span><\/em><span>\u00a0Sl\u00edbil, \u017ee st\u00e1t\u00a0<\/span><em><span>\u201evybere ka\u017ed\u00fd cent\u201c,<\/span><\/em><span>\u00a0mo\u017en\u00e1 t\u00edm, \u017ee zabav\u00ed majetek vlastn\u011bn\u00fd \u010c\u00ed\u0148any v Missouri, v\u010detn\u011b zem\u011bd\u011blsk\u00e9 p\u016fdy.<\/span><\/p>\n<p><span>\u010c\u00edna \u017ealobu odm\u00edtla jako politicky motivovanou.<\/span><\/p>\n<p><em><span>\u201eTakzvan\u00e1 \u017ealoba nem\u00e1 \u017e\u00e1dn\u00fd faktick\u00fd z\u00e1klad, z\u00e1kon ani mezin\u00e1rodn\u00ed precedens. \u010c\u00edna to nep\u0159ij\u00edm\u00e1 a nep\u0159ijme,\u201c<\/span><\/em><span>\u00a0uvedl v p\u00e1te\u010dn\u00edm prohl\u00e1\u0161en\u00ed mluv\u010d\u00ed \u010d\u00ednsk\u00e9ho velvyslanectv\u00ed Liou Pengyu. Varoval, \u017ee pokud rozhodnut\u00ed po\u0161kod\u00ed \u010d\u00ednsk\u00e9 z\u00e1jmy, Peking podnikne\u00a0<\/span><em><span>\u201erecipro\u010dn\u00ed protiopat\u0159en\u00ed\u201c.<\/span><\/em><span>\u00a0Peking d\u0159\u00edve ozna\u010dil p\u0159\u00edpad za\u00a0<\/span><em><span>\u201efra\u0161ku\u201c<\/span><\/em><span>\u00a0a tvrdil, \u017ee americk\u00e9 soudy nemaj\u00ed pravomoc nad suver\u00e9nn\u00edmi akcemi \u010c\u00edny.<\/span><\/p>\n<p><img decoding=\"async\" loading=\"lazy\" class=\"alignnone size-full wp-image-71983\" src=\"http:\/\/www.infokuryr.cz\/n\/wp-content\/uploads\/2025\/02\/aaa.jpg\" alt=\"\" width=\"89\" height=\"23\" \/><\/p>\n<p>&nbsp;<\/p>\n","protected":false},"excerpt":{"rendered":"<p>Peking byl obvin\u011bn z ohro\u017een\u00ed \u017eivot\u016f hromad\u011bn\u00edm ochrann\u00fdch z\u00e1sob na za\u010d\u00e1tku pandemie Americk\u00fd feder\u00e1ln\u00ed soudce&#8230;<\/p>\n","protected":false},"author":2,"featured_media":22411,"comment_status":"closed","ping_status":"closed","sticky":false,"template":"","format":"standard","meta":[],"categories":[7],"tags":[30,23,520,324,37],"_links":{"self":[{"href":"https:\/\/www.infokuryr.cz\/n\/wp-json\/wp\/v2\/posts\/73929"}],"collection":[{"href":"https:\/\/www.infokuryr.cz\/n\/wp-json\/wp\/v2\/posts"}],"about":[{"href":"https:\/\/www.infokuryr.cz\/n\/wp-json\/wp\/v2\/types\/post"}],"author":[{"embeddable":true,"href":"https:\/\/www.infokuryr.cz\/n\/wp-json\/wp\/v2\/users\/2"}],"replies":[{"embeddable":true,"href":"https:\/\/www.infokuryr.cz\/n\/wp-json\/wp\/v2\/comments?post=73929"}],"version-history":[{"count":0,"href":"https:\/\/www.infokuryr.cz\/n\/wp-json\/wp\/v2\/posts\/73929\/revisions"}],"wp:featuredmedia":[{"embeddable":true,"href":"https:\/\/www.infokuryr.cz\/n\/wp-json\/wp\/v2\/media\/22411"}],"wp:attachment":[{"href":"https:\/\/www.infokuryr.cz\/n\/wp-json\/wp\/v2\/media?parent=73929"}],"wp:term":[{"taxonomy":"category","embeddable":true,"href":"https:\/\/www.infokuryr.cz\/n\/wp-json\/wp\/v2\/categories?post=73929"},{"taxonomy":"post_tag","embeddable":true,"href":"https:\/\/www.infokuryr.cz\/n\/wp-json\/wp\/v2\/tags?post=73929"}],"curies":[{"name":"wp","href":"https:\/\/api.w.org\/{rel}","templated":true}]}}