{"id":73906,"date":"2025-03-09T00:23:56","date_gmt":"2025-03-08T23:23:56","guid":{"rendered":"https:\/\/www.infokuryr.cz\/n\/?p=73906"},"modified":"2025-03-08T15:08:16","modified_gmt":"2025-03-08T14:08:16","slug":"italska-vlada-kritizuje-soudnictvi-pote-co-posledni-soudni-rozhodnuti-pozaduje-odskodneni-pro-nelegalni-migranty","status":"publish","type":"post","link":"https:\/\/www.infokuryr.cz\/n\/2025\/03\/09\/italska-vlada-kritizuje-soudnictvi-pote-co-posledni-soudni-rozhodnuti-pozaduje-odskodneni-pro-nelegalni-migranty\/","title":{"rendered":"Italsk\u00e1 vl\u00e1da kritizuje soudnictv\u00ed pot\u00e9, co posledn\u00ed soudn\u00ed rozhodnut\u00ed po\u017eaduje od\u0161kodn\u011bn\u00ed pro neleg\u00e1ln\u00ed migranty"},"content":{"rendered":"<div id=\"fb-root\"><\/div>\n<h3 class=\"s-tagline fw-tagline\"><span>Italsk\u00e1 vl\u00e1da dostala p\u0159\u00edkaz od\u0161kodnit migranty z patov\u00e9 situace na lodi Diciotti v roce 2018, co\u017e je rozhodnut\u00ed, kter\u00e9 vyvolalo politick\u00fd odpor.<\/span><\/h3>\n<p><span>Italsk\u00e1 vl\u00e1da dostala p\u0159\u00edkaz od\u0161kodnit skupinu migrant\u016f, kter\u00fdm bylo v srpnu 2018 na z\u00e1klad\u011b na\u0159\u00edzen\u00ed tehdej\u0161\u00edho ministra vnitra Mattea Salviniho zabr\u00e1n\u011bno vystoupit z lodi Diciotti.<\/span><\/p>\n<p><span>Rozhodl o tom v p\u00e1tek kasa\u010dn\u00ed soud, kter\u00fd rozhodl, \u017ee vl\u00e1da je odpov\u011bdn\u00e1 za \u0161kody zp\u016fsoben\u00e9 zbaven\u00edm svobody, kter\u00e9 migranti utrp\u011bli. Soud vr\u00e1til v\u011bc soudu ni\u017e\u0161\u00ed instance, aby ur\u010dil v\u00fd\u0161i od\u0161kodn\u011bn\u00ed.<\/span><\/p>\n<p><span>Salvini byl vy\u0161et\u0159ov\u00e1n soudem v Palermu kv\u016fli \u00fadajn\u00e9mu \u00fanosu v souvislosti s dlouhodob\u00fdm zadr\u017eov\u00e1n\u00edm migrant\u016f na palub\u011b italsk\u00e9 pob\u0159e\u017en\u00ed str\u00e1\u017ee. P\u0159\u00edpad byl p\u0159ed\u00e1n do Catanie k m\u00edstn\u00ed jurisdikci, kde \u017ealobci obvin\u011bn\u00ed odm\u00edtli. Soudn\u00ed dv\u016fr v\u0161ak toto rozhodnut\u00ed zru\u0161il a po\u017e\u00e1dal Sen\u00e1t o povolen\u00ed st\u00edhat Salviniho, co\u017e bylo nakonec v prosinci lo\u0148sk\u00e9ho roku zam\u00edtnuto.<\/span><\/p>\n<p><span>Soudci ve sv\u00e9m rozhodnut\u00ed zd\u016fraznili, \u017ee odm\u00edtnut\u00ed umo\u017enit migrant\u016fm vylodit se na 10 dn\u00ed nelze pova\u017eovat za politick\u00fd akt, kter\u00fd nelze p\u0159ezkoumat. M\u00edsto toho ji klasifikovali jako spr\u00e1vn\u00ed \u017ealobu podl\u00e9haj\u00edc\u00ed pr\u00e1vn\u00edmu p\u0159ezkumu podle vnitrost\u00e1tn\u00edho i mezin\u00e1rodn\u00edho pr\u00e1va.<\/span><\/p>\n<p><span>Premi\u00e9rka Giorgia Meloniov\u00e1 kritizovala rozhodnut\u00ed a tvrdila, \u017ee stanovilo \u201evelmi sporn\u00fd princip kompenzace\u201c t\u00edm, \u017ee p\u0159edpokl\u00e1d\u00e1 \u0161kodu bez konkr\u00e9tn\u00edho d\u016fkazu. Vyj\u00e1d\u0159ila frustraci nad t\u00edm, \u017ee pen\u00edze da\u0148ov\u00fdch poplatn\u00edk\u016f budou pou\u017eity na od\u0161kodn\u011bn\u00ed jednotlivc\u016f, kte\u0159\u00ed se pokusili neleg\u00e1ln\u011b vstoupit do It\u00e1lie. Meloni uvedl, \u017ee takov\u00e1 rozhodnut\u00ed odcizuj\u00ed ob\u010dany instituc\u00edm, zvl\u00e1\u0161t\u011b kdy\u017e jsou vl\u00e1dn\u00ed zdroje ji\u017e omezen\u00e9.<\/span><\/p>\n<p><span>\u201eV d\u016fsledku tohoto rozhodnut\u00ed bude muset vl\u00e1da kompenzovat \u2013 pen\u011bzi poctiv\u00fdch italsk\u00fdch ob\u010dan\u016f, kte\u0159\u00ed plat\u00ed dan\u011b \u2013 lidi, kte\u0159\u00ed se pokusili vstoupit do It\u00e1lie neleg\u00e1ln\u011b, to znamen\u00e1 poru\u0161en\u00edm z\u00e1kona italsk\u00e9ho st\u00e1tu,\u201c uvedl Meloni v p\u0159\u00edsp\u011bvku na X.<\/span><\/p>\n<figure class=\"wp-block-embed aligncenter is-type-rich is-provider-twitter wp-block-embed-twitter\">\n<div class=\"wp-block-embed__wrapper\">\n<div class=\"twitter-tweet twitter-tweet-rendered\"><iframe id=\"twitter-widget-0\" class=\"\" title=\"X Post\" src=\"https:\/\/platform.twitter.com\/embed\/Tweet.html?creatorScreenName=RMXnews&amp;dnt=true&amp;embedId=twitter-widget-0&amp;features=eyJ0ZndfdGltZWxpbmVfbGlzdCI6eyJidWNrZXQiOltdLCJ2ZXJzaW9uIjpudWxsfSwidGZ3X2ZvbGxvd2VyX2NvdW50X3N1bnNldCI6eyJidWNrZXQiOnRydWUsInZlcnNpb24iOm51bGx9LCJ0ZndfdHdlZXRfZWRpdF9iYWNrZW5kIjp7ImJ1Y2tldCI6Im9uIiwidmVyc2lvbiI6bnVsbH0sInRmd19yZWZzcmNfc2Vzc2lvbiI6eyJidWNrZXQiOiJvbiIsInZlcnNpb24iOm51bGx9LCJ0ZndfZm9zbnJfc29mdF9pbnRlcnZlbnRpb25zX2VuYWJsZWQiOnsiYnVja2V0Ijoib24iLCJ2ZXJzaW9uIjpudWxsfSwidGZ3X21peGVkX21lZGlhXzE1ODk3Ijp7ImJ1Y2tldCI6InRyZWF0bWVudCIsInZlcnNpb24iOm51bGx9LCJ0ZndfZXhwZXJpbWVudHNfY29va2llX2V4cGlyYXRpb24iOnsiYnVja2V0IjoxMjA5NjAwLCJ2ZXJzaW9uIjpudWxsfSwidGZ3X3Nob3dfYmlyZHdhdGNoX3Bpdm90c19lbmFibGVkIjp7ImJ1Y2tldCI6Im9uIiwidmVyc2lvbiI6bnVsbH0sInRmd19kdXBsaWNhdGVfc2NyaWJlc190b19zZXR0aW5ncyI6eyJidWNrZXQiOiJvbiIsInZlcnNpb24iOm51bGx9LCJ0ZndfdXNlX3Byb2ZpbGVfaW1hZ2Vfc2hhcGVfZW5hYmxlZCI6eyJidWNrZXQiOiJvbiIsInZlcnNpb24iOm51bGx9LCJ0ZndfdmlkZW9faGxzX2R5bmFtaWNfbWFuaWZlc3RzXzE1MDgyIjp7ImJ1Y2tldCI6InRydWVfYml0cmF0ZSIsInZlcnNpb24iOm51bGx9LCJ0ZndfbGVnYWN5X3RpbWVsaW5lX3N1bnNldCI6eyJidWNrZXQiOnRydWUsInZlcnNpb24iOm51bGx9LCJ0ZndfdHdlZXRfZWRpdF9mcm9udGVuZCI6eyJidWNrZXQiOiJvbiIsInZlcnNpb24iOm51bGx9fQ%3D%3D&amp;frame=false&amp;hideCard=false&amp;hideThread=false&amp;id=1897957184551506390&amp;lang=cs&amp;origin=https%3A%2F%2Frmx.news%2Farticle%2Fitalian-government-slams-judiciary-after-latest-court-ruling-demands-compensation-for-illegal-migrants%2F&amp;sessionId=e6db2ae5e7b4a1b394584a6cb5c0498519eaf8d1&amp;theme=light&amp;widgetsVersion=2615f7e52b7e0%3A1702314776716&amp;width=550px\" frameborder=\"0\" scrolling=\"no\" allowfullscreen=\"allowfullscreen\" data-tweet-id=\"1897957184551506390\" data-mce-fragment=\"1\"><\/iframe><\/div>\n<\/div>\n<\/figure>\n<p><span>\u201eNemysl\u00edm si, \u017ee to jsou rozhodnut\u00ed, kter\u00e1 ob\u010dan\u00e9 spojuj\u00ed s institucemi, a p\u0159izn\u00e1v\u00e1m, \u017ee utr\u00e1cet pen\u00edze za to, kdy\u017e nem\u00e1me dostatek zdroj\u016f na to, abychom ud\u011blali v\u0161e, co by bylo spr\u00e1vn\u00e9, je velmi frustruj\u00edc\u00ed,\u201c dodala.<\/span><\/p>\n<p><span>Proti rozhodnut\u00ed se postavil i vicepremi\u00e9r Antonio Tajani, kter\u00fd uvedl, \u017ee podkop\u00e1v\u00e1 povinnost vl\u00e1dy br\u00e1nit st\u00e1tn\u00ed hranice. Varoval, \u017ee pokud by v\u0161ichni neleg\u00e1ln\u00ed migranti hledali podobn\u00e9 od\u0161kodn\u011bn\u00ed, mohlo by to v\u00fdrazn\u011b ovlivnit st\u00e1tn\u00ed finance.<\/span><\/p>\n<p><span>Andrea Crippa, z\u00e1stupce tajemn\u00edka Salviniho spoluvl\u00e1dnouc\u00ed strany Lega, popsal rozhodnut\u00ed jako \u201eohromuj\u00edc\u00ed\u201c a trval na tom, \u017ee Salvini nesp\u00e1chal \u017e\u00e1dn\u00fd zlo\u010din. Crippa d\u00e1le navrhl, aby se m\u00edsto \u0161irok\u00e9 ve\u0159ejnosti zodpov\u00eddali levicov\u00ed soudci.<\/span><\/p>\n<p><span>Lo\u010f Diciotti p\u0159ev\u00e1\u017eela 190 migrant\u016f zachr\u00e1n\u011bn\u00fdch na mo\u0159i. Italsk\u00e9 ministerstvo vnitra pod Salviniho veden\u00edm ve vl\u00e1d\u011b Conte I zpo\u010d\u00e1tku odm\u00edtlo ud\u011blit okam\u017eit\u00e9 povolen\u00ed k vylod\u011bn\u00ed. Nakonec v\u0161ak bylo povoleno p\u0159ist\u00e1t 29 nezletil\u00fdm, po nich\u017e n\u00e1sledovalo dal\u0161\u00edch 17 jedinc\u016f ze zdravotn\u00edch d\u016fvod\u016f. \u010cty\u0159i \u017eeny tak\u00e9 dostaly povolen\u00ed, ale rozhodly se z\u016fstat na palub\u011b.<\/span><\/p>\n<p><span>Vl\u00e1da nakonec povolila zb\u00fdvaj\u00edc\u00edm migrant\u016fm vylod\u011bn\u00ed a\u017e pot\u00e9, co zajistila dohody o jejich p\u0159erozd\u011blen\u00ed nap\u0159\u00ed\u010d dal\u0161\u00edmi evropsk\u00fdmi zem\u011bmi a za\u0159\u00edzen\u00edmi vlastn\u011bn\u00fdmi Vatik\u00e1nem. Rozhodnut\u00ed bylo v souladu s tvrd\u00fdm p\u0159\u00edstupem vl\u00e1dy k omezen\u00ed neleg\u00e1ln\u00ed migrace a n\u00e1tlaku na ostatn\u00ed zem\u011b EU, aby se pod\u011blily o b\u0159emeno prob\u00edhaj\u00edc\u00ed migra\u010dn\u00ed krize na ji\u017en\u00ed hranici It\u00e1lie.<\/span><\/p>\n<p><span>Italsk\u00e1 justice a sou\u010dasn\u00e1 konzervativn\u00ed vl\u00e1da u\u017e dlouho v\u00e1l\u010d\u00ed kv\u016fli soudn\u00edm rozhodnut\u00edm v souvislosti s neleg\u00e1ln\u00edm p\u0159ist\u011bhovalectv\u00edm, p\u0159i\u010dem\u017e Salvini d\u0159\u00edve obvinil n\u011bkter\u00e9 soudce z ma\u0159en\u00ed vym\u00e1h\u00e1n\u00ed pr\u00e1va.<\/span><\/p>\n<p><span>Po sv\u00e9m zpro\u0161t\u011bn\u00ed ob\u017ealoby koncem lo\u0148sk\u00e9ho roku v\u016fdce Lega a m\u00edstop\u0159edseda vl\u00e1dy prohl\u00e1sil, \u017ee It\u00e1lie \u201eji\u017e nen\u00ed bezpe\u010dnou zem\u00ed\u201c kv\u016fli tomu, co naz\u00fdval \u201ekomunistick\u00fdmi soudci\u201c, kte\u0159\u00ed neimplementovali z\u00e1kon.<\/span><\/p>\n<p><span>&#8222;Ale my se nevzd\u00e1v\u00e1me!&#8220; prohl\u00e1sil.<\/span><\/p>\n<p><img decoding=\"async\" loading=\"lazy\" class=\"alignnone size-full wp-image-71983\" src=\"http:\/\/www.infokuryr.cz\/n\/wp-content\/uploads\/2025\/02\/aaa.jpg\" alt=\"\" width=\"89\" height=\"23\" \/><\/p>\n<p>&nbsp;<\/p>\n","protected":false},"excerpt":{"rendered":"<p>Italsk\u00e1 vl\u00e1da dostala p\u0159\u00edkaz od\u0161kodnit migranty z patov\u00e9 situace na lodi Diciotti v roce 2018,&#8230;<\/p>\n","protected":false},"author":2,"featured_media":73907,"comment_status":"closed","ping_status":"closed","sticky":false,"template":"","format":"standard","meta":[],"categories":[7],"tags":[119,191,1661,520,324],"_links":{"self":[{"href":"https:\/\/www.infokuryr.cz\/n\/wp-json\/wp\/v2\/posts\/73906"}],"collection":[{"href":"https:\/\/www.infokuryr.cz\/n\/wp-json\/wp\/v2\/posts"}],"about":[{"href":"https:\/\/www.infokuryr.cz\/n\/wp-json\/wp\/v2\/types\/post"}],"author":[{"embeddable":true,"href":"https:\/\/www.infokuryr.cz\/n\/wp-json\/wp\/v2\/users\/2"}],"replies":[{"embeddable":true,"href":"https:\/\/www.infokuryr.cz\/n\/wp-json\/wp\/v2\/comments?post=73906"}],"version-history":[{"count":0,"href":"https:\/\/www.infokuryr.cz\/n\/wp-json\/wp\/v2\/posts\/73906\/revisions"}],"wp:featuredmedia":[{"embeddable":true,"href":"https:\/\/www.infokuryr.cz\/n\/wp-json\/wp\/v2\/media\/73907"}],"wp:attachment":[{"href":"https:\/\/www.infokuryr.cz\/n\/wp-json\/wp\/v2\/media?parent=73906"}],"wp:term":[{"taxonomy":"category","embeddable":true,"href":"https:\/\/www.infokuryr.cz\/n\/wp-json\/wp\/v2\/categories?post=73906"},{"taxonomy":"post_tag","embeddable":true,"href":"https:\/\/www.infokuryr.cz\/n\/wp-json\/wp\/v2\/tags?post=73906"}],"curies":[{"name":"wp","href":"https:\/\/api.w.org\/{rel}","templated":true}]}}