{"id":73904,"date":"2025-03-09T00:21:37","date_gmt":"2025-03-08T23:21:37","guid":{"rendered":"https:\/\/www.infokuryr.cz\/n\/?p=73904"},"modified":"2025-03-08T15:37:38","modified_gmt":"2025-03-08T14:37:38","slug":"boj-o-moc-v-asadove-pevnosti-krvave-povstani-otrasa-syrskym-pobrezim","status":"publish","type":"post","link":"https:\/\/www.infokuryr.cz\/n\/2025\/03\/09\/boj-o-moc-v-asadove-pevnosti-krvave-povstani-otrasa-syrskym-pobrezim\/","title":{"rendered":"Boj o moc v Asadov\u011b pevnosti: Krvav\u00e9 povst\u00e1n\u00ed ot\u0159\u00e1s\u00e1 syrsk\u00fdm pob\u0159e\u017e\u00edm"},"content":{"rendered":"<div id=\"fb-root\"><\/div>\n<p><strong>V rann\u00edch hodin\u00e1ch 6. b\u0159ezna vypuklo v z\u00e1padn\u00ed S\u00fdrii nejhor\u0161\u00ed n\u00e1sil\u00ed od p\u0159ekvapiv\u00e9ho svr\u017een\u00ed Asadova re\u017eimu. To, co za\u010dalo jako izolovan\u00e9 \u00fatoky, se rychle vyvinulo v koordinovan\u00e9 povst\u00e1n\u00ed, kter\u00e9 op\u011bt naru\u0161uje k\u0159ehkou rovnov\u00e1hu sil ve v\u00e1lkou zni\u010den\u00e9 zemi. Nov\u00e9 islamistick\u00e9 veden\u00ed \u010del\u00ed obrovsk\u00e9mu odporu.<\/strong><\/p>\n<p>Syrsk\u00fd pob\u0159e\u017en\u00ed region, kter\u00fd je tradi\u010dn\u011b ba\u0161tou alavitsk\u00e9 men\u0161iny a domovem rodiny Assad\u016f, je nyn\u00ed st\u0159edem krvav\u00e9ho boje o moc. Zat\u00edmco v posledn\u00edch t\u0159ech m\u011bs\u00edc\u00edch byly zaznamen\u00e1ny pouze ojedin\u011bl\u00e9 akty odporu, sou\u010dasn\u00e1 eskalace sv\u011bd\u010d\u00ed o nov\u00e9 kvalit\u011b konfrontace. \u201eVypukla skute\u010dn\u00e1 v\u00e1lka,\u201c informoval\u00a0<a href=\"https:\/\/www.alquds.co.uk\/%D9%83%D9%85%D8%A7%D8%A6%D9%86-%D8%A7%D9%84%D9%81%D9%84%D9%88%D9%84-%D8%AA%D9%88%D8%AF%D9%8A-%D8%A8%D8%B9%D9%86%D8%A7%D8%B5%D8%B1-%D8%A3%D9%85%D9%86-%D9%81%D9%8A-%D8%A7%D9%84%D8%B3%D8%A7%D8%AD%D9%84\/\">Al Quds Al Arabi<\/a> o situaci na venkov\u011b Jableh. Ozbrojen\u00ed militanti, podez\u0159el\u00ed z v\u011brn\u00fdch Assadovi, nachystali smrt\u00edc\u00ed z\u00e1lohu na jednotky V\u0161eobecn\u00e9 bezpe\u010dnostn\u00ed slu\u017eby (GSS). V\u00fdsledek: jen p\u0159i tomto \u00fatoku zahynulo nejm\u00e9n\u011b 15 \u010dlen\u016f GSS. Zvl\u00e1\u0161t\u011b perfidn\u00ed je, \u017ee dokonce i sanitka, kter\u00e1 byla vysl\u00e1na k evakuaci zran\u011bn\u00fdch, se dostala pod palbu.<\/p>\n<figure class=\"wp-block-embed is-type-rich is-provider-twitter wp-block-embed-twitter\">\n<div class=\"wp-block-embed__wrapper\">\n<div class=\"twitter-tweet twitter-tweet-rendered\"><iframe id=\"twitter-widget-0\" class=\"\" title=\"P\u0159\u00edsp\u011bvek X\" src=\"https:\/\/platform.twitter.com\/embed\/Tweet.html?dnt=true&amp;embedId=twitter-widget-0&amp;features=eyJ0ZndfdGltZWxpbmVfbGlzdCI6eyJidWNrZXQiOltdLCJ2ZXJzaW9uIjpudWxsfSwidGZ3X2ZvbGxvd2VyX2NvdW50X3N1bnNldCI6eyJidWNrZXQiOnRydWUsInZlcnNpb24iOm51bGx9LCJ0ZndfdHdlZXRfZWRpdF9iYWNrZW5kIjp7ImJ1Y2tldCI6Im9uIiwidmVyc2lvbiI6bnVsbH0sInRmd19yZWZzcmNfc2Vzc2lvbiI6eyJidWNrZXQiOiJvbiIsInZlcnNpb24iOm51bGx9LCJ0ZndfZm9zbnJfc29mdF9pbnRlcnZlbnRpb25zX2VuYWJsZWQiOnsiYnVja2V0Ijoib24iLCJ2ZXJzaW9uIjpudWxsfSwidGZ3X21peGVkX21lZGlhXzE1ODk3Ijp7ImJ1Y2tldCI6InRyZWF0bWVudCIsInZlcnNpb24iOm51bGx9LCJ0ZndfZXhwZXJpbWVudHNfY29va2llX2V4cGlyYXRpb24iOnsiYnVja2V0IjoxMjA5NjAwLCJ2ZXJzaW9uIjpudWxsfSwidGZ3X3Nob3dfYmlyZHdhdGNoX3Bpdm90c19lbmFibGVkIjp7ImJ1Y2tldCI6Im9uIiwidmVyc2lvbiI6bnVsbH0sInRmd19kdXBsaWNhdGVfc2NyaWJlc190b19zZXR0aW5ncyI6eyJidWNrZXQiOiJvbiIsInZlcnNpb24iOm51bGx9LCJ0ZndfdXNlX3Byb2ZpbGVfaW1hZ2Vfc2hhcGVfZW5hYmxlZCI6eyJidWNrZXQiOiJvbiIsInZlcnNpb24iOm51bGx9LCJ0ZndfdmlkZW9faGxzX2R5bmFtaWNfbWFuaWZlc3RzXzE1MDgyIjp7ImJ1Y2tldCI6InRydWVfYml0cmF0ZSIsInZlcnNpb24iOm51bGx9LCJ0ZndfbGVnYWN5X3RpbWVsaW5lX3N1bnNldCI6eyJidWNrZXQiOnRydWUsInZlcnNpb24iOm51bGx9LCJ0ZndfdHdlZXRfZWRpdF9mcm9udGVuZCI6eyJidWNrZXQiOiJvbiIsInZlcnNpb24iOm51bGx9fQ%3D%3D&amp;frame=false&amp;hideCard=false&amp;hideThread=false&amp;id=1898050476030963898&amp;lang=cs&amp;origin=https%3A%2F%2Freport24.news%2Fmachtkampf-in-assads-hochburg-blutige-revolte-erschuettert-syriens-kueste%2F&amp;sessionId=faa9b4faa3351fe0bbe8b2d35a1182dc4784cbc0&amp;theme=light&amp;widgetsVersion=2615f7e52b7e0%3A1702314776716&amp;width=550px\" frameborder=\"0\" scrolling=\"no\" allowfullscreen=\"allowfullscreen\" data-tweet-id=\"1898050476030963898\" data-mce-fragment=\"1\"><\/iframe><\/div>\n<\/div>\n<\/figure>\n<p><a href=\"https:\/\/www.longwarjournal.org\/archives\/2025\/03\/fierce-clashes-erupt-between-assad-loyalists-and-government-forces-in-western-syria.php\">Boje<\/a>\u00a0se soust\u0159edily na strategick\u00e9 body pod\u00e9l d\u00e1lnice M1 mezi Lataki\u00ed a Tart\u00fasem, pobl\u00ed\u017e administrativn\u00edch hranic obou guberni\u00ed. V Beit Ana bylo zabito dal\u0161\u00edch p\u011bt \u010dlen\u016f GSS. Ve stejn\u00e9 dob\u011b propukly boje u n\u00e1mo\u0159n\u00ed akademie v Jablehu a v Qardaha \u2013 symbolick\u00e9 jako rodi\u0161t\u011b H\u00e1fize al-Asada, zakladatele dynastie Asad\u016f. Reakce nov\u00fdch vl\u00e1dc\u016f na sebe nenechala dlouho \u010dekat. V Tartus, Homs a Latakia \u00fa\u0159ady zavedly z\u00e1kaz no\u010dn\u00edho vych\u00e1zen\u00ed od 22:00. Podle Syrsk\u00e9 observato\u0159e pro lidsk\u00e1 pr\u00e1va bylo p\u0159i st\u0159etech se silami GSS v Latakii zabito 28 militant\u016f napojen\u00fdch na skupiny loaj\u00e1ln\u00ed Asadovi.<\/p>\n<p>Obzvl\u00e1\u0161t\u011b v\u00fdbu\u0161n\u00e9: GSS s\u00e1m prohl\u00e1sil, \u017ee bojuje proti skupin\u00e1m spojen\u00fdm s b\u00fdval\u00fdm d\u016fstojn\u00edkem re\u017eimu Suhail al Hassanem \u2013 jedn\u00edm z nejv\u00fdznamn\u011bj\u0161\u00edch vojensk\u00fdch v\u016fdc\u016f za Asada, kter\u00fd je zn\u00e1m\u00fd svou brutalitou a \u00fa\u010dinnost\u00ed p\u0159i potla\u010dov\u00e1n\u00ed povst\u00e1n\u00ed. Nov\u00e9 syrsk\u00e9 veden\u00ed zmobilizovalo jednotky z cel\u00e9 zem\u011b, aby pos\u00edlilo vl\u00e1dn\u00ed s\u00edly na pob\u0159e\u017e\u00ed. Dokonce i z Idlibu, b\u00fdval\u00e9 ba\u0161ty islamisty Hayat Tahrir al-Sham, se do Latakie sj\u00ed\u017ed\u011bly konvoje na podporu vl\u00e1dn\u00edch jednotek. Ale odpor je tvrd\u00fd: vojensk\u00e1 vozidla byla p\u0159epadena na d\u00e1lnici Aleppo-Latakia a sedm voj\u00e1k\u016f z ministerstva obrany p\u0159i\u0161lo o \u017eivot.<\/p>\n<figure class=\"wp-block-embed is-type-rich is-provider-twitter wp-block-embed-twitter\">\n<div class=\"wp-block-embed__wrapper\">\n<div class=\"twitter-tweet twitter-tweet-rendered\"><iframe id=\"twitter-widget-1\" class=\"\" title=\"P\u0159\u00edsp\u011bvek X\" src=\"https:\/\/platform.twitter.com\/embed\/Tweet.html?dnt=true&amp;embedId=twitter-widget-1&amp;features=eyJ0ZndfdGltZWxpbmVfbGlzdCI6eyJidWNrZXQiOltdLCJ2ZXJzaW9uIjpudWxsfSwidGZ3X2ZvbGxvd2VyX2NvdW50X3N1bnNldCI6eyJidWNrZXQiOnRydWUsInZlcnNpb24iOm51bGx9LCJ0ZndfdHdlZXRfZWRpdF9iYWNrZW5kIjp7ImJ1Y2tldCI6Im9uIiwidmVyc2lvbiI6bnVsbH0sInRmd19yZWZzcmNfc2Vzc2lvbiI6eyJidWNrZXQiOiJvbiIsInZlcnNpb24iOm51bGx9LCJ0ZndfZm9zbnJfc29mdF9pbnRlcnZlbnRpb25zX2VuYWJsZWQiOnsiYnVja2V0Ijoib24iLCJ2ZXJzaW9uIjpudWxsfSwidGZ3X21peGVkX21lZGlhXzE1ODk3Ijp7ImJ1Y2tldCI6InRyZWF0bWVudCIsInZlcnNpb24iOm51bGx9LCJ0ZndfZXhwZXJpbWVudHNfY29va2llX2V4cGlyYXRpb24iOnsiYnVja2V0IjoxMjA5NjAwLCJ2ZXJzaW9uIjpudWxsfSwidGZ3X3Nob3dfYmlyZHdhdGNoX3Bpdm90c19lbmFibGVkIjp7ImJ1Y2tldCI6Im9uIiwidmVyc2lvbiI6bnVsbH0sInRmd19kdXBsaWNhdGVfc2NyaWJlc190b19zZXR0aW5ncyI6eyJidWNrZXQiOiJvbiIsInZlcnNpb24iOm51bGx9LCJ0ZndfdXNlX3Byb2ZpbGVfaW1hZ2Vfc2hhcGVfZW5hYmxlZCI6eyJidWNrZXQiOiJvbiIsInZlcnNpb24iOm51bGx9LCJ0ZndfdmlkZW9faGxzX2R5bmFtaWNfbWFuaWZlc3RzXzE1MDgyIjp7ImJ1Y2tldCI6InRydWVfYml0cmF0ZSIsInZlcnNpb24iOm51bGx9LCJ0ZndfbGVnYWN5X3RpbWVsaW5lX3N1bnNldCI6eyJidWNrZXQiOnRydWUsInZlcnNpb24iOm51bGx9LCJ0ZndfdHdlZXRfZWRpdF9mcm9udGVuZCI6eyJidWNrZXQiOiJvbiIsInZlcnNpb24iOm51bGx9fQ%3D%3D&amp;frame=false&amp;hideCard=false&amp;hideThread=false&amp;id=1897910442703352070&amp;lang=cs&amp;origin=https%3A%2F%2Freport24.news%2Fmachtkampf-in-assads-hochburg-blutige-revolte-erschuettert-syriens-kueste%2F&amp;sessionId=faa9b4faa3351fe0bbe8b2d35a1182dc4784cbc0&amp;theme=light&amp;widgetsVersion=2615f7e52b7e0%3A1702314776716&amp;width=550px\" frameborder=\"0\" scrolling=\"no\" allowfullscreen=\"allowfullscreen\" data-tweet-id=\"1897910442703352070\" data-mce-fragment=\"1\"><\/iframe><\/div>\n<\/div>\n<\/figure>\n<p><a href=\"https:\/\/www.nytimes.com\/2025\/03\/07\/world\/europe\/syria-coast-clashes-assad.html\">Uprost\u0159ed t\u011bchto boj\u016f<\/a>\u00a0skupina nazvan\u00e1 \u201eVojensk\u00e1 rada pro osvobozen\u00ed S\u00fdrie\u201c veden\u00e1 brig\u00e1dn\u00edm gener\u00e1lem Ghayathem Suleimanem Dalou ozn\u00e1mila sv\u00e9 vytvo\u0159en\u00ed. Ve sv\u00e9m prvn\u00edm prohl\u00e1\u0161en\u00ed odsoudila \u201eextr\u00e9mistick\u00e9 d\u017eih\u00e1disty\u201c, kte\u0159\u00ed se chopili moci \u201es pomoc\u00ed ciz\u00edch mocnost\u00ed\u201c, a posteskla si nad zhor\u0161en\u00edm bezpe\u010dnostn\u00ed, ekonomick\u00e9 a humanit\u00e1rn\u00ed situace \u201ena bezprecedentn\u00ed \u00farove\u0148 v historii zem\u011b\u201c.<\/p>\n<p>V\u016fdce Dala nen\u00ed ciz\u00ed. Jako b\u00fdval\u00fd velitel sil \u201eGhayth\u201c v r\u00e1mci 4. obrn\u011bn\u00e9 divize \u2013 elitn\u00ed jednotky pod velen\u00edm Mahera al Assada, bratra svr\u017een\u00e9ho dikt\u00e1tora \u2013 byl v syrsk\u00e9m re\u017eimu pova\u017eov\u00e1n za jednoho z nejv\u00fdznamn\u011bj\u0161\u00edch loaj\u00e1ln\u00edch stoupenc\u016f \u00edr\u00e1nsk\u00e9 osy. Sv\u00e9 operace v\u017edy koordinoval s milicemi podporovan\u00fdmi Teher\u00e1nem, v\u010detn\u011b libanonsk\u00e9ho Hizball\u00e1hu. Dr\u00fazov\u00e9 se tak\u00e9 necht\u011bj\u00ed sklonit p\u0159ed nov\u00fdm extremistick\u00fdm veden\u00edm.<\/p>\n<figure class=\"wp-block-embed is-type-rich is-provider-twitter wp-block-embed-twitter\">\n<div class=\"wp-block-embed__wrapper\">\n<div class=\"twitter-tweet twitter-tweet-rendered\"><iframe id=\"twitter-widget-2\" class=\"\" title=\"P\u0159\u00edsp\u011bvek X\" src=\"https:\/\/platform.twitter.com\/embed\/Tweet.html?dnt=true&amp;embedId=twitter-widget-2&amp;features=eyJ0ZndfdGltZWxpbmVfbGlzdCI6eyJidWNrZXQiOltdLCJ2ZXJzaW9uIjpudWxsfSwidGZ3X2ZvbGxvd2VyX2NvdW50X3N1bnNldCI6eyJidWNrZXQiOnRydWUsInZlcnNpb24iOm51bGx9LCJ0ZndfdHdlZXRfZWRpdF9iYWNrZW5kIjp7ImJ1Y2tldCI6Im9uIiwidmVyc2lvbiI6bnVsbH0sInRmd19yZWZzcmNfc2Vzc2lvbiI6eyJidWNrZXQiOiJvbiIsInZlcnNpb24iOm51bGx9LCJ0ZndfZm9zbnJfc29mdF9pbnRlcnZlbnRpb25zX2VuYWJsZWQiOnsiYnVja2V0Ijoib24iLCJ2ZXJzaW9uIjpudWxsfSwidGZ3X21peGVkX21lZGlhXzE1ODk3Ijp7ImJ1Y2tldCI6InRyZWF0bWVudCIsInZlcnNpb24iOm51bGx9LCJ0ZndfZXhwZXJpbWVudHNfY29va2llX2V4cGlyYXRpb24iOnsiYnVja2V0IjoxMjA5NjAwLCJ2ZXJzaW9uIjpudWxsfSwidGZ3X3Nob3dfYmlyZHdhdGNoX3Bpdm90c19lbmFibGVkIjp7ImJ1Y2tldCI6Im9uIiwidmVyc2lvbiI6bnVsbH0sInRmd19kdXBsaWNhdGVfc2NyaWJlc190b19zZXR0aW5ncyI6eyJidWNrZXQiOiJvbiIsInZlcnNpb24iOm51bGx9LCJ0ZndfdXNlX3Byb2ZpbGVfaW1hZ2Vfc2hhcGVfZW5hYmxlZCI6eyJidWNrZXQiOiJvbiIsInZlcnNpb24iOm51bGx9LCJ0ZndfdmlkZW9faGxzX2R5bmFtaWNfbWFuaWZlc3RzXzE1MDgyIjp7ImJ1Y2tldCI6InRydWVfYml0cmF0ZSIsInZlcnNpb24iOm51bGx9LCJ0ZndfbGVnYWN5X3RpbWVsaW5lX3N1bnNldCI6eyJidWNrZXQiOnRydWUsInZlcnNpb24iOm51bGx9LCJ0ZndfdHdlZXRfZWRpdF9mcm9udGVuZCI6eyJidWNrZXQiOiJvbiIsInZlcnNpb24iOm51bGx9fQ%3D%3D&amp;frame=false&amp;hideCard=false&amp;hideThread=false&amp;id=1894271291613405622&amp;lang=cs&amp;origin=https%3A%2F%2Freport24.news%2Fmachtkampf-in-assads-hochburg-blutige-revolte-erschuettert-syriens-kueste%2F&amp;sessionId=faa9b4faa3351fe0bbe8b2d35a1182dc4784cbc0&amp;theme=light&amp;widgetsVersion=2615f7e52b7e0%3A1702314776716&amp;width=550px\" frameborder=\"0\" scrolling=\"no\" allowfullscreen=\"allowfullscreen\" data-tweet-id=\"1894271291613405622\" data-mce-fragment=\"1\"><\/iframe><\/div>\n<\/div>\n<\/figure>\n<p>Podle bezpe\u010dnostn\u00edch zdroj\u016f, kter\u00e9 hovo\u0159ily s Al-D\u017eaz\u00edrou, si Ba\u0161\u00e1r al Asad uv\u011bdomuje koordinaci mezi r\u016fzn\u00fdmi ozbrojen\u00fdmi skupinami podporovan\u00fdmi \u201eciz\u00edm st\u00e1tem\u201c. Vojensk\u00e1 rada pod Dalou \u00fadajn\u011b obdr\u017eela finan\u010dn\u00ed podporu od Hizball\u00e1hu a ir\u00e1ck\u00fdch milic\u00ed a tak\u00e9 logistickou pomoc od Syrsk\u00fdch demokratick\u00fdch sil (SDF) veden\u00fdch Kurdy.<\/p>\n<p>Syrsk\u00e9 vl\u00e1dn\u00ed s\u00edly pos\u00edlily hl\u00eddky pod\u00e9l ir\u00e1cko-syrsk\u00e9 hranice, aby zabr\u00e1nily ir\u00e1ck\u00fdm milic\u00edm v pa\u0161ov\u00e1n\u00ed zbran\u00ed. Podobn\u011b byly zes\u00edleny kontroly na libanonsko-syrsk\u00e9 hranici, aby se zabr\u00e1nilo bu\u0148k\u00e1m Hizball\u00e1hu vyzbrojovat nebo podporovat povstalce.<\/p>\n<p>Pro mnoho analytik\u016f byly v\u00fdznamn\u00e9 \u00fatoky Assadov\u00fdch loaj\u00e1ln\u00edch jen ot\u00e1zkou \u010dasu. Alavit\u00e9, kte\u0159\u00ed za Asada tvo\u0159ili mocenskou elitu, se za nov\u00e9 islamistick\u00e9 vl\u00e1dy ob\u00e1vaj\u00ed odvetn\u00fdch opat\u0159en\u00ed a marginalizace. Navzdory uji\u0161t\u011bn\u00ed od prozat\u00edmn\u00edho prezidenta Ahmeda al-Shary, \u017ee bude chr\u00e1nit pr\u00e1va v\u0161ech Sy\u0159an\u016f, nervozita v komunit\u011b roste. Krom\u011b toho existuje mnoho zpr\u00e1v, fotografi\u00ed a vide\u00ed o mu\u010den\u00ed a poprav\u00e1ch ze strany sou\u010dasn\u00e9 \u201eum\u00edrn\u011bn\u00e9 vl\u00e1dy\u201c.<\/p>\n<p><img decoding=\"async\" loading=\"lazy\" class=\"alignnone size-full wp-image-71983\" src=\"http:\/\/www.infokuryr.cz\/n\/wp-content\/uploads\/2025\/02\/aaa.jpg\" alt=\"\" width=\"89\" height=\"23\" \/><\/p>\n<p>&nbsp;<\/p>\n","protected":false},"excerpt":{"rendered":"<p>V rann\u00edch hodin\u00e1ch 6. b\u0159ezna vypuklo v z\u00e1padn\u00ed S\u00fdrii nejhor\u0161\u00ed n\u00e1sil\u00ed od p\u0159ekvapiv\u00e9ho svr\u017een\u00ed Asadova&#8230;<\/p>\n","protected":false},"author":2,"featured_media":73905,"comment_status":"closed","ping_status":"closed","sticky":false,"template":"","format":"standard","meta":[],"categories":[7],"tags":[1917,6698,147],"_links":{"self":[{"href":"https:\/\/www.infokuryr.cz\/n\/wp-json\/wp\/v2\/posts\/73904"}],"collection":[{"href":"https:\/\/www.infokuryr.cz\/n\/wp-json\/wp\/v2\/posts"}],"about":[{"href":"https:\/\/www.infokuryr.cz\/n\/wp-json\/wp\/v2\/types\/post"}],"author":[{"embeddable":true,"href":"https:\/\/www.infokuryr.cz\/n\/wp-json\/wp\/v2\/users\/2"}],"replies":[{"embeddable":true,"href":"https:\/\/www.infokuryr.cz\/n\/wp-json\/wp\/v2\/comments?post=73904"}],"version-history":[{"count":0,"href":"https:\/\/www.infokuryr.cz\/n\/wp-json\/wp\/v2\/posts\/73904\/revisions"}],"wp:featuredmedia":[{"embeddable":true,"href":"https:\/\/www.infokuryr.cz\/n\/wp-json\/wp\/v2\/media\/73905"}],"wp:attachment":[{"href":"https:\/\/www.infokuryr.cz\/n\/wp-json\/wp\/v2\/media?parent=73904"}],"wp:term":[{"taxonomy":"category","embeddable":true,"href":"https:\/\/www.infokuryr.cz\/n\/wp-json\/wp\/v2\/categories?post=73904"},{"taxonomy":"post_tag","embeddable":true,"href":"https:\/\/www.infokuryr.cz\/n\/wp-json\/wp\/v2\/tags?post=73904"}],"curies":[{"name":"wp","href":"https:\/\/api.w.org\/{rel}","templated":true}]}}