{"id":73891,"date":"2025-03-09T00:16:08","date_gmt":"2025-03-08T23:16:08","guid":{"rendered":"https:\/\/www.infokuryr.cz\/n\/?p=73891"},"modified":"2025-03-08T14:45:56","modified_gmt":"2025-03-08T13:45:56","slug":"uplny-dohled-na-hranicich-jak-eu-omezuje-svobodu-pohybu-cestujicich","status":"publish","type":"post","link":"https:\/\/www.infokuryr.cz\/n\/2025\/03\/09\/uplny-dohled-na-hranicich-jak-eu-omezuje-svobodu-pohybu-cestujicich\/","title":{"rendered":"\u00dapln\u00fd dohled na hranic\u00edch: Jak EU omezuje svobodu pohybu cestuj\u00edc\u00edch"},"content":{"rendered":"<div id=\"fb-root\"><\/div>\n<div class=\"elementor-element elementor-element-1fb4c2c elementor-widget elementor-widget-theme-post-content\" data-id=\"1fb4c2c\" data-element_type=\"widget\" data-widget_type=\"theme-post-content.default\">\n<div class=\"elementor-widget-container\">\n<p><span>\u010clensk\u00e9 st\u00e1ty EU\u00a0<\/span><a href=\"https:\/\/www.euronews.com\/my-europe\/2025\/03\/05\/eu-countries-agree-phased-launch-of-entryexit-system-ending-years-of-delays\" target=\"_blank\" rel=\"noreferrer noopener\" data-type=\"link\" data-id=\"https:\/\/www.euronews.com\/my-europe\/2025\/03\/05\/eu-countries-agree-phased-launch-of-entryexit-system-ending-years-of-delays\"><span>se ve st\u0159edu dohodly<\/span><\/a><span>\u00a0na postupn\u00e9m zaveden\u00ed nov\u00e9ho syst\u00e9mu hrani\u010dn\u00edch kontrol pro ob\u010dany mimo EU, kter\u00fd nahrad\u00ed klasick\u00e9 raz\u00edtko do pasu. Ale za kr\u00e1snou fas\u00e1dou efektivity a digitalizace se skr\u00fdv\u00e1 masivn\u00ed z\u00e1sah do osobn\u00edch svobod a bezprecedentn\u00ed shroma\u017e\u010fov\u00e1n\u00ed citliv\u00fdch dat.<\/span><\/p>\n<h3 class=\"wp-block-heading\"><strong><span>Syst\u00e9m vstupu\/v\u00fdstupu (EES): Dal\u0161\u00ed krok k \u00fapln\u00e9mu dohledu?<\/span><\/strong><\/h3>\n<p><span>Takzvan\u00fd Entry\/Exit System (EES) m\u011bl b\u00fdt spu\u0161t\u011bn v listopadu lo\u0148sk\u00e9ho roku, ale byl odlo\u017een, proto\u017ee n\u011bkolik st\u00e1t\u016f nebylo p\u0159ipraveno. Probl\u00e9m v\u0161ak nen\u00ed jen technick\u00e9ho r\u00e1zu \u2013 m\u00e1 dalekos\u00e1hl\u00e9 d\u016fsledky pro cestuj\u00edc\u00ed, ochranu \u00fadaj\u016f a svobodu jednotlivce.<\/span><\/p>\n<p><span>Syst\u00e9m, kter\u00fd byl poprv\u00e9 zaveden v roce 2017, pe\u010dliv\u011b zaznamen\u00e1v\u00e1 data vstupu a v\u00fdstupu n\u00e1v\u0161t\u011bvn\u00edk\u016f, ukl\u00e1d\u00e1 biometrick\u00e1 data, jako jsou\u00a0<\/span><strong><span>sn\u00edmky obli\u010deje a otisky prst\u016f<\/span><\/strong><span>\u00a0, a zaznamen\u00e1v\u00e1 odm\u00edtnut\u00e9 vstupy i p\u0159ekro\u010den\u00ed povolen\u00e9 doby pobytu.<\/span><\/p>\n<h3 class=\"wp-block-heading\"><strong><span>Sb\u011br dat m\u00edsto zaji\u0161t\u011bn\u00ed bezpe\u010dnosti<\/span><\/strong><\/h3>\n<p><span>Ofici\u00e1ln\u011b m\u00e1 syst\u00e9m omezit neleg\u00e1ln\u00ed migraci a usnadnit procesy na hranic\u00edch, ale kritici v n\u011bm vid\u00ed p\u0159edev\u0161\u00edm n\u00e1stroj pro bezprobl\u00e9mov\u00fd dohled. Kdo zaru\u010d\u00ed, \u017ee tato data nebudou zneu\u017eita?<\/span><\/p>\n<p><span>EES nen\u00ed jen dal\u0161\u00ed digit\u00e1ln\u00ed syst\u00e9m, ale miln\u00edk v komplexn\u00edm sb\u011bru biometrick\u00fdch \u00fadaj\u016f podle st\u00e1t\u016f. Uchov\u00e1v\u00e1n\u00ed\u00a0<\/span><strong><span>otisk\u016f prst\u016f a sn\u00edmk\u016f obli\u010deje<\/span><\/strong><span>\u00a0vyvol\u00e1v\u00e1 v\u00e1\u017en\u00e9 ot\u00e1zky t\u00fdkaj\u00edc\u00ed se ochrany \u00fadaj\u016f:<\/span><\/p>\n<ul>\n<li><strong><span>Kdo m\u00e1 k t\u011bmto \u00fadaj\u016fm p\u0159\u00edstup?<\/span><\/strong><\/li>\n<li><strong><span>Jak jste v bezpe\u010d\u00ed p\u0159ed hackery a \u00faniky dat?<\/span><\/strong><\/li>\n<li><strong><span>Mohly by b\u00fdt v budoucnu propojeny s jin\u00fdmi sledovac\u00edmi syst\u00e9my?<\/span><\/strong><\/li>\n<\/ul>\n<p><span>S postupuj\u00edc\u00ed digitalizac\u00ed vznikaj\u00ed nov\u00e1 rizika: jednou ulo\u017een\u00e1 biometrick\u00e1 data nelze zru\u0161it a nelze vylou\u010dit jejich zneu\u017eit\u00ed st\u00e1tn\u00edmi \u010di soukrom\u00fdmi subjekty.<\/span><\/p>\n<h3 class=\"wp-block-heading\"><strong><span>Del\u0161\u00ed \u010dekac\u00ed doby m\u00edsto hladk\u00e9ho cestov\u00e1n\u00ed<\/span><\/strong><\/h3>\n<p><span>Krom\u011b v\u00e1\u017en\u00fdch obav o ochranu dat hroz\u00ed, \u017ee se syst\u00e9m stane\u00a0<\/span><strong><span>organiza\u010dn\u00ed no\u010dn\u00ed m\u016frou<\/span><\/strong><span>\u00a0. Lond\u00fdnsk\u00fd starosta Sadiq Khan ji\u017e varoval p\u0159ed \u201echaosem\u201c na\u00a0<\/span><strong><span>stanici St. Pancras Eurostar Channel<\/span><\/strong><span>\u00a0, kde by skenov\u00e1n\u00ed biometrick\u00fdch dat mohlo v\u00e9st k masivn\u00edm zpo\u017ed\u011bn\u00edm.<\/span><\/p>\n<p><span>Leti\u0161t\u011b, vlakov\u00e1 n\u00e1dra\u017e\u00ed a trajekty budou muset brzy p\u0159ej\u00edt na vysoce komplexn\u00ed syst\u00e9m bez z\u00e1ruky hladk\u00e9 implementace. Ji\u017e nyn\u00ed existuj\u00ed obavy, \u017ee cestuj\u00edc\u00ed\u00a0budou muset p\u0159ijmout\u00a0<\/span><strong><span>dodate\u010dn\u00e9 \u010dekac\u00ed doby a technick\u00e9 z\u00e1vady .<\/span><\/strong><\/p>\n<h3 class=\"wp-block-heading\"><strong><span>Diskriminace cestuj\u00edc\u00edch ze t\u0159et\u00edch zem\u00ed a nov\u00e1 byrokracie<\/span><\/strong><\/h3>\n<p><span>Zvl\u00e1\u0161t\u011b tvrd\u011b jsou zasa\u017eeni cestuj\u00edc\u00ed ze zem\u00ed mimo EU. Zat\u00edmco ob\u010dan\u00e9 EU mohou i nad\u00e1le relativn\u011b snadno cestovat, st\u00e1tn\u00ed p\u0159\u00edslu\u0161n\u00edci t\u0159et\u00edch zem\u00ed se budou muset v budoucnu p\u0159ipravit na rozs\u00e1hl\u00e9 kontroly.<\/span><\/p>\n<p><span>Spojen\u00e9 kr\u00e1lovstv\u00ed, kter\u00e9 po Brexitu ji\u017e nen\u00ed sou\u010d\u00e1st\u00ed EU, zavedlo vlastn\u00ed digit\u00e1ln\u00ed cestovn\u00ed autoriza\u010dn\u00ed syst\u00e9m, kter\u00fd bude od dubna povinn\u00fd pro evropsk\u00e9 n\u00e1v\u0161t\u011bvn\u00edky. V d\u016fsledku toho je bezplatn\u00e9 cestov\u00e1n\u00ed v r\u00e1mci Evropy st\u00e1le v\u00edce nahrazov\u00e1no digit\u00e1ln\u00ed byrokraci\u00ed, kter\u00e1 by se v budoucnu mohla je\u0161t\u011b zp\u0159\u00edsnit.<\/span><\/p>\n<h3 class=\"wp-block-heading\"><strong><span>Svoboda nebo kontrola?<\/span><\/strong><\/h3>\n<p><span>EU prod\u00e1v\u00e1 syst\u00e9m vstupu\/v\u00fdstupu jako pokrok, ale ve skute\u010dnosti jde o masivn\u00ed\u00a0<\/span><strong><span>z\u00e1sah do osobn\u00ed svobody a soukrom\u00ed<\/span><\/strong><span>\u00a0.<\/span><\/p>\n<p><span>Shroma\u017e\u010fov\u00e1n\u00edm biometrick\u00fdch \u00fadaj\u016f od milion\u016f lid\u00ed vytv\u00e1\u0159\u00ed EU n\u00e1stroj, kter\u00fd\u00a0by mohl b\u00fdt v budoucnu pou\u017eit pro rozs\u00e1hlej\u0161\u00ed\u00a0<\/span><strong><span>opat\u0159en\u00ed v oblasti dohledu<\/span><\/strong><span>\u00a0. Kdo zaru\u010d\u00ed, \u017ee tato data nebudou jednoho dne propojena se zdravotn\u00edmi z\u00e1znamy, platbami kreditn\u00edmi kartami nebo jin\u00fdmi datab\u00e1zemi?<\/span><\/p>\n<p><span>Jakmile je syst\u00e9m zaveden, z\u0159\u00eddka z\u016fstane omezen na sv\u016fj p\u016fvodn\u00ed \u00fa\u010del. Historie ukazuje, \u017ee jakmile maj\u00ed vl\u00e1dy p\u0159\u00edstup ke komplexn\u00edm soubor\u016fm dat, \u010dasto najdou zp\u016fsoby, jak je roz\u0161\u00ed\u0159it a pou\u017e\u00edt pro jin\u00e9 \u00fa\u010dely.<\/span><\/p>\n<h3 class=\"wp-block-heading\"><strong><span>Z\u00e1v\u011br: Pl\u00ed\u017eiv\u00e1 eroze svobody<\/span><\/strong><\/h3>\n<p><span>Zaveden\u00ed syst\u00e9mu EES nen\u00ed pouhou technologickou modernizac\u00ed hrani\u010dn\u00edch kontrol. Jde o dal\u0161\u00ed krok k\u00a0<\/span><strong><span>tot\u00e1ln\u00edmu digit\u00e1ln\u00edmu dohledu<\/span><\/strong><span>\u00a0, p\u0159i kter\u00e9m st\u00e1tn\u00ed instituce st\u00e1le v\u00edce z\u00edsk\u00e1vaj\u00ed p\u0159\u00edstup k citliv\u00fdm dat\u016fm.<\/span><\/p>\n<p><span>Nam\u00edsto zlep\u0161en\u00ed bezpe\u010dnosti by tento syst\u00e9m mohl\u00a0<\/span><strong><span>zpomalit cestov\u00e1n\u00ed, p\u0159edstavovat rizika pro soukrom\u00ed a omezovat svobodu jednotlivce<\/span><\/strong><span>\u00a0. Kdo zaru\u010d\u00ed, \u017ee biometrick\u00e9 \u00fadaje nebudou v budoucnu vyu\u017e\u00edv\u00e1ny pro komplexn\u011bj\u0161\u00ed opat\u0159en\u00ed dozoru?<\/span><\/p>\n<p><span>To, co za\u010d\u00edn\u00e1 jako kontroln\u00ed syst\u00e9m pro cestuj\u00edc\u00ed ze t\u0159et\u00edch zem\u00ed, by se mohlo rychle st\u00e1t normou pro ka\u017ed\u00e9ho. Zb\u00fdv\u00e1 doufat, \u017ee odpor k tomuto komplexn\u00edmu sb\u011bru dat vznikne d\u0159\u00edve, ne\u017e bude p\u0159\u00edli\u0161 pozd\u011b.<\/span><\/p>\n<\/div>\n<\/div>\n<div class=\"elementor-element elementor-element-8c57238 quelle dc-has-condition dc-condition-empty elementor-widget elementor-widget-heading\" data-id=\"8c57238\" data-element_type=\"widget\" data-widget_type=\"heading.default\">\n<div class=\"elementor-widget-container\">\n<h3 class=\"elementor-heading-title elementor-size-default\"><span style=\"font-size: 10pt;\"><a href=\"https:\/\/insiderpaper.com\/eu-states-agree-to-roll-out-automated-border-system\/\" target=\"_blank\" rel=\"nofollow noopener\">Zdroj<\/a><\/span><\/h3>\n<p>&nbsp;<\/p>\n<\/div>\n<\/div>\n","protected":false},"excerpt":{"rendered":"<p>\u010clensk\u00e9 st\u00e1ty EU\u00a0se ve st\u0159edu dohodly\u00a0na postupn\u00e9m zaveden\u00ed nov\u00e9ho syst\u00e9mu hrani\u010dn\u00edch kontrol pro ob\u010dany mimo&#8230;<\/p>\n","protected":false},"author":2,"featured_media":73892,"comment_status":"closed","ping_status":"closed","sticky":false,"template":"","format":"standard","meta":[],"categories":[7],"tags":[41,804,2320,117],"_links":{"self":[{"href":"https:\/\/www.infokuryr.cz\/n\/wp-json\/wp\/v2\/posts\/73891"}],"collection":[{"href":"https:\/\/www.infokuryr.cz\/n\/wp-json\/wp\/v2\/posts"}],"about":[{"href":"https:\/\/www.infokuryr.cz\/n\/wp-json\/wp\/v2\/types\/post"}],"author":[{"embeddable":true,"href":"https:\/\/www.infokuryr.cz\/n\/wp-json\/wp\/v2\/users\/2"}],"replies":[{"embeddable":true,"href":"https:\/\/www.infokuryr.cz\/n\/wp-json\/wp\/v2\/comments?post=73891"}],"version-history":[{"count":1,"href":"https:\/\/www.infokuryr.cz\/n\/wp-json\/wp\/v2\/posts\/73891\/revisions"}],"predecessor-version":[{"id":73893,"href":"https:\/\/www.infokuryr.cz\/n\/wp-json\/wp\/v2\/posts\/73891\/revisions\/73893"}],"wp:featuredmedia":[{"embeddable":true,"href":"https:\/\/www.infokuryr.cz\/n\/wp-json\/wp\/v2\/media\/73892"}],"wp:attachment":[{"href":"https:\/\/www.infokuryr.cz\/n\/wp-json\/wp\/v2\/media?parent=73891"}],"wp:term":[{"taxonomy":"category","embeddable":true,"href":"https:\/\/www.infokuryr.cz\/n\/wp-json\/wp\/v2\/categories?post=73891"},{"taxonomy":"post_tag","embeddable":true,"href":"https:\/\/www.infokuryr.cz\/n\/wp-json\/wp\/v2\/tags?post=73891"}],"curies":[{"name":"wp","href":"https:\/\/api.w.org\/{rel}","templated":true}]}}