{"id":73880,"date":"2025-03-08T08:05:45","date_gmt":"2025-03-08T07:05:45","guid":{"rendered":"https:\/\/www.infokuryr.cz\/n\/?p=73880"},"modified":"2025-03-08T19:22:39","modified_gmt":"2025-03-08T18:22:39","slug":"prejeme-vsem-nasim-ctenarkam-mnoho-zivotnich-uspechu-k-dnesnimu-mdz","status":"publish","type":"post","link":"https:\/\/www.infokuryr.cz\/n\/2025\/03\/08\/prejeme-vsem-nasim-ctenarkam-mnoho-zivotnich-uspechu-k-dnesnimu-mdz\/","title":{"rendered":"P\u0159ejeme v\u0161em na\u0161im \u010dten\u00e1\u0159k\u00e1m mnoho \u017eivotn\u00edch \u00fasp\u011bch\u016f k dne\u0161n\u00edmu MD\u017d"},"content":{"rendered":"<div id=\"fb-root\"><\/div>\n<h3>Dne\u0161n\u00ed den cel\u00fd sv\u011bt slav\u00ed <strong>Mezin\u00e1rodn\u00ed den \u017een<\/strong> a i na\u0161e redakce se p\u0159ipojuje k tomuto sv\u00e1tku a p\u0159ejeme na\u0161im \u010dten\u00e1\u0159k\u00e1m hodn\u011b \u017eivotn\u00edch \u00fasp\u011bch\u016f, pohodu, zdrav\u00ed, spokojenost\u00a0 a \u0161t\u011bst\u00ed v \u017eivot\u011b.<\/h3>\n<p>_______________<\/p>\n<p><b>Mezin\u00e1rodn\u00ed den \u017een<\/b>\u00a0(ve zkratce\u00a0<b>MD\u017d<\/b>), p\u0159ipadaj\u00edc\u00ed ka\u017edoro\u010dn\u011b na\u00a0<b>8. b\u0159ezna<\/b>, je mezin\u00e1rodn\u00ed sv\u00e1tek, v roce 1975 uznan\u00fd\u00a0<a title=\"Organizace spojen\u00fdch n\u00e1rod\u016f\" href=\"https:\/\/cs.wikipedia.org\/wiki\/Organizace_spojen%C3%BDch_n%C3%A1rod%C5%AF\">Organizac\u00ed spojen\u00fdch n\u00e1rod\u016f<\/a>. V \u010cesk\u00e9 republice je sv\u00e1tek od roku 2004\u00a0<a class=\"mw-redirect\" title=\"V\u00fdznamn\u00fd den\" href=\"https:\/\/cs.wikipedia.org\/wiki\/V%C3%BDznamn%C3%BD_den\">v\u00fdznamn\u00fdm dnem<\/a>. Vznikl jako n\u00e1stroj hnut\u00ed za pr\u00e1va \u017een s c\u00edlem obr\u00e1tit pozornost na ot\u00e1zky rovnopr\u00e1vnosti, pr\u00e1v na reprodukci, proti n\u00e1sil\u00ed a bezpr\u00e1v\u00ed p\u00e1chan\u00e9mu na \u017een\u00e1ch. S podporou\u00a0<a title=\"Sufra\u017eetka\" href=\"https:\/\/cs.wikipedia.org\/wiki\/Sufra%C5%BEetka\">hnut\u00ed za volebn\u00ed pr\u00e1vo \u017een<\/a>\u00a0se sv\u00e1tek zrodil v americk\u00e9m a evropsk\u00e9m odborov\u00e9m hnut\u00ed na po\u010d\u00e1tku 20. stolet\u00ed.<\/p>\n<p>\u00dadajn\u011b prvn\u00ed oslavu\u00a0<i>Dne \u017een<\/i>\u00a0uspo\u0159\u00e1dala Americk\u00e1 socialistick\u00e1 strana 28. \u00fanora 1909 v New Yorku na n\u00e1vrh aktivistky\u00a0<a class=\"new\" title=\"Theresa Malkiel (str\u00e1nka neexistuje)\" href=\"https:\/\/cs.wikipedia.org\/w\/index.php?title=Theresa_Malkiel&amp;action=edit&amp;redlink=1\">Theresy Malkielov\u00e9<\/a>. Oslava inspirovala n\u011bmeck\u00e9 deleg\u00e1tky (<a title=\"Kl\u00e1ra Zetkinov\u00e1\" href=\"https:\/\/cs.wikipedia.org\/wiki\/Kl%C3%A1ra_Zetkinov%C3%A1\">Kl\u00e1ra Zetkinov\u00e1<\/a><sup id=\"cite_ref-3\" class=\"reference\"><a href=\"https:\/\/cs.wikipedia.org\/wiki\/Mezin%C3%A1rodn%C3%AD_den_%C5%BEen#cite_note-3\"><span class=\"cite-bracket\">[<\/span>3<span class=\"cite-bracket\">]<\/span><\/a><\/sup>,\u00a0<a class=\"new\" title=\"K\u00e4te Duncker (str\u00e1nka neexistuje)\" href=\"https:\/\/cs.wikipedia.org\/w\/index.php?title=K%C3%A4te_Duncker&amp;action=edit&amp;redlink=1\">K\u00e4te Dunckerov\u00e1<\/a>,\u00a0<a class=\"new\" title=\"Paula Thieden (str\u00e1nka neexistuje)\" href=\"https:\/\/cs.wikipedia.org\/w\/index.php?title=Paula_Thieden&amp;action=edit&amp;redlink=1\">Paula Thiedenov\u00e1<\/a>\u00a0a dal\u0161\u00ed) na prvn\u00ed mezin\u00e1rodn\u00ed \u017eensk\u00e9 konferenci, p\u0159edch\u00e1zej\u00edc\u00ed plen\u00e1rn\u00edmu zased\u00e1n\u00ed\u00a0<a title=\"Druh\u00e1 internacion\u00e1la\" href=\"https:\/\/cs.wikipedia.org\/wiki\/Druh%C3%A1_internacion%C3%A1la\">Druh\u00e9 internacion\u00e1ly<\/a>\u00a0v Kodani v srpnu 1910, aby navrhly po\u0159\u00e1d\u00e1n\u00ed mezin\u00e1rodn\u00edho sv\u00e1tku, tehdy je\u0161t\u011b bez ur\u010den\u00ed pevn\u00e9ho data. V\u0161ech 100 deleg\u00e1tek, zastupuj\u00edc\u00edch 17 zem\u00ed, my\u0161lenku p\u0159ijalo jako strategii boje za rovnopr\u00e1vnost v\u010detn\u011b\u00a0<a title=\"Volebn\u00ed pr\u00e1vo \u017een\" href=\"https:\/\/cs.wikipedia.org\/wiki\/Volebn%C3%AD_pr%C3%A1vo_%C5%BEen\">volebn\u00edho pr\u00e1va \u017een.<\/a>\u00a0Od roku 1911, kdy byl MD\u017d poprv\u00e9 slaven v\u00a0<a title=\"N\u011bmecko\" href=\"https:\/\/cs.wikipedia.org\/wiki\/N%C4%9Bmecko\">N\u011bmecku<\/a>,\u00a0<a title=\"Rakousko-Uhersko\" href=\"https:\/\/cs.wikipedia.org\/wiki\/Rakousko-Uhersko\">Rakousko-Uhersku<\/a>,\u00a0<a title=\"\u0160v\u00fdcarsko\" href=\"https:\/\/cs.wikipedia.org\/wiki\/%C5%A0v%C3%BDcarsko\">\u0160v\u00fdcarsku<\/a>,\u00a0<a title=\"D\u00e1nsko\" href=\"https:\/\/cs.wikipedia.org\/wiki\/D%C3%A1nsko\">D\u00e1nsku<\/a>\u00a0a USA,<sup id=\"cite_ref-4\" class=\"reference\"><a href=\"https:\/\/cs.wikipedia.org\/wiki\/Mezin%C3%A1rodn%C3%AD_den_%C5%BEen#cite_note-4\"><span class=\"cite-bracket\">[<\/span>4<span class=\"cite-bracket\">]<\/span><\/a><\/sup>\u00a0pat\u0159ilo volebn\u00ed pr\u00e1vo \u017een do jeho programu. Pevn\u00e9 datum nebylo stanoveno, b\u00fdvalo v \u00fanoru a b\u0159eznu.<\/p>\n<p>Historick\u00fdm mezn\u00edkem v n\u00e1sledn\u00fdch oslav\u00e1ch MD\u017d se v\u0161ak podle\u00a0<a title=\"Mezin\u00e1rodn\u00ed organizace pr\u00e1ce\" href=\"https:\/\/cs.wikipedia.org\/wiki\/Mezin%C3%A1rodn%C3%AD_organizace_pr%C3%A1ce\">MOP<\/a>\u00a0stal po\u017e\u00e1r v newyorsk\u00e9 konfek\u010dn\u00ed tov\u00e1rn\u011b Triangle Shirtwaist 25. b\u0159ezna 1911, p\u0159i n\u011bm\u017e zahynulo 146 mlad\u00fdch d\u011blnic, p\u0159ev\u00e1\u017en\u011b imigrantek.<\/p>\n<p>Podle n\u011bkter\u00fdch tvrzen\u00ed datum p\u0159ipom\u00edn\u00e1 protest konfek\u010dn\u00edch d\u011blnic v New Yorku 8. b\u0159ezna 1857, v\u00fdzkum v\u0161ak ukazuje, \u017ee jde o smy\u0161lenku, vedenou snahou odd\u011blit MD\u017d od jeho socialistick\u00fdch ko\u0159en\u016f. Datum 8. b\u0159ezna se ust\u00e1lilo a\u017e po\u00a0<a title=\"Prvn\u00ed sv\u011btov\u00e1 v\u00e1lka\" href=\"https:\/\/cs.wikipedia.org\/wiki\/Prvn%C3%AD_sv%C4%9Btov%C3%A1_v%C3%A1lka\">prvn\u00ed sv\u011btov\u00e9 v\u00e1lce<\/a>, kdy\u017e roku 1917 na po\u010d\u00e1tku\u00a0<a title=\"\u00danorov\u00e1 revoluce\" href=\"https:\/\/cs.wikipedia.org\/wiki\/%C3%9Anorov%C3%A1_revoluce\">\u00fanorov\u00e9 revoluce<\/a><sup id=\"cite_ref-:0_1-1\" class=\"reference\"><a href=\"https:\/\/cs.wikipedia.org\/wiki\/Mezin%C3%A1rodn%C3%AD_den_%C5%BEen#cite_note-:0-1\"><span class=\"cite-bracket\">[<\/span>1<span class=\"cite-bracket\">]<\/span><\/a><\/sup>\u00a0demonstrovaly \u017eeny v Petrohrad\u011b pod heslem\u00a0<i>Chl\u00e9b a m\u00edr<\/i>\u00a0(posledn\u00ed ned\u011bli v \u00fanoru dle\u00a0<a title=\"Juli\u00e1nsk\u00fd kalend\u00e1\u0159\" href=\"https:\/\/cs.wikipedia.org\/wiki\/Juli%C3%A1nsk%C3%BD_kalend%C3%A1%C5%99\">juli\u00e1nsk\u00e9ho kalend\u00e1\u0159e<\/a>, co\u017e odpov\u00edd\u00e1 8. b\u0159eznu\u00a0<a title=\"Gregori\u00e1nsk\u00fd kalend\u00e1\u0159\" href=\"https:\/\/cs.wikipedia.org\/wiki\/Gregori%C3%A1nsk%C3%BD_kalend%C3%A1%C5%99\">kalend\u00e1\u0159e gregori\u00e1nsk\u00e9ho<\/a>).<sup id=\"cite_ref-5\" class=\"reference\"><a href=\"https:\/\/cs.wikipedia.org\/wiki\/Mezin%C3%A1rodn%C3%AD_den_%C5%BEen#cite_note-5\"><span class=\"cite-bracket\">[<\/span>5<span class=\"cite-bracket\">]<\/span><\/a><\/sup>\u00a0Prozat\u00edmn\u00ed vl\u00e1da pot\u00e9 p\u0159iznala \u017een\u00e1m volebn\u00ed pr\u00e1vo a sv\u00e1tek k tomuto datu zavedli po tzv. \u0159\u00edjnov\u00e9 revoluci ofici\u00e1ln\u011b\u00a0<a title=\"Vladimir Ilji\u010d Lenin\" href=\"https:\/\/cs.wikipedia.org\/wiki\/Vladimir_Ilji%C4%8D_Lenin\">V. I. Lenin<\/a>\u00a0a\u00a0<a title=\"Alexandra Kollontajov\u00e1\" href=\"https:\/\/cs.wikipedia.org\/wiki\/Alexandra_Kollontajov%C3%A1\">Alexandra Kollontajov\u00e1<\/a>. Sv\u00e1tek se rychle roz\u0161\u00ed\u0159il, jeho obsah kol\u00edsal od politick\u00e9ho a\u00a0<a title=\"Feminismus\" href=\"https:\/\/cs.wikipedia.org\/wiki\/Feminismus\">feministick\u00e9ho<\/a>\u00a0protestu po apolitickou obdobu\u00a0<a title=\"Den matek\" href=\"https:\/\/cs.wikipedia.org\/wiki\/Den_matek\">Dne matek<\/a>.<\/p>\n<p>Od roku 1975 je sv\u00e1tek uzn\u00e1n Organizac\u00ed spojen\u00fdch n\u00e1rod\u016f<sup id=\"cite_ref-6\" class=\"reference\"><a href=\"https:\/\/cs.wikipedia.org\/wiki\/Mezin%C3%A1rodn%C3%AD_den_%C5%BEen#cite_note-6\"><span class=\"cite-bracket\">[<\/span>6<span class=\"cite-bracket\">]<\/span><\/a><\/sup>\u00a0a p\u0159ipom\u00edn\u00e1n jako den mezin\u00e1rodn\u00ed solidarity \u017een za rovnopr\u00e1vnost, spravedlnost, m\u00edr a rozvoj.<\/p>\n<p><span class=\"plainlinks\"><i>V tomto \u010dl\u00e1nku byl pou\u017eit\u00a0<a title=\"Wikipedie:WikiProjekt P\u0159eklad\/Rady\" href=\"https:\/\/cs.wikipedia.org\/wiki\/Wikipedie:WikiProjekt_P%C5%99eklad\/Rady\">p\u0159eklad<\/a>\u00a0textu z \u010dl\u00e1nku\u00a0<a class=\"external text\" href=\"https:\/\/en.wikipedia.org\/wiki\/International_Women%C2%B4s_Day?oldid=1143675180\"><span class=\"cizojazycne\" lang=\"en\" title=\"angli\u010dtina\">International Women\u00b4s Day<\/span><\/a>\u00a0na anglick\u00e9 Wikipedii.<\/i><\/span><\/p>\n<div class=\"mw-references-wrap\">\n<ol class=\"references\">\n<li id=\"cite_note-:0-1\"><span class=\"mw-cite-backlink\">\u2191\u00a0<a href=\"https:\/\/cs.wikipedia.org\/wiki\/Mezin%C3%A1rodn%C3%AD_den_%C5%BEen#cite_ref-:0_1-0\"><span class=\"cite-accessibility-label\">Sko\u010dit nahoru k:<\/span><sup>a<\/sup><\/a>\u00a0<a href=\"https:\/\/cs.wikipedia.org\/wiki\/Mezin%C3%A1rodn%C3%AD_den_%C5%BEen#cite_ref-:0_1-1\"><sup>b<\/sup><\/a><\/span>\u00a0<span class=\"reference-text\"><cite class=\"book\"><i>International Women&#8217;s Day 8 March<\/i>\u00a0[online]. www.un.org [cit. 2016-03-07].\u00a0<a class=\"external text\" href=\"http:\/\/www.un.org\/en\/events\/womensday\/history.shtml\" rel=\"nofollow\">Dostupn\u00e9 online<\/a>. (EN)<\/cite><\/span><\/li>\n<li id=\"cite_note-2\"><span class=\"mw-cite-backlink\"><a title=\"Sko\u010dit nahoru\" href=\"https:\/\/cs.wikipedia.org\/wiki\/Mezin%C3%A1rodn%C3%AD_den_%C5%BEen#cite_ref-2\" aria-label=\"Sko\u010dit nahoru\">\u2191<\/a><\/span>\u00a0<span class=\"reference-text\"><cite>Mezin\u00e1rodn\u00ed Den \u017een se slav\u00ed ji\u017e 100 let.\u00a0<i><a title=\"Novinky.cz\" href=\"https:\/\/cs.wikipedia.org\/wiki\/Novinky.cz\">Novinky.cz<\/a><\/i>\u00a0[online]. Borgis, 2010-03-08 [cit. 2018-03-10].\u00a0<a class=\"external text\" href=\"https:\/\/www.novinky.cz\/zena\/styl\/194061-mezinarodni-den-zen-se-slavi-jiz-100-let.html\" rel=\"nofollow\">Dostupn\u00e9 online<\/a>.<\/cite><\/span><\/li>\n<li id=\"cite_note-3\"><span class=\"mw-cite-backlink\"><a title=\"Sko\u010dit nahoru\" href=\"https:\/\/cs.wikipedia.org\/wiki\/Mezin%C3%A1rodn%C3%AD_den_%C5%BEen#cite_ref-3\" aria-label=\"Sko\u010dit nahoru\">\u2191<\/a><\/span>\u00a0<span class=\"reference-text\"><cite class=\"book\"><i>\u017dENSK\u00dd PROTESTSONG<\/i>\u00a0[online]. www.feminismus.cz [cit. 2016-03-07].\u00a0<a class=\"external text\" href=\"http:\/\/www.feminismus.cz\/cz\/clanky\/zensky-protestsong\" rel=\"nofollow\">Dostupn\u00e9 online<\/a>.<\/cite><\/span><\/li>\n<li id=\"cite_note-4\"><span class=\"mw-cite-backlink\"><a title=\"Sko\u010dit nahoru\" href=\"https:\/\/cs.wikipedia.org\/wiki\/Mezin%C3%A1rodn%C3%AD_den_%C5%BEen#cite_ref-4\" aria-label=\"Sko\u010dit nahoru\">\u2191<\/a><\/span>\u00a0<span class=\"reference-text\"><cite>Stolet\u00fd MD\u017d sou\u010d\u00e1st\u00ed kampan\u011b OSN proti n\u00e1sil\u00ed na \u017een\u00e1ch.\u00a0<i>Ceskatelevize.cz<\/i>\u00a0[online].\u00a0<a title=\"\u010cesk\u00e1 televize\" href=\"https:\/\/cs.wikipedia.org\/wiki\/%C4%8Cesk%C3%A1_televize\">\u010cesk\u00e1 televize<\/a>, 2011-03-08 [cit. 2018-03-10].\u00a0<a class=\"external text\" href=\"http:\/\/www.ceskatelevize.cz\/ct24\/domaci\/1280459-stolety-mdz-soucasti-kampane-osn-proti-nasili-na-zenach\" rel=\"nofollow\">Dostupn\u00e9 online<\/a>.<\/cite><\/span><\/li>\n<li id=\"cite_note-5\"><span class=\"mw-cite-backlink\"><a title=\"Sko\u010dit nahoru\" href=\"https:\/\/cs.wikipedia.org\/wiki\/Mezin%C3%A1rodn%C3%AD_den_%C5%BEen#cite_ref-5\" aria-label=\"Sko\u010dit nahoru\">\u2191<\/a><\/span>\u00a0<span class=\"reference-text\"><cite class=\"book\">BEEVOR, Antony.\u00a0<i>Russia: Revolution and Civil War 1917-1921<\/i>. 1. vyd. London: Weidenfeld &amp; Nicholson, 2022. 576\u00a0s.\u00a0<a title=\"International Standard Book Number\" href=\"https:\/\/cs.wikipedia.org\/wiki\/International_Standard_Book_Number\">ISBN<\/a>\u00a0<a title=\"Speci\u00e1ln\u00ed:Zdroje knih\/978-1-4746-1014-8\" href=\"https:\/\/cs.wikipedia.org\/wiki\/Speci%C3%A1ln%C3%AD:Zdroje_knih\/978-1-4746-1014-8\"><span class=\"ISBN\">978-1-4746-1014-8<\/span><\/a>. S.\u00a036\u201337.<\/cite><\/span><\/li>\n<li id=\"cite_note-6\"><span class=\"mw-cite-backlink\"><a title=\"Sko\u010dit nahoru\" href=\"https:\/\/cs.wikipedia.org\/wiki\/Mezin%C3%A1rodn%C3%AD_den_%C5%BEen#cite_ref-6\" aria-label=\"Sko\u010dit nahoru\">\u2191<\/a><\/span>\u00a0<span class=\"reference-text\"><cite>KU\u0160OV\u00c1, Tereza. P\u0159ed sto lety byly \u017eeny poprv\u00e9 oslavov\u00e1ny.\u00a0<i><a title=\"Novinky.cz\" href=\"https:\/\/cs.wikipedia.org\/wiki\/Novinky.cz\">Novinky.cz<\/a><\/i>\u00a0[online]. Borgis, 2011-03-08 [cit. 2018-03-10].\u00a0<a class=\"external text\" href=\"https:\/\/www.novinky.cz\/veda-skoly\/historie\/226804-pred-sto-lety-byly-zeny-poprve-oslavovany.html\" rel=\"nofollow\">Dostupn\u00e9 online<\/a>.<\/cite><\/span><\/li>\n<\/ol>\n<p><span style=\"font-size: 10pt;\"><a href=\"https:\/\/cs.wikipedia.org\/wiki\/Mezin%C3%A1rodn%C3%AD_den_%C5%BEen\">ZDROJ<\/a><\/span><\/p>\n<p>&nbsp;<\/p>\n<\/div>\n","protected":false},"excerpt":{"rendered":"<p>Dne\u0161n\u00ed den cel\u00fd sv\u011bt slav\u00ed Mezin\u00e1rodn\u00ed den \u017een a i na\u0161e redakce se p\u0159ipojuje k&#8230;<\/p>\n","protected":false},"author":2,"featured_media":73881,"comment_status":"closed","ping_status":"closed","sticky":false,"template":"","format":"standard","meta":[],"categories":[6],"tags":[665,4546,830,742],"_links":{"self":[{"href":"https:\/\/www.infokuryr.cz\/n\/wp-json\/wp\/v2\/posts\/73880"}],"collection":[{"href":"https:\/\/www.infokuryr.cz\/n\/wp-json\/wp\/v2\/posts"}],"about":[{"href":"https:\/\/www.infokuryr.cz\/n\/wp-json\/wp\/v2\/types\/post"}],"author":[{"embeddable":true,"href":"https:\/\/www.infokuryr.cz\/n\/wp-json\/wp\/v2\/users\/2"}],"replies":[{"embeddable":true,"href":"https:\/\/www.infokuryr.cz\/n\/wp-json\/wp\/v2\/comments?post=73880"}],"version-history":[{"count":0,"href":"https:\/\/www.infokuryr.cz\/n\/wp-json\/wp\/v2\/posts\/73880\/revisions"}],"wp:featuredmedia":[{"embeddable":true,"href":"https:\/\/www.infokuryr.cz\/n\/wp-json\/wp\/v2\/media\/73881"}],"wp:attachment":[{"href":"https:\/\/www.infokuryr.cz\/n\/wp-json\/wp\/v2\/media?parent=73880"}],"wp:term":[{"taxonomy":"category","embeddable":true,"href":"https:\/\/www.infokuryr.cz\/n\/wp-json\/wp\/v2\/categories?post=73880"},{"taxonomy":"post_tag","embeddable":true,"href":"https:\/\/www.infokuryr.cz\/n\/wp-json\/wp\/v2\/tags?post=73880"}],"curies":[{"name":"wp","href":"https:\/\/api.w.org\/{rel}","templated":true}]}}