{"id":73864,"date":"2025-03-08T07:18:50","date_gmt":"2025-03-08T06:18:50","guid":{"rendered":"https:\/\/www.infokuryr.cz\/n\/?p=73864"},"modified":"2025-03-08T07:18:50","modified_gmt":"2025-03-08T06:18:50","slug":"trump-zvazuje-stazeni-americkych-vojaku-z-nemecka","status":"publish","type":"post","link":"https:\/\/www.infokuryr.cz\/n\/2025\/03\/08\/trump-zvazuje-stazeni-americkych-vojaku-z-nemecka\/","title":{"rendered":"Trump zva\u017euje sta\u017een\u00ed americk\u00fdch voj\u00e1k\u016f z N\u011bmecka"},"content":{"rendered":"<div id=\"fb-root\"><\/div>\n<h3>Prezident je pr\u00fd pobou\u0159en postojem EU ke konfliktu na Ukrajin\u011b<\/h3>\n<p data-pm-slice=\"1 1 []\"><span>Americk\u00fd prezident Donald Trump zva\u017euje sta\u017een\u00ed americk\u00fdch voj\u00e1k\u016f z N\u011bmecka a jejich p\u0159em\u00edst\u011bn\u00ed do Ma\u010farska, uvedl v p\u00e1tek The Telegraph s odvol\u00e1n\u00edm na osobu bl\u00edzkou B\u00edl\u00e9mu domu.<\/span><\/p>\n<p><span>USA maj\u00ed v\u00edce ne\u017e 35 000 pracovn\u00edk\u016f um\u00edst\u011bn\u00fdch na des\u00edtk\u00e1ch z\u00e1kladen v N\u011bmecku. \u010clen NATO tak\u00e9 host\u00ed americk\u00e9 jadern\u00e9 zbran\u011b.\u00a0<\/span><\/p>\n<p><span>Trump by \u00fadajn\u011b mohl voj\u00e1ky odstranit nebo je p\u0159esunout jinam, proto\u017ee jeho administrativa se rozd\u011blila s mnoha sv\u00fdmi spojenci v Evrop\u011b kv\u016fli tomu, jak jednat s Ruskem a vy\u0159e\u0161it ukrajinsk\u00fd konflikt. Zat\u00edmco americk\u00fd prezident zd\u016fraznil pot\u0159ebu co nejd\u0159\u00edve dos\u00e1hnout p\u0159\u00edm\u011b\u0159\u00ed a obvinil z nep\u0159\u00e1telstv\u00ed ukrajinsk\u00e9ho v\u016fdce Vladimira Zelensk\u00e9ho, Spojen\u00e9 kr\u00e1lovstv\u00ed a mnoho \u010dlen\u016f EU znovu potvrdilo sv\u016fj z\u00e1vazek podpo\u0159it Kyjev.\u00a0<\/span><\/p>\n<p><em><span>\u201eTrump je na\u0161tvan\u00fd, \u017ee [Evropa] podle v\u0161eho tla\u010d\u00ed na v\u00e1lku,\u201c<\/span><\/em><span>\u00a0\u0159ekl zdroj listu The Telegraph.\u00a0<\/span><\/p>\n<p><span>Mluv\u010d\u00ed americk\u00e9 n\u00e1rodn\u00ed bezpe\u010dnosti Brian Hughes den\u00edku \u0159ekl, \u017ee\u00a0<\/span><em><span>\u201ea\u010dkoli \u017e\u00e1dn\u00e9 konkr\u00e9tn\u00ed ozn\u00e1men\u00ed nehroz\u00ed, americk\u00e1 arm\u00e1da v\u017edy zva\u017euje p\u0159esun jednotek po cel\u00e9m sv\u011bt\u011b, aby co nejl\u00e9pe \u010delila sou\u010dasn\u00fdm hrozb\u00e1m pro na\u0161e z\u00e1jmy\u201c.<\/span><\/em><\/p>\n<p><span>Trump opakovan\u011b obvinil N\u011bmecko, \u017ee nevyd\u00e1v\u00e1 dostate\u010dn\u00e9 prost\u0159edky na vlastn\u00ed obranu, zat\u00edmco jeho poradce, technologick\u00fd miliard\u00e1\u0159 Elon Musk, v ned\u00e1vn\u00fdch parlamentn\u00edch volb\u00e1ch otev\u0159en\u011b podpo\u0159il opozi\u010dn\u00ed stranu Alternativa pro N\u011bmecko (AfD). Viceprezident JD Vance minul\u00fd m\u011bs\u00edc tak\u00e9 pocuchal pe\u0159\u00ed, kdy\u017e b\u011bhem vysoce sledovan\u00e9 konference v Mnichov\u011b kritizoval n\u011bmeck\u00e9 z\u00e1kony o svobod\u011b slova.<\/span><\/p>\n<p><span>Friedrich Merz, nominovan\u00fd n\u011bmeck\u00fd kancl\u00e9\u0159, tvrdil, \u017ee Trump sv\u00e9 sporn\u00e9 setk\u00e1n\u00ed se Zelensk\u00fdm v Ov\u00e1ln\u00e9 pracovn\u011b 28. \u00fanora z\u00e1m\u011brn\u011b eskaloval. Po v\u00edt\u011bzstv\u00ed ve volb\u00e1ch minul\u00fd m\u011bs\u00edc Merz prohl\u00e1sil, \u017ee N\u011bmecko se ji\u017e nem\u016f\u017ee p\u0159i sv\u00e9 obran\u011b spol\u00e9hat na USA.\u00a0<\/span><em><span>\u201eNyn\u00ed mus\u00edme uk\u00e1zat, \u017ee jsme schopni jednat v Evrop\u011b nez\u00e1visle,\u201c<\/span><\/em><span>\u00a0\u0159ekl.<\/span><\/p>\n<p><span>Za\u010d\u00e1tkem tohoto t\u00fddne Ma\u010farsko zablokovalo spole\u010dn\u00e9 prohl\u00e1\u0161en\u00ed EU slibuj\u00edc\u00ed dal\u0161\u00ed vojenskou pomoc Ukrajin\u011b. Ma\u010farsk\u00fd premi\u00e9r Viktor Orb\u00e1n se p\u0159i ve\u0159ejn\u00e9m sporu se Zelensk\u00fdm postavil na Trumpovu stranu.\u00a0<\/span><em><span>\u201ePrezident Donald Trump dnes state\u010dn\u011b st\u00e1l za m\u00edr. I kdy\u017e to bylo pro mnoh\u00e9 t\u011b\u017eko straviteln\u00e9,\u201c<\/span><\/em><span>\u00a0napsal na X.<\/span><\/p>\n<p><img decoding=\"async\" loading=\"lazy\" class=\"alignnone size-full wp-image-71983\" src=\"http:\/\/www.infokuryr.cz\/n\/wp-content\/uploads\/2025\/02\/aaa.jpg\" alt=\"\" width=\"89\" height=\"23\" \/><\/p>\n<p>&nbsp;<\/p>\n","protected":false},"excerpt":{"rendered":"<p>Prezident je pr\u00fd pobou\u0159en postojem EU ke konfliktu na Ukrajin\u011b Americk\u00fd prezident Donald Trump zva\u017euje&#8230;<\/p>\n","protected":false},"author":2,"featured_media":38912,"comment_status":"closed","ping_status":"closed","sticky":false,"template":"","format":"standard","meta":[],"categories":[7],"tags":[80,84,452],"_links":{"self":[{"href":"https:\/\/www.infokuryr.cz\/n\/wp-json\/wp\/v2\/posts\/73864"}],"collection":[{"href":"https:\/\/www.infokuryr.cz\/n\/wp-json\/wp\/v2\/posts"}],"about":[{"href":"https:\/\/www.infokuryr.cz\/n\/wp-json\/wp\/v2\/types\/post"}],"author":[{"embeddable":true,"href":"https:\/\/www.infokuryr.cz\/n\/wp-json\/wp\/v2\/users\/2"}],"replies":[{"embeddable":true,"href":"https:\/\/www.infokuryr.cz\/n\/wp-json\/wp\/v2\/comments?post=73864"}],"version-history":[{"count":0,"href":"https:\/\/www.infokuryr.cz\/n\/wp-json\/wp\/v2\/posts\/73864\/revisions"}],"wp:featuredmedia":[{"embeddable":true,"href":"https:\/\/www.infokuryr.cz\/n\/wp-json\/wp\/v2\/media\/38912"}],"wp:attachment":[{"href":"https:\/\/www.infokuryr.cz\/n\/wp-json\/wp\/v2\/media?parent=73864"}],"wp:term":[{"taxonomy":"category","embeddable":true,"href":"https:\/\/www.infokuryr.cz\/n\/wp-json\/wp\/v2\/categories?post=73864"},{"taxonomy":"post_tag","embeddable":true,"href":"https:\/\/www.infokuryr.cz\/n\/wp-json\/wp\/v2\/tags?post=73864"}],"curies":[{"name":"wp","href":"https:\/\/api.w.org\/{rel}","templated":true}]}}