{"id":73862,"date":"2025-03-08T06:55:38","date_gmt":"2025-03-08T05:55:38","guid":{"rendered":"https:\/\/www.infokuryr.cz\/n\/?p=73862"},"modified":"2025-03-08T06:55:38","modified_gmt":"2025-03-08T05:55:38","slug":"rusko-zasahlo-ukrajinske-energeticke-lokality","status":"publish","type":"post","link":"https:\/\/www.infokuryr.cz\/n\/2025\/03\/08\/rusko-zasahlo-ukrajinske-energeticke-lokality\/","title":{"rendered":"Rusko zas\u00e1hlo ukrajinsk\u00e9 energetick\u00e9 lokality"},"content":{"rendered":"<div id=\"fb-root\"><\/div>\n<h3>Moskva uvedla, \u017ee se zam\u011b\u0159ila na plynovou infrastrukturu, kter\u00e1 poh\u00e1n\u00ed kyjevskou arm\u00e1du<\/h3>\n<p data-pm-slice=\"1 1 []\"><span>Rusk\u00e9 s\u00edly provedly v p\u00e1tek s\u00e9rii \u00fader\u016f na ukrajinsk\u00e1 energetick\u00e1 m\u00edsta, uvedlo ministerstvo obrany na sv\u00e9m denn\u00edm br\u00edfinku.\u00a0<\/span><\/p>\n<p><span>Podle MOD se\u00a0<\/span><em><span>\u201eskupinov\u00e1 st\u00e1vka\u201c<\/span><\/em><span>\u00a0zam\u011b\u0159ila na\u00a0<\/span><em><span>\u201eplynovou a energetickou infrastrukturu, kter\u00e1 poh\u00e1n\u00ed vojensko-pr\u016fmyslov\u00fd komplex Ukrajiny\u201c.<\/span><\/em><span>\u00a0V palb\u011b byly pou\u017eity rakety dlouh\u00e9ho doletu a drony.\u00a0<\/span><\/p>\n<p><span>Ukrajinsk\u00fd ministr energetiky German Galu\u0161\u010denko na Facebooku napsal, \u017ee\u00a0<\/span><em><span>\u201eenergetick\u00e1 a plyn\u00e1rensk\u00e1 infrastruktura v r\u016fzn\u00fdch ukrajinsk\u00fdch regionech byla zasa\u017eena masivn\u00edmi raketami a n\u00e1lety dron\u016f\u201c.<\/span><\/em><\/p>\n<p><span>\u00da\u0159ady reagovaly\u00a0<\/span><em><span>\u201enezbytn\u00fdmi opat\u0159en\u00edmi ke stabilizaci dod\u00e1vek energie a plynu\u201c.<\/span><\/em><\/p>\n<p><span>Ukrajinsk\u00e1 n\u00e1rodn\u00ed plyn\u00e1rensk\u00e1 a ropn\u00e1 spole\u010dnost Naftogaz v kr\u00e1tk\u00e9m prohl\u00e1\u0161en\u00ed uvedla, \u017ee jej\u00ed za\u0159\u00edzen\u00ed na t\u011b\u017ebu plynu byla po\u0161kozena. \u00da\u0159edn\u00edci v severn\u00ed \u010cernigovsk\u00e9 oblasti a v z\u00e1padn\u00edch oblastech Ternopol a Ivano-Frankovsk hl\u00e1sili m\u00edstn\u00ed v\u00fdpadky elekt\u0159iny v d\u016fsledku st\u00e1vek na\u00a0<\/span><em><span>\u201ekritick\u00e9 pr\u016fmyslov\u00e9 lokality\u201c.<\/span><\/em><\/p>\n<p><span>M\u00edstn\u00ed \u00fa\u0159ady ve v\u00fdchodn\u00ed Poltav\u011b uvedly, \u017ee\u00a0<\/span><em><span>\u201e\u00falomky nep\u0159\u00e1telsk\u00e9ho projektilu\u201c<\/span><\/em><span>\u00a0dopadly na d\u016fm a zranily t\u0159i lidi.\u00a0<\/span><\/p>\n<p><span>Rusko nejprve zes\u00edlilo \u00fadery na energetickou infrastrukturu v reakci na ukrajinsk\u00e9 bombardov\u00e1n\u00ed mostu, kter\u00fd spojuje Krym s pevninsk\u00fdm Ruskem v \u0159\u00edjnu 2022.<\/span><\/p>\n<p><span>V dubnu 2024 prezident Vladimir Putin \u0159ekl, \u017ee rusk\u00e9 s\u00edly zasahuj\u00ed energetick\u00e1 za\u0159\u00edzen\u00ed v reakci na ukrajinsk\u00e9 \u00fatoky na rusk\u00e9 \u00fazem\u00ed.\u00a0<\/span><em><span>&#8222;Vid\u011bli jsme \u0159adu \u00fader\u016f na na\u0161e energetick\u00e9 str\u00e1nky a byli jsme nuceni s\u00e1hnout po odvet\u011b.&#8220;<\/span><\/em><\/p>\n<p><span>Mluv\u010d\u00ed Kremlu Dmitrij Peskov v p\u00e1tek novin\u00e1\u0159\u016fm \u0159ekl, \u017ee \u00fatoky byly zam\u011b\u0159eny na\u00a0<\/span><em><span>\u201em\u00edsta spojen\u00e1 s v\u00fdrobou zbran\u00ed na Ukrajin\u011b\u201c.<\/span><\/em><\/p>\n<p><img decoding=\"async\" loading=\"lazy\" class=\"alignnone size-full wp-image-71983\" src=\"http:\/\/www.infokuryr.cz\/n\/wp-content\/uploads\/2025\/02\/aaa.jpg\" alt=\"\" width=\"89\" height=\"23\" \/><\/p>\n<p>&nbsp;<\/p>\n","protected":false},"excerpt":{"rendered":"<p>Moskva uvedla, \u017ee se zam\u011b\u0159ila na plynovou infrastrukturu, kter\u00e1 poh\u00e1n\u00ed kyjevskou arm\u00e1du Rusk\u00e9 s\u00edly provedly&#8230;<\/p>\n","protected":false},"author":2,"featured_media":73863,"comment_status":"closed","ping_status":"closed","sticky":false,"template":"","format":"standard","meta":[],"categories":[7],"tags":[3535,22,26],"_links":{"self":[{"href":"https:\/\/www.infokuryr.cz\/n\/wp-json\/wp\/v2\/posts\/73862"}],"collection":[{"href":"https:\/\/www.infokuryr.cz\/n\/wp-json\/wp\/v2\/posts"}],"about":[{"href":"https:\/\/www.infokuryr.cz\/n\/wp-json\/wp\/v2\/types\/post"}],"author":[{"embeddable":true,"href":"https:\/\/www.infokuryr.cz\/n\/wp-json\/wp\/v2\/users\/2"}],"replies":[{"embeddable":true,"href":"https:\/\/www.infokuryr.cz\/n\/wp-json\/wp\/v2\/comments?post=73862"}],"version-history":[{"count":0,"href":"https:\/\/www.infokuryr.cz\/n\/wp-json\/wp\/v2\/posts\/73862\/revisions"}],"wp:featuredmedia":[{"embeddable":true,"href":"https:\/\/www.infokuryr.cz\/n\/wp-json\/wp\/v2\/media\/73863"}],"wp:attachment":[{"href":"https:\/\/www.infokuryr.cz\/n\/wp-json\/wp\/v2\/media?parent=73862"}],"wp:term":[{"taxonomy":"category","embeddable":true,"href":"https:\/\/www.infokuryr.cz\/n\/wp-json\/wp\/v2\/categories?post=73862"},{"taxonomy":"post_tag","embeddable":true,"href":"https:\/\/www.infokuryr.cz\/n\/wp-json\/wp\/v2\/tags?post=73862"}],"curies":[{"name":"wp","href":"https:\/\/api.w.org\/{rel}","templated":true}]}}