{"id":73785,"date":"2025-03-07T00:23:06","date_gmt":"2025-03-06T23:23:06","guid":{"rendered":"https:\/\/www.infokuryr.cz\/n\/?p=73785"},"modified":"2025-03-06T15:37:52","modified_gmt":"2025-03-06T14:37:52","slug":"kreml-reaguje-na-macronuv-valecny-projev","status":"publish","type":"post","link":"https:\/\/www.infokuryr.cz\/n\/2025\/03\/07\/kreml-reaguje-na-macronuv-valecny-projev\/","title":{"rendered":"Kreml reaguje na Macron\u016fv \u201ev\u00e1le\u010dn\u00fd\u201c projev"},"content":{"rendered":"<div id=\"fb-root\"><\/div>\n<h3>Francouzsk\u00fd prezident vyzval sv\u016fj n\u00e1rod, aby pos\u00edlil svou obranu proti vn\u00edman\u00e9 hrozb\u011b z Ruska<\/h3>\n<p><span>Projev francouzsk\u00e9ho prezidenta Emmanuela Macrona zam\u011b\u0159en\u00fd na Rusko na za\u010d\u00e1tku tohoto t\u00fddne byl\u00a0<\/span><em><span>\u201evysoce konfronta\u010dn\u00ed\u201c,<\/span><\/em><span>\u00a0\u0159ekl ve \u010dtvrtek mluv\u010d\u00ed Kremlu Dmitrij Peskov s t\u00edm, \u017ee signalizuje z\u00e1m\u011br d\u00e1le eskalovat nap\u011bt\u00ed.<\/span><\/p>\n<p><span>Macron ve sv\u00e9m st\u0159ede\u010dn\u00edm projevu k n\u00e1rodu ozna\u010dil Rusko za\u00a0<\/span><em><span>\u201ehrozbu\u201c<\/span><\/em><span>\u00a0pro EU a vyzval k v\u00fdrazn\u00e9mu zv\u00fd\u0161en\u00ed v\u00fddaj\u016f na obranu, aby bylo mo\u017en\u00e9 \u010delit vn\u00edman\u00e9mu nebezpe\u010d\u00ed, kter\u00e9 p\u0159edstavuje Moskva. \u0158ekl tak\u00e9, \u017ee Francie by byla p\u0159ipravena rozm\u00edstit voj\u00e1ky na Ukrajinu, pokud by v konfliktu bylo dosa\u017eeno p\u0159\u00edm\u011b\u0159\u00ed.<\/span><\/p>\n<p><span>V koment\u00e1\u0159i k pozn\u00e1mk\u00e1m b\u011bhem pravideln\u00e9ho tiskov\u00e9ho br\u00edfinku Peskov zd\u016fraznil, \u017ee jen st\u011b\u017e\u00ed p\u0159edal m\u00edrov\u00e9 poselstv\u00ed:\u00a0<\/span><em><span>\u201eFrancie zjevn\u011b uva\u017euje o v\u00e1lce, o pokra\u010dov\u00e1n\u00ed v\u00e1lky.<\/span><\/em><span>\u00a0Tento postoj p\u0159irozen\u011b vyvol\u00e1v\u00e1 v Moskv\u011b negativn\u00ed reakci, navrhl.<\/span><\/p>\n<p><span>Macron\u016fv projev se dr\u017eel konven\u010dn\u00edho z\u00e1padn\u00edho vypr\u00e1v\u011bn\u00ed zobrazuj\u00edc\u00edho Rusko jako nevyprovokovan\u00e9ho agresora v ukrajinsk\u00e9m konfliktu a tvrdil, \u017ee Moskva m\u00e1 ambice dobyt\u00ed na Ukrajin\u011b i mimo ni. Francouzsk\u00fd v\u016fdce v\u0161ak podle Peskova selektivn\u011b ignoroval z\u00e1sadn\u00ed ud\u00e1losti a okolnosti, kter\u00e9 p\u0159isp\u011bly k sou\u010dasn\u00e9 ukrajinsk\u00e9 krizi.<\/span><\/p>\n<p><span>Mezi nimi pouk\u00e1zal na vojenskou infrastrukturu NATO, kter\u00e1\u00a0<\/span><em><span>\u201ezasahuje, nebo sp\u00ed\u0161e d\u011bl\u00e1 sedm mil kroky\u201c<\/span><\/em><span>\u00a0k rusk\u00fdm hranic\u00edm, co\u017e pro Moskvu vytv\u00e1\u0159\u00ed zna\u010dn\u00e9 bezpe\u010dnostn\u00ed obavy. Peskov uvedl, \u017ee Rusko nem\u011blo jinou mo\u017enost, ne\u017e na tuto rostouc\u00ed hrozbu reagovat.<\/span><\/p>\n<p><span>Vyvr\u00e1til tak\u00e9 Macronova tvrzen\u00ed, \u017ee Rusko poru\u0161ilo Minsk\u00e9 dohody, s odkazem na uzn\u00e1n\u00ed b\u00fdval\u00e9ho francouzsk\u00e9ho prezidenta Francoise Hollanda, \u017ee Z\u00e1pad nikdy skute\u010dn\u011b nezam\u00fd\u0161lel, aby usp\u011bli.<\/span><\/p>\n<p><span>V roce 2015 Hollande a tehdej\u0161\u00ed n\u011bmeck\u00e1 kancl\u00e9\u0159ka Angela Merkelov\u00e1 spole\u010dn\u011b zprost\u0159edkovali pl\u00e1n \u00fadajn\u011b zam\u011b\u0159en\u00fd na m\u00edrovou reintegraci tehdy odtr\u017een\u00fdch region\u016f v Donbasu zp\u011bt do Ukrajiny. Po eskalaci v roce 2022 oba politici p\u0159ipustili, \u017ee \u00fa\u010delem dohody z pohledu Z\u00e1padu bylo pouze z\u00edskat \u010das pro Kyjev k pos\u00edlen\u00ed sv\u00e9 arm\u00e1dy s podporou NATO.<\/span><\/p>\n<p><span>Peskov tak\u00e9 poznamenal, \u017ee v roce 2014 Francie a dal\u0161\u00ed evropsk\u00e9 n\u00e1rody\u00a0<\/span><em><span>\u201eoklamaly\u201c<\/span><\/em><span>\u00a0tehdej\u0161\u00edho ukrajinsk\u00e9ho prezidenta Viktora Janukovy\u010de t\u00edm, \u017ee podpo\u0159ily jeho dohodu o sd\u00edlen\u00ed moci s militanty podporovan\u00fdmi Z\u00e1padem, kte\u0159\u00ed dohodu b\u011bhem n\u011bkolika hodin poru\u0161ili a n\u00e1siln\u011b odstranili demokraticky zvolen\u00e9ho v\u016fdce, to v\u0161e bez jak\u00e9hokoli protestu z Pa\u0159\u00ed\u017ee.<\/span><\/p>\n<p><span>EU v sou\u010dasn\u00e9 dob\u011b prosazuje zna\u010dn\u00e9 nahromad\u011bn\u00ed arm\u00e1dy, kter\u00e9 by st\u00e1lo p\u0159ibli\u017en\u011b 840 miliard dolar\u016f a bylo financov\u00e1no prost\u0159ednictv\u00edm dluhu. Brusel tvrd\u00ed, \u017ee evropsk\u00e1 bezpe\u010dnostn\u00ed rizika zes\u00edlila posun ve washingtonsk\u00e9 politice za prezidenta Donalda Trumpa, kter\u00fd usiluje o vy\u0159e\u0161en\u00ed ukrajinsk\u00e9ho konfliktu a z\u00e1rove\u0148 vyz\u00fdv\u00e1 Evropu, aby p\u0159evzala odpov\u011bdnost za budouc\u00ed bezpe\u010dnostn\u00ed z\u00e1ruky pro Kyjev. Peskov poznamenal, \u017ee to sice z USA ned\u011bl\u00e1 p\u0159\u00edtele Ruska, ale alespo\u0148 to otev\u00edr\u00e1 cesty k normalizaci bilater\u00e1ln\u00edch vztah\u016f.<\/span><\/p>\n<p><img decoding=\"async\" loading=\"lazy\" class=\"alignnone size-full wp-image-71983\" src=\"http:\/\/www.infokuryr.cz\/n\/wp-content\/uploads\/2025\/02\/aaa.jpg\" alt=\"\" width=\"89\" height=\"23\" \/><\/p>\n<p>&nbsp;<\/p>\n","protected":false},"excerpt":{"rendered":"<p>Francouzsk\u00fd prezident vyzval sv\u016fj n\u00e1rod, aby pos\u00edlil svou obranu proti vn\u00edman\u00e9 hrozb\u011b z Ruska Projev&#8230;<\/p>\n","protected":false},"author":2,"featured_media":64709,"comment_status":"closed","ping_status":"closed","sticky":false,"template":"","format":"standard","meta":[],"categories":[7],"tags":[1065,307,710,2524],"_links":{"self":[{"href":"https:\/\/www.infokuryr.cz\/n\/wp-json\/wp\/v2\/posts\/73785"}],"collection":[{"href":"https:\/\/www.infokuryr.cz\/n\/wp-json\/wp\/v2\/posts"}],"about":[{"href":"https:\/\/www.infokuryr.cz\/n\/wp-json\/wp\/v2\/types\/post"}],"author":[{"embeddable":true,"href":"https:\/\/www.infokuryr.cz\/n\/wp-json\/wp\/v2\/users\/2"}],"replies":[{"embeddable":true,"href":"https:\/\/www.infokuryr.cz\/n\/wp-json\/wp\/v2\/comments?post=73785"}],"version-history":[{"count":0,"href":"https:\/\/www.infokuryr.cz\/n\/wp-json\/wp\/v2\/posts\/73785\/revisions"}],"wp:featuredmedia":[{"embeddable":true,"href":"https:\/\/www.infokuryr.cz\/n\/wp-json\/wp\/v2\/media\/64709"}],"wp:attachment":[{"href":"https:\/\/www.infokuryr.cz\/n\/wp-json\/wp\/v2\/media?parent=73785"}],"wp:term":[{"taxonomy":"category","embeddable":true,"href":"https:\/\/www.infokuryr.cz\/n\/wp-json\/wp\/v2\/categories?post=73785"},{"taxonomy":"post_tag","embeddable":true,"href":"https:\/\/www.infokuryr.cz\/n\/wp-json\/wp\/v2\/tags?post=73785"}],"curies":[{"name":"wp","href":"https:\/\/api.w.org\/{rel}","templated":true}]}}