{"id":73728,"date":"2025-03-06T00:23:00","date_gmt":"2025-03-05T23:23:00","guid":{"rendered":"https:\/\/www.infokuryr.cz\/n\/?p=73728"},"modified":"2025-03-05T15:26:25","modified_gmt":"2025-03-05T14:26:25","slug":"sledujte-17lety-mladik-zatcen-za-brutalni-pobodani-13leteho-pote-co-pronasledoval-svou-obet-ve-francouzske-soukrome-skole-v-nimes","status":"publish","type":"post","link":"https:\/\/www.infokuryr.cz\/n\/2025\/03\/06\/sledujte-17lety-mladik-zatcen-za-brutalni-pobodani-13leteho-pote-co-pronasledoval-svou-obet-ve-francouzske-soukrome-skole-v-nimes\/","title":{"rendered":"Sledujte: 17let\u00fd mlad\u00edk zat\u010den za brut\u00e1ln\u00ed pobod\u00e1n\u00ed 13let\u00e9ho pot\u00e9, co pron\u00e1sledoval svou ob\u011b\u0165 ve francouzsk\u00e9 soukrom\u00e9 \u0161kole v Nimes"},"content":{"rendered":"<div id=\"fb-root\"><\/div>\n<p><span>Nov\u00e9 vir\u00e1ln\u00ed video ukazuje, jak d\u011bsiv\u00fd nyn\u00ed m\u016f\u017ee b\u00fdt francouzsk\u00fd \u0161kolsk\u00fd syst\u00e9m, se 17let\u00fdm \u010dernochem nato\u010den\u00fdm, jak hon\u00ed svou ob\u011b\u0165 no\u017eem, zat\u00edmco studenti a dosp\u011bl\u00ed k\u0159i\u010d\u00ed hr\u016fzou.<\/span><\/p>\n<p><span>Agresor byl nyn\u00ed zat\u010den a obvin\u011bn z pokusu o vra\u017edu pot\u00e9, co svou ob\u011b\u0165 t\u0159ikr\u00e1t bodl na soukrom\u00e9 st\u0159edn\u00ed \u0161kole Saint Jean-Baptiste de la Salle v N\u00eemes. Ve skute\u010dnosti \u010dern\u00fd mu\u017e nebyl ani studentem ve \u0161kole, ale m\u011bl p\u0159\u00edtelkyni, kter\u00e1 ve \u0161kole byla. Byla tak\u00e9 zat\u010dena za to, \u017ee na \u00fato\u010dn\u00edka upozornila ob\u011b\u0165.<\/span><\/p>\n<h3><strong>VIDEO:<\/strong><\/h3>\n<div class=\"twitter-tweet twitter-tweet-rendered\"><iframe id=\"twitter-widget-0\" class=\"\" title=\"P\u0159\u00edsp\u011bvek X\" src=\"https:\/\/platform.twitter.com\/embed\/Tweet.html?creatorScreenName=RMXnews&amp;dnt=false&amp;embedId=twitter-widget-0&amp;features=eyJ0ZndfdGltZWxpbmVfbGlzdCI6eyJidWNrZXQiOltdLCJ2ZXJzaW9uIjpudWxsfSwidGZ3X2ZvbGxvd2VyX2NvdW50X3N1bnNldCI6eyJidWNrZXQiOnRydWUsInZlcnNpb24iOm51bGx9LCJ0ZndfdHdlZXRfZWRpdF9iYWNrZW5kIjp7ImJ1Y2tldCI6Im9uIiwidmVyc2lvbiI6bnVsbH0sInRmd19yZWZzcmNfc2Vzc2lvbiI6eyJidWNrZXQiOiJvbiIsInZlcnNpb24iOm51bGx9LCJ0ZndfZm9zbnJfc29mdF9pbnRlcnZlbnRpb25zX2VuYWJsZWQiOnsiYnVja2V0Ijoib24iLCJ2ZXJzaW9uIjpudWxsfSwidGZ3X21peGVkX21lZGlhXzE1ODk3Ijp7ImJ1Y2tldCI6InRyZWF0bWVudCIsInZlcnNpb24iOm51bGx9LCJ0ZndfZXhwZXJpbWVudHNfY29va2llX2V4cGlyYXRpb24iOnsiYnVja2V0IjoxMjA5NjAwLCJ2ZXJzaW9uIjpudWxsfSwidGZ3X3Nob3dfYmlyZHdhdGNoX3Bpdm90c19lbmFibGVkIjp7ImJ1Y2tldCI6Im9uIiwidmVyc2lvbiI6bnVsbH0sInRmd19kdXBsaWNhdGVfc2NyaWJlc190b19zZXR0aW5ncyI6eyJidWNrZXQiOiJvbiIsInZlcnNpb24iOm51bGx9LCJ0ZndfdXNlX3Byb2ZpbGVfaW1hZ2Vfc2hhcGVfZW5hYmxlZCI6eyJidWNrZXQiOiJvbiIsInZlcnNpb24iOm51bGx9LCJ0ZndfdmlkZW9faGxzX2R5bmFtaWNfbWFuaWZlc3RzXzE1MDgyIjp7ImJ1Y2tldCI6InRydWVfYml0cmF0ZSIsInZlcnNpb24iOm51bGx9LCJ0ZndfbGVnYWN5X3RpbWVsaW5lX3N1bnNldCI6eyJidWNrZXQiOnRydWUsInZlcnNpb24iOm51bGx9LCJ0ZndfdHdlZXRfZWRpdF9mcm9udGVuZCI6eyJidWNrZXQiOiJvbiIsInZlcnNpb24iOm51bGx9fQ%3D%3D&amp;frame=false&amp;hideCard=false&amp;hideThread=false&amp;id=1896666204896706895&amp;lang=en&amp;origin=https%3A%2F%2Frmx.news%2Farticle%2Fwatch-17-year-old-arrested-for-brutal-stabbing-of-13-year-old-after-stalking-his-victim-inside-french-private-school-in-nimes%2F&amp;sessionId=ff3c8e126558d2538eb7e41a8422f890979dd005&amp;theme=light&amp;widgetsVersion=2615f7e52b7e0%3A1702314776716&amp;width=550px\" frameborder=\"0\" scrolling=\"no\" allowfullscreen=\"allowfullscreen\" data-tweet-id=\"1896666204896706895\" data-mce-fragment=\"1\"><\/iframe><\/div>\n<p><span>Ob\u011b\u0165 byla opakovan\u011b bod\u00e1na do zad, ale v tuto chv\u00edli nen\u00ed v ohro\u017een\u00ed \u017eivota. Zdravotn\u00edci mu poskytli prvn\u00ed pomoc a p\u0159evezli ho do nemocnice.<\/span><\/p>\n<p><a href=\"https:\/\/www.objectifgard.com\/faits-divers\/nimes-un-collegien-de-13-ans-frappe-cet-apres-midi-au-couteau-a-lexterieur-de-letablissement-scolaire-142933.php\"><span>Podle francouzsk\u00e9ho zpravodajstv\u00ed Objectif Arles Gard<\/span><\/a><span>\u00a0vy\u0161et\u0159ovatel\u00e9\u00a0zjistili, \u017ee podez\u0159el\u00fd \u010dern\u00fd mu\u017e vstoupil na \u0161koln\u00ed pozemek, aby hledal svou ob\u011b\u0165.<\/span><\/p>\n<p><span>\u201ePolicie zas\u00e1hla velmi rychle,\u201c nazna\u010duje \u017ealobkyn\u011b C\u00e9cile Gensac.<\/span><\/p>\n<p><span>Jeden student uvedl, \u017ee podez\u0159el\u00fd byl \u201eoble\u010den cel\u00fd v \u010dern\u00e9m\u201c.<\/span><\/p>\n<h3><strong>VIDEO:<\/strong><\/h3>\n<div class=\"twitter-tweet twitter-tweet-rendered\"><iframe id=\"twitter-widget-1\" class=\"\" title=\"P\u0159\u00edsp\u011bvek X\" src=\"https:\/\/platform.twitter.com\/embed\/Tweet.html?creatorScreenName=RMXnews&amp;dnt=false&amp;embedId=twitter-widget-1&amp;features=eyJ0ZndfdGltZWxpbmVfbGlzdCI6eyJidWNrZXQiOltdLCJ2ZXJzaW9uIjpudWxsfSwidGZ3X2ZvbGxvd2VyX2NvdW50X3N1bnNldCI6eyJidWNrZXQiOnRydWUsInZlcnNpb24iOm51bGx9LCJ0ZndfdHdlZXRfZWRpdF9iYWNrZW5kIjp7ImJ1Y2tldCI6Im9uIiwidmVyc2lvbiI6bnVsbH0sInRmd19yZWZzcmNfc2Vzc2lvbiI6eyJidWNrZXQiOiJvbiIsInZlcnNpb24iOm51bGx9LCJ0ZndfZm9zbnJfc29mdF9pbnRlcnZlbnRpb25zX2VuYWJsZWQiOnsiYnVja2V0Ijoib24iLCJ2ZXJzaW9uIjpudWxsfSwidGZ3X21peGVkX21lZGlhXzE1ODk3Ijp7ImJ1Y2tldCI6InRyZWF0bWVudCIsInZlcnNpb24iOm51bGx9LCJ0ZndfZXhwZXJpbWVudHNfY29va2llX2V4cGlyYXRpb24iOnsiYnVja2V0IjoxMjA5NjAwLCJ2ZXJzaW9uIjpudWxsfSwidGZ3X3Nob3dfYmlyZHdhdGNoX3Bpdm90c19lbmFibGVkIjp7ImJ1Y2tldCI6Im9uIiwidmVyc2lvbiI6bnVsbH0sInRmd19kdXBsaWNhdGVfc2NyaWJlc190b19zZXR0aW5ncyI6eyJidWNrZXQiOiJvbiIsInZlcnNpb24iOm51bGx9LCJ0ZndfdXNlX3Byb2ZpbGVfaW1hZ2Vfc2hhcGVfZW5hYmxlZCI6eyJidWNrZXQiOiJvbiIsInZlcnNpb24iOm51bGx9LCJ0ZndfdmlkZW9faGxzX2R5bmFtaWNfbWFuaWZlc3RzXzE1MDgyIjp7ImJ1Y2tldCI6InRydWVfYml0cmF0ZSIsInZlcnNpb24iOm51bGx9LCJ0ZndfbGVnYWN5X3RpbWVsaW5lX3N1bnNldCI6eyJidWNrZXQiOnRydWUsInZlcnNpb24iOm51bGx9LCJ0ZndfdHdlZXRfZWRpdF9mcm9udGVuZCI6eyJidWNrZXQiOiJvbiIsInZlcnNpb24iOm51bGx9fQ%3D%3D&amp;frame=false&amp;hideCard=false&amp;hideThread=false&amp;id=1764979777377567222&amp;lang=en&amp;origin=https%3A%2F%2Frmx.news%2Farticle%2Fwatch-17-year-old-arrested-for-brutal-stabbing-of-13-year-old-after-stalking-his-victim-inside-french-private-school-in-nimes%2F&amp;sessionId=ff3c8e126558d2538eb7e41a8422f890979dd005&amp;theme=light&amp;widgetsVersion=2615f7e52b7e0%3A1702314776716&amp;width=550px\" frameborder=\"0\" scrolling=\"no\" allowfullscreen=\"allowfullscreen\" data-tweet-id=\"1764979777377567222\" data-mce-fragment=\"1\"><\/iframe><\/div>\n<p><span>V jedn\u00e9 kr\u00e1tk\u00e9 sc\u00e9n\u011b na videu je podez\u0159el\u00fd vid\u011bt, jak b\u011b\u017e\u00ed obloukem za svou ob\u011bt\u00ed kr\u00e1tce p\u0159edt\u00edm, ne\u017e ji pobodal. N\u016f\u017e je vid\u011bt v jeho rukou.<\/span><\/p>\n<p><span>Podez\u0159el\u00fd byl zadr\u017een kr\u00e1tce po bodnut\u00ed. Nen\u00ed jasn\u00e9, pro\u010d ob\u011b\u0165 ubodal. Zdroje ze \u0161koly uvedly, \u017ee se zd\u00e1, \u017ee podez\u0159el\u00fd svou ob\u011b\u0165 znal a aktivn\u011b ji hledal.<\/span><\/p>\n<p><span>Pozoruhodn\u00e9 je, \u017ee k pobod\u00e1n\u00ed do\u0161lo v soukrom\u00e9 \u0161kole. Soukrom\u00e9 \u0161koly ve Francii prudce vzrostly kv\u016fli zhor\u0161uj\u00edc\u00ed se bezpe\u010dnostn\u00ed situaci v mnoha ve\u0159ejn\u00fdch \u0161kol\u00e1ch v zemi. Remix News informoval o tom, jak i liber\u00e1ln\u00ed rodi\u010de v Pa\u0159\u00ed\u017ei st\u00e1le \u010dast\u011bji vyb\u00edraj\u00ed pro sv\u00e9 d\u011bti soukrom\u00e9 \u0161koly.<\/span><\/p>\n<h3><strong>VIDEO:<\/strong><\/h3>\n<div class=\"twitter-tweet twitter-tweet-rendered\"><iframe id=\"twitter-widget-2\" class=\"\" title=\"P\u0159\u00edsp\u011bvek X\" src=\"https:\/\/platform.twitter.com\/embed\/Tweet.html?creatorScreenName=RMXnews&amp;dnt=false&amp;embedId=twitter-widget-2&amp;features=eyJ0ZndfdGltZWxpbmVfbGlzdCI6eyJidWNrZXQiOltdLCJ2ZXJzaW9uIjpudWxsfSwidGZ3X2ZvbGxvd2VyX2NvdW50X3N1bnNldCI6eyJidWNrZXQiOnRydWUsInZlcnNpb24iOm51bGx9LCJ0ZndfdHdlZXRfZWRpdF9iYWNrZW5kIjp7ImJ1Y2tldCI6Im9uIiwidmVyc2lvbiI6bnVsbH0sInRmd19yZWZzcmNfc2Vzc2lvbiI6eyJidWNrZXQiOiJvbiIsInZlcnNpb24iOm51bGx9LCJ0ZndfZm9zbnJfc29mdF9pbnRlcnZlbnRpb25zX2VuYWJsZWQiOnsiYnVja2V0Ijoib24iLCJ2ZXJzaW9uIjpudWxsfSwidGZ3X21peGVkX21lZGlhXzE1ODk3Ijp7ImJ1Y2tldCI6InRyZWF0bWVudCIsInZlcnNpb24iOm51bGx9LCJ0ZndfZXhwZXJpbWVudHNfY29va2llX2V4cGlyYXRpb24iOnsiYnVja2V0IjoxMjA5NjAwLCJ2ZXJzaW9uIjpudWxsfSwidGZ3X3Nob3dfYmlyZHdhdGNoX3Bpdm90c19lbmFibGVkIjp7ImJ1Y2tldCI6Im9uIiwidmVyc2lvbiI6bnVsbH0sInRmd19kdXBsaWNhdGVfc2NyaWJlc190b19zZXR0aW5ncyI6eyJidWNrZXQiOiJvbiIsInZlcnNpb24iOm51bGx9LCJ0ZndfdXNlX3Byb2ZpbGVfaW1hZ2Vfc2hhcGVfZW5hYmxlZCI6eyJidWNrZXQiOiJvbiIsInZlcnNpb24iOm51bGx9LCJ0ZndfdmlkZW9faGxzX2R5bmFtaWNfbWFuaWZlc3RzXzE1MDgyIjp7ImJ1Y2tldCI6InRydWVfYml0cmF0ZSIsInZlcnNpb24iOm51bGx9LCJ0ZndfbGVnYWN5X3RpbWVsaW5lX3N1bnNldCI6eyJidWNrZXQiOnRydWUsInZlcnNpb24iOm51bGx9LCJ0ZndfdHdlZXRfZWRpdF9mcm9udGVuZCI6eyJidWNrZXQiOiJvbiIsInZlcnNpb24iOm51bGx9fQ%3D%3D&amp;frame=false&amp;hideCard=false&amp;hideThread=false&amp;id=1790731838257823908&amp;lang=en&amp;origin=https%3A%2F%2Frmx.news%2Farticle%2Fwatch-17-year-old-arrested-for-brutal-stabbing-of-13-year-old-after-stalking-his-victim-inside-french-private-school-in-nimes%2F&amp;sessionId=ff3c8e126558d2538eb7e41a8422f890979dd005&amp;theme=light&amp;widgetsVersion=2615f7e52b7e0%3A1702314776716&amp;width=550px\" frameborder=\"0\" scrolling=\"no\" allowfullscreen=\"allowfullscreen\" data-tweet-id=\"1790731838257823908\" data-mce-fragment=\"1\"><\/iframe><\/div>\n<p><span>V Pa\u0159\u00ed\u017ei byl p\u0159edstaven softwarov\u00fd program pro v\u00fdb\u011br student\u016f a jejich um\u00edst\u011bn\u00ed do bohat\u0161\u00edch ve\u0159ejn\u00fdch \u0161kol, p\u0159i\u010dem\u017e tyto elitn\u011bj\u0161\u00ed \u0161koly d\u0159\u00edve mohly vybrat studenty, kte\u0159\u00ed mohli nav\u0161t\u011bvovat. Podle L&#8217;Express bylo kone\u010dn\u00fdm c\u00edlem vl\u00e1dy diverzifikovat studentsk\u00fd sbor t\u011bchto elitn\u00edch \u0161kol, kter\u00e9 jsou p\u0159ev\u00e1\u017en\u011b b\u00edl\u00e9 a maj\u00ed vy\u0161\u0161\u00ed p\u0159\u00edjmy.<\/span><\/p>\n<p><span>L&#8217;Express tak\u00e9 popsal, jak \u201est\u00e1le v\u00edce levicov\u00fdch rodi\u010d\u016f p\u0159ipoutan\u00fdch k diverzit\u011b nyn\u00ed rezignuje na psan\u00ed motiva\u010dn\u00edch dopis\u016f, aby sv\u00e9 d\u011bti zapsali do n\u00e1bo\u017eensk\u00fdch instituc\u00ed. Je to jedin\u00e1 alternativa, jak se vyhnout ve\u0159ejn\u00e9 st\u0159edn\u00ed \u0161kole.\u201c<\/span><\/p>\n<p><span>\u201eTito rodi\u010de stoj\u00ed p\u0159ed obt\u00ed\u017enou volbou: rozhodnout se pro soukrom\u00e9 ghetto nebo ve\u0159ejn\u00e9 ghetto s v\u011bdom\u00edm, \u017ee ani jedno neodr\u00e1\u017e\u00ed soci\u00e1ln\u00ed realitu jejich sousedstv\u00ed,\u201c st\u011b\u017euje si Grenet.<\/span><\/p>\n<p><span>Jak je uk\u00e1z\u00e1no v tomto \u010dl\u00e1nku, Remix News pokryly n\u011bkter\u00e9 z nejextr\u00e9mn\u011bj\u0161\u00edch n\u00e1sil\u00ed zachycen\u00fdch na videu ve francouzsk\u00fdch \u0161kol\u00e1ch, p\u0159i\u010dem\u017e b\u00edl\u00ed studenti se \u010dasto st\u00e1vaj\u00ed ob\u011b\u0165mi \u00fatok\u016f.<\/span><\/p>\n<div class=\"twitter-tweet twitter-tweet-rendered\"><iframe id=\"twitter-widget-3\" class=\"\" title=\"P\u0159\u00edsp\u011bvek X\" src=\"https:\/\/platform.twitter.com\/embed\/Tweet.html?creatorScreenName=RMXnews&amp;dnt=false&amp;embedId=twitter-widget-3&amp;features=eyJ0ZndfdGltZWxpbmVfbGlzdCI6eyJidWNrZXQiOltdLCJ2ZXJzaW9uIjpudWxsfSwidGZ3X2ZvbGxvd2VyX2NvdW50X3N1bnNldCI6eyJidWNrZXQiOnRydWUsInZlcnNpb24iOm51bGx9LCJ0ZndfdHdlZXRfZWRpdF9iYWNrZW5kIjp7ImJ1Y2tldCI6Im9uIiwidmVyc2lvbiI6bnVsbH0sInRmd19yZWZzcmNfc2Vzc2lvbiI6eyJidWNrZXQiOiJvbiIsInZlcnNpb24iOm51bGx9LCJ0ZndfZm9zbnJfc29mdF9pbnRlcnZlbnRpb25zX2VuYWJsZWQiOnsiYnVja2V0Ijoib24iLCJ2ZXJzaW9uIjpudWxsfSwidGZ3X21peGVkX21lZGlhXzE1ODk3Ijp7ImJ1Y2tldCI6InRyZWF0bWVudCIsInZlcnNpb24iOm51bGx9LCJ0ZndfZXhwZXJpbWVudHNfY29va2llX2V4cGlyYXRpb24iOnsiYnVja2V0IjoxMjA5NjAwLCJ2ZXJzaW9uIjpudWxsfSwidGZ3X3Nob3dfYmlyZHdhdGNoX3Bpdm90c19lbmFibGVkIjp7ImJ1Y2tldCI6Im9uIiwidmVyc2lvbiI6bnVsbH0sInRmd19kdXBsaWNhdGVfc2NyaWJlc190b19zZXR0aW5ncyI6eyJidWNrZXQiOiJvbiIsInZlcnNpb24iOm51bGx9LCJ0ZndfdXNlX3Byb2ZpbGVfaW1hZ2Vfc2hhcGVfZW5hYmxlZCI6eyJidWNrZXQiOiJvbiIsInZlcnNpb24iOm51bGx9LCJ0ZndfdmlkZW9faGxzX2R5bmFtaWNfbWFuaWZlc3RzXzE1MDgyIjp7ImJ1Y2tldCI6InRydWVfYml0cmF0ZSIsInZlcnNpb24iOm51bGx9LCJ0ZndfbGVnYWN5X3RpbWVsaW5lX3N1bnNldCI6eyJidWNrZXQiOnRydWUsInZlcnNpb24iOm51bGx9LCJ0ZndfdHdlZXRfZWRpdF9mcm9udGVuZCI6eyJidWNrZXQiOiJvbiIsInZlcnNpb24iOm51bGx9fQ%3D%3D&amp;frame=false&amp;hideCard=false&amp;hideThread=false&amp;id=1747985273093272035&amp;lang=en&amp;origin=https%3A%2F%2Frmx.news%2Farticle%2Fwatch-17-year-old-arrested-for-brutal-stabbing-of-13-year-old-after-stalking-his-victim-inside-french-private-school-in-nimes%2F&amp;sessionId=ff3c8e126558d2538eb7e41a8422f890979dd005&amp;theme=light&amp;widgetsVersion=2615f7e52b7e0%3A1702314776716&amp;width=550px\" frameborder=\"0\" scrolling=\"no\" allowfullscreen=\"allowfullscreen\" data-tweet-id=\"1747985273093272035\" data-mce-fragment=\"1\"><\/iframe><\/div>\n<p><a href=\"https:\/\/rmx.news\/education\/brutal-acceleration-of-immigration-frances-historic-collapse-in-pisa-academic-ratings-tied-to-exploding-foreign-population-40-of-those-under-age-of-4-are-immigrants-or-of-imm\/\"><span>Jak uvedl<\/span><\/a><span>\u00a0Remix News\u00a0v roce 2023, francouzsk\u00fd \u201ehistorick\u00fd kolaps\u201c v akademick\u00e9m hodnocen\u00ed PISA je spojen s exploduj\u00edc\u00ed zahrani\u010dn\u00ed populac\u00ed, proto\u017ee 40 procent lid\u00ed mlad\u0161\u00edch \u010dty\u0159 let jsou p\u0159ist\u011bhovalci nebo p\u0159ist\u011bhovaleck\u00e9ho p\u016fvodu.<\/span><\/p>\n<p><span>Francouzsk\u00fd profesor Joachim Le Floch-Imad, \u0159editel Fondation Res Publica a autor knihy \u201eTolstoy. Filosofick\u00fd \u017eivot\u201c napsal n\u00e1sleduj\u00edc\u00ed:<\/span><\/p>\n<p><span>\u201eTento specifick\u00fd v\u00fdvoj se odehr\u00e1v\u00e1 v kontextu n\u00e1hl\u00e9ho zrychlen\u00ed imigrace. 40 procent osob mlad\u0161\u00edch 4 let ve Francii jsou p\u0159ist\u011bhovalci nebo p\u0159ist\u011bhovaleck\u00e9ho p\u016fvodu. Ro\u010dn\u011b sem p\u0159ij\u00ed\u017ed\u00ed t\u00e9m\u011b\u0159 p\u016fl milionu cizinc\u016f a po\u010det narozen\u00fdch d\u011bt\u00ed ob\u011bma rodi\u010d\u016fm ze zahrani\u010d\u00ed se za 20 let zv\u00fd\u0161il o 59 procent. \u0160koly jako Aix-Marseille, Cr\u00e9teil, Mayotte a Guyana jsou touto dynamikou zvl\u00e1\u0161t\u011b posti\u017eeny, ale \u017e\u00e1dn\u00e1 \u010d\u00e1st n\u00e1rodn\u00edho \u00fazem\u00ed nyn\u00ed nen\u00ed imunn\u00ed, n\u011bkdy s velk\u00fdmi \u00fasp\u011bchy&#8230; Je v\u0161ak jasn\u00e9, \u017ee stroj na vytv\u00e1\u0159en\u00ed ob\u010dan\u016f je zhroucen a \u017ee imigrace p\u0159inejmen\u0161\u00edm ze dvou d\u016fvod\u016f zhor\u0161uje pokles vzd\u011bl\u00e1n\u00ed, jeho\u017e je Francie ko\u0159ist\u00ed.<\/span><\/p>\n<p><img decoding=\"async\" loading=\"lazy\" class=\"alignnone size-full wp-image-71983\" src=\"http:\/\/www.infokuryr.cz\/n\/wp-content\/uploads\/2025\/02\/aaa.jpg\" alt=\"\" width=\"89\" height=\"23\" \/><\/p>\n<p>&nbsp;<\/p>\n","protected":false},"excerpt":{"rendered":"<p>Nov\u00e9 vir\u00e1ln\u00ed video ukazuje, jak d\u011bsiv\u00fd nyn\u00ed m\u016f\u017ee b\u00fdt francouzsk\u00fd \u0161kolsk\u00fd syst\u00e9m, se 17let\u00fdm \u010dernochem&#8230;<\/p>\n","protected":false},"author":2,"featured_media":73729,"comment_status":"closed","ping_status":"closed","sticky":false,"template":"","format":"standard","meta":[],"categories":[7],"tags":[130,369,1322],"_links":{"self":[{"href":"https:\/\/www.infokuryr.cz\/n\/wp-json\/wp\/v2\/posts\/73728"}],"collection":[{"href":"https:\/\/www.infokuryr.cz\/n\/wp-json\/wp\/v2\/posts"}],"about":[{"href":"https:\/\/www.infokuryr.cz\/n\/wp-json\/wp\/v2\/types\/post"}],"author":[{"embeddable":true,"href":"https:\/\/www.infokuryr.cz\/n\/wp-json\/wp\/v2\/users\/2"}],"replies":[{"embeddable":true,"href":"https:\/\/www.infokuryr.cz\/n\/wp-json\/wp\/v2\/comments?post=73728"}],"version-history":[{"count":0,"href":"https:\/\/www.infokuryr.cz\/n\/wp-json\/wp\/v2\/posts\/73728\/revisions"}],"wp:featuredmedia":[{"embeddable":true,"href":"https:\/\/www.infokuryr.cz\/n\/wp-json\/wp\/v2\/media\/73729"}],"wp:attachment":[{"href":"https:\/\/www.infokuryr.cz\/n\/wp-json\/wp\/v2\/media?parent=73728"}],"wp:term":[{"taxonomy":"category","embeddable":true,"href":"https:\/\/www.infokuryr.cz\/n\/wp-json\/wp\/v2\/categories?post=73728"},{"taxonomy":"post_tag","embeddable":true,"href":"https:\/\/www.infokuryr.cz\/n\/wp-json\/wp\/v2\/tags?post=73728"}],"curies":[{"name":"wp","href":"https:\/\/api.w.org\/{rel}","templated":true}]}}