{"id":73726,"date":"2025-03-06T00:22:23","date_gmt":"2025-03-05T23:22:23","guid":{"rendered":"https:\/\/www.infokuryr.cz\/n\/?p=73726"},"modified":"2025-03-05T15:22:08","modified_gmt":"2025-03-05T14:22:08","slug":"recko-tvrdi-ze-neni-sance-ze-prijme-navrat-migrantu-ze-zapadni-evropy","status":"publish","type":"post","link":"https:\/\/www.infokuryr.cz\/n\/2025\/03\/06\/recko-tvrdi-ze-neni-sance-ze-prijme-navrat-migrantu-ze-zapadni-evropy\/","title":{"rendered":"\u0158ecko tvrd\u00ed, \u017ee nen\u00ed \u0161ance, \u017ee p\u0159ijme n\u00e1vrat migrant\u016f ze z\u00e1padn\u00ed Evropy"},"content":{"rendered":"<div id=\"fb-root\"><\/div>\n<h3 class=\"s-tagline fw-tagline\"><span>\u0158eck\u00fd ministr pro migraci dal jasn\u011b najevo, \u017ee \u0158ecko nebude p\u0159ij\u00edmat vracej\u00edc\u00ed se migranty, ale nast\u00ednil zp\u016fsoby, jak se EU m\u016f\u017ee s migrac\u00ed vypo\u0159\u00e1dat efektivn\u011bji<\/span><\/h3>\n<p><span>\u0158eck\u00fd ministr pro migraci a azyl\u00a0<\/span><a href=\"https:\/\/rmx.news\/article\/as-israel-invades-lebanon-will-we-see-the-2015-16-migrant-crisis-allover-again-greece-is-on-high-alert\/\"><span>Nikos Panagiotopoulos<\/span><\/a><span>\u00a0dal jasn\u011b najevo, \u017ee \u0158ecko nebude p\u0159ij\u00edmat n\u00e1vraty velk\u00e9ho po\u010dtu migrant\u016f ze z\u00e1padn\u00ed Evropy, kte\u0159\u00ed p\u016fvodn\u011b vstoupili do Evropsk\u00e9 unie p\u0159es jeho zemi. Ministr to prohl\u00e1sil b\u011bhem sobotn\u00edho rozhovoru pro Athens News Agency-Makedonian Press Agency (ANA-MPA).<\/span><\/p>\n<p><span>&#8222;To nebylo navr\u017eeno, ani bychom nep\u0159ijali hromadn\u00e9 n\u00e1vraty migrant\u016f ze z\u00e1padn\u00ed Evropy,&#8220; vysv\u011btlil Panagiotopoulos.<\/span><\/p>\n<p><span>Takzvan\u00e9 dublinsk\u00e9 na\u0159\u00edzen\u00ed vy\u017eaduje, aby \u010dlensk\u00e9 st\u00e1ty, kter\u00e9 registruj\u00ed \u017eadatele o azyl, nakonec p\u0159ijaly tohoto migranta zp\u011bt, pokud se p\u0159est\u011bhuj\u00ed do jin\u00e9 zem\u011b EU. T\u011b\u017ece zasa\u017een\u00e9 zem\u011b jako It\u00e1lie a \u0158ecko, kter\u00e9 \u010dasto slou\u017e\u00ed jako vstupn\u00ed m\u00edsto pro \u017eadatele o azyl, dlouho tvrdily, \u017ee na\u0159\u00edzen\u00ed je nespravedliv\u00e9 a b\u011b\u017en\u011b se sna\u017e\u00ed odm\u00edtat migranty pos\u00edlat zp\u011bt do jejich zem\u00ed.<\/span><\/p>\n<p><span>\u0158eck\u00fd ministr, kter\u00fd je zn\u00e1m\u00fd sv\u00fdm tvrd\u00fdm postojem k neleg\u00e1ln\u00ed migraci, m\u00edsto toho navrhl, \u017ee mnohem efektivn\u011bj\u0161\u00edm \u0159e\u0161en\u00edm probl\u00e9mu neleg\u00e1ln\u00ed masov\u00e9 migrace by byly p\u0159\u00edsn\u011bj\u0161\u00ed azylov\u00e9 z\u00e1kony a tak\u00e9 pos\u00edlen\u00ed bezpe\u010dnosti hranic EU. Doporu\u010dil tak\u00e9, aby \u010dlensk\u00e9 st\u00e1ty EU zv\u00fd\u0161ily sv\u00e9 \u00fasil\u00ed vracet \u017eadatele o azyl, jejich\u017e \u017e\u00e1dosti byly zam\u00edtnuty bez mo\u017enosti odvol\u00e1n\u00ed do zem\u011b p\u016fvodu.<\/span><\/p>\n<p><span>Panagiotopoulos tak\u00e9 popsal nov\u00e9 zadr\u017eovac\u00ed za\u0159\u00edzen\u00ed, kter\u00e9 se z\u0159izuje v \u0158ecku, kde by mohli b\u00fdt p\u0159ich\u00e1zej\u00edc\u00ed migranti dr\u017eeni p\u0159ed p\u0159em\u00edst\u011bn\u00edm do p\u0159ij\u00edmac\u00edch st\u0159edisek. Vysv\u011btlil, \u017ee ji bude provozovat \u0159eck\u00e1 policie a bude se starat pouze o bezpe\u010dnost a lep\u0161\u00ed organizaci p\u0159\u00edchoz\u00edch migrant\u016f, nikoli o vy\u0159izov\u00e1n\u00ed \u017e\u00e1dost\u00ed o azyl. Dodal, \u017ee toto za\u0159\u00edzen\u00ed nebude spadat do p\u016fsobnosti jeho ministerstva.<\/span><\/p>\n<p><span>Panagiotopoulos d\u00e1le uvedl, \u017ee je znepokojen t\u00edm, \u017ee se mezi severoafrick\u00fdm pob\u0159e\u017e\u00edm a \u0159eck\u00fdm ostrovem Kr\u00e9ta vyv\u00edj\u00ed nov\u00e1 migra\u010dn\u00ed trasa, kter\u00e1 by mohla zv\u00fd\u0161it migra\u010dn\u00ed tlak na jeho ji\u017e tak su\u017eovan\u00fd pob\u0159e\u017en\u00ed n\u00e1rod, kter\u00fd byl od po\u010d\u00e1tku v prvn\u00ed linii migra\u010dn\u00ed krize.<\/span><\/p>\n<p><span>V roce 2023 \u0158ecko uvedlo, \u017ee jen v roce 2022 zastavilo\u00a0<\/span><a href=\"https:\/\/rmx.news\/crime\/greece-stopped-260000-illegal-migrants-from-entering-europe-in-2022\/\"><span>vstup 260 000 neleg\u00e1ln\u00edch migrant\u016f do Evropy<\/span><\/a><span>\u00a0. Krom\u011b toho bylo v roce 2022 \u0159eck\u00fdmi \u00fa\u0159ady zat\u010deno tak\u00e9 p\u0159ibli\u017en\u011b 1 500 pa\u0161er\u00e1k\u016f lid\u00ed.<\/span><\/p>\n<p><img decoding=\"async\" loading=\"lazy\" class=\"alignnone size-full wp-image-71983\" src=\"http:\/\/www.infokuryr.cz\/n\/wp-content\/uploads\/2025\/02\/aaa.jpg\" alt=\"\" width=\"89\" height=\"23\" \/><\/p>\n<p>&nbsp;<\/p>\n<p>&nbsp;<\/p>\n","protected":false},"excerpt":{"rendered":"<p>\u0158eck\u00fd ministr pro migraci dal jasn\u011b najevo, \u017ee \u0158ecko nebude p\u0159ij\u00edmat vracej\u00edc\u00ed se migranty, ale&#8230;<\/p>\n","protected":false},"author":2,"featured_media":73727,"comment_status":"closed","ping_status":"closed","sticky":false,"template":"","format":"standard","meta":[],"categories":[7],"tags":[283,989,539],"_links":{"self":[{"href":"https:\/\/www.infokuryr.cz\/n\/wp-json\/wp\/v2\/posts\/73726"}],"collection":[{"href":"https:\/\/www.infokuryr.cz\/n\/wp-json\/wp\/v2\/posts"}],"about":[{"href":"https:\/\/www.infokuryr.cz\/n\/wp-json\/wp\/v2\/types\/post"}],"author":[{"embeddable":true,"href":"https:\/\/www.infokuryr.cz\/n\/wp-json\/wp\/v2\/users\/2"}],"replies":[{"embeddable":true,"href":"https:\/\/www.infokuryr.cz\/n\/wp-json\/wp\/v2\/comments?post=73726"}],"version-history":[{"count":0,"href":"https:\/\/www.infokuryr.cz\/n\/wp-json\/wp\/v2\/posts\/73726\/revisions"}],"wp:featuredmedia":[{"embeddable":true,"href":"https:\/\/www.infokuryr.cz\/n\/wp-json\/wp\/v2\/media\/73727"}],"wp:attachment":[{"href":"https:\/\/www.infokuryr.cz\/n\/wp-json\/wp\/v2\/media?parent=73726"}],"wp:term":[{"taxonomy":"category","embeddable":true,"href":"https:\/\/www.infokuryr.cz\/n\/wp-json\/wp\/v2\/categories?post=73726"},{"taxonomy":"post_tag","embeddable":true,"href":"https:\/\/www.infokuryr.cz\/n\/wp-json\/wp\/v2\/tags?post=73726"}],"curies":[{"name":"wp","href":"https:\/\/api.w.org\/{rel}","templated":true}]}}