{"id":73708,"date":"2025-03-06T00:11:44","date_gmt":"2025-03-05T23:11:44","guid":{"rendered":"https:\/\/www.infokuryr.cz\/n\/?p=73708"},"modified":"2025-03-05T14:39:55","modified_gmt":"2025-03-05T13:39:55","slug":"palestinsti-rukojmi-propusteni-se-zjevnymi-jizvami-po-muceni-zapadni-tisk-ho-ignoruje","status":"publish","type":"post","link":"https:\/\/www.infokuryr.cz\/n\/2025\/03\/06\/palestinsti-rukojmi-propusteni-se-zjevnymi-jizvami-po-muceni-zapadni-tisk-ho-ignoruje\/","title":{"rendered":"Palestin\u0161t\u00ed rukojm\u00ed propu\u0161t\u011bni se zjevn\u00fdmi jizvami po mu\u010den\u00ed! Z\u00e1padn\u00ed tisk ho ignoruje"},"content":{"rendered":"<div id=\"fb-root\"><\/div>\n<div class=\"elementor-element elementor-element-1fb4c2c elementor-widget elementor-widget-theme-post-content\" data-id=\"1fb4c2c\" data-element_type=\"widget\" data-widget_type=\"theme-post-content.default\">\n<div class=\"elementor-widget-container\">\n<p><strong>Pokud by se izraelsk\u00e9 rukojm\u00ed vr\u00e1tilo s t\u011bmito zn\u00e1mkami mu\u010den\u00ed, cel\u00e1 z\u00e1padn\u00ed politick\u00e1 a medi\u00e1ln\u00ed t\u0159\u00edda by po\u017eadovala, aby byli v\u0161ichni lid\u00e9 v Gaze vyhlazeni jedovat\u00fdm plynem.<\/strong><\/p>\n<p><span>Palestinec dr\u017een\u00fd v zajet\u00ed Izraele p\u0159es rok byl propu\u0161t\u011bn s d\u011bsiv\u00fdmi jizvami po cel\u00e9m t\u011ble. Mu\u017e, Mohammed Abu Tawila, \u0159ekl m\u00edstn\u00edm m\u00e9di\u00edm, \u017ee jizvy byly zp\u016fsobeny t\u00edm, \u017ee jeho v\u011bznitel\u00e9 polili jeho k\u016f\u017ei kyselinou a dal\u0161\u00edmi chemik\u00e1liemi, aby ho mu\u010dili. Jedno z jeho o\u010d\u00ed bylo tak\u00e9 zni\u010deno, \u00fadajn\u011b brut\u00e1ln\u00edm bit\u00edm.<\/span><\/p>\n<p><span>Mysl\u00edte si, \u017ee jste vid\u011bli to nejhor\u0161\u00ed, co je v t\u00e9to st\u00e1le se roz\u0161i\u0159uj\u00edc\u00ed no\u010dn\u00ed m\u016f\u0159e k vid\u011bn\u00ed, a pak\u00a0<a href=\"https:\/\/x.com\/MosabAbuToha\/status\/1894986101959598219\" target=\"_blank\" rel=\"noreferrer noopener\">uvid\u00edte\u00a0<\/a><\/span><a href=\"https:\/\/x.com\/translatingpal\/status\/1894471492424843508\" target=\"_blank\" rel=\"noreferrer noopener\"><span>n\u011bco<\/span><\/a><span>\u00a0takov\u00e9ho\u00a0.<\/span><\/p>\n<div class=\"wp-block-image\">\n<figure class=\"aligncenter size-large\"><img decoding=\"async\" loading=\"lazy\" class=\"aligncenter\" src=\"https:\/\/i0.wp.com\/caitlinjohnstone.com.au\/wp-content\/uploads\/2025\/02\/screenshot-2025-02-28-at-23.03.44.png?w=800&amp;ssl=1\" alt=\"\" width=\"708\" height=\"981\" data-recalc-dims=\"1\" \/><\/figure>\n<\/div>\n<p><span>A z\u00e1padn\u00ed tisk k tomu samoz\u0159ejm\u011b nem\u00e1 co \u0159\u00edci. Pokud by se izraelsk\u00e9 rukojm\u00ed vr\u00e1tilo s t\u011bmito zn\u00e1mkami mu\u010den\u00ed, cel\u00e1 z\u00e1padn\u00ed politick\u00e1 a medi\u00e1ln\u00ed t\u0159\u00edda by po\u017eadovala, aby byli v\u0161ichni lid\u00e9 v Gaze vyhlazeni jedovat\u00fdm plynem. Ale je to Palestinec, tak\u017ee ho ignoruj\u00ed.<\/span><\/p>\n<p><span>\u2756<\/span><\/p>\n<p><span>Je zvl\u00e1\u0161tn\u00ed, jak izraelsk\u00ed p\u0159\u00edznivci jen p\u0159edst\u00edraj\u00ed, \u017ee v\u011b\u0159\u00ed naprost\u00fdm nesmysl\u016fm, aby prosadili izraelskou agendu. Ach ano, Hamas tyto zrzky u\u0161krtil hol\u00fdma rukama! OMG, Hamas usekl hlavy d\u011btem a op\u00e9kal je v pec\u00edch! Ale ne, Jeremy Corbyn je nacista! My t\u011bmto v\u011bcem prost\u011b v\u011b\u0159\u00edme!<\/span><\/p>\n<p><span>A je\u0161t\u011b podivn\u011bj\u0161\u00ed je, \u017ee o\u010dek\u00e1vaj\u00ed, \u017ee budete p\u0159edst\u00edrat, \u017ee jim v\u011b\u0159\u00edte, a ne jen p\u0159edst\u00edrat. Pokud \u0159eknete n\u011bco jako: &#8222;Dob\u0159e, ale nikdo ve skute\u010dnosti nev\u011b\u0159\u00ed, \u017ee se Hamas skr\u00fdv\u00e1 v ka\u017ed\u00e9 nemocnici v Gaze,&#8220; budou \u0161\u00edlet. Pokud pouk\u00e1\u017eete na to, \u017ee je mnohem pravd\u011bpodobn\u011bj\u0161\u00ed, \u017ee rodina Bibasov\u00fdch byla zabita izraelsk\u00fdmi n\u00e1lety v oblasti, kde jsou \u017eeny a d\u011bti zab\u00edjeny izraelsk\u00fdmi n\u00e1lety ka\u017ed\u00fd den, ne\u017e \u017ee izraelsk\u00e1 vl\u00e1da \u0159\u00edk\u00e1 pravdu o n\u011b\u010dem, o \u010dem neust\u00e1le l\u017ee, kdy\u017e se bl\u00ed\u017e\u00ed kritick\u00fd term\u00edn p\u0159\u00edm\u011b\u0159\u00ed, budete se hem\u017eit izraelsk\u00fdmi p\u0159\u00edznivci, kte\u0159\u00ed budou nejen p\u0159edst\u00edrat, \u017ee si jsou naprosto jist\u00ed, \u017ee je tak\u00e9 zavra\u017edil Ham\u00e1s, ale tak\u00e9 po\u017eaduj\u00ed, aby v\u00e1s zavra\u017edil Ham\u00e1s.<\/span><\/p>\n<p><span>Je to tak hloup\u00e9. Tihle podiv\u00edni hraj\u00ed tyhle sm\u011b\u0161n\u00e9 hry, kde p\u0159edst\u00edraj\u00ed, \u017ee jsou pobou\u0159eni n\u011bjakou vymy\u0161lenou propagandou zv\u011brstev nebo se c\u00edt\u00ed \u201enebezpe\u010dn\u00ed\u201c kv\u016fli n\u011bjak\u00e9 zcela vymy\u0161len\u00e9 antisemitsk\u00e9 krizi, a ka\u017ed\u00fd v\u00ed, \u017ee jsou pln\u00e9 sra\u010dek, ale my m\u00e1me p\u0159edst\u00edrat, \u017ee to nev\u00edme, nebo \u017ee jsme nejhor\u0161\u00ed lid\u00e9 ve vesm\u00edru.<\/span><\/p>\n<p><span>To je parta dosp\u011bl\u00fdch lid\u00ed, kte\u0159\u00ed se v\u00e1lej\u00ed po podlaze a maj\u00ed manipulativn\u00ed z\u00e1chvaty vzteku nad vymy\u0161len\u00fdmi nesmysly a pak se zlob\u00ed na ka\u017ed\u00e9ho, kdo jejich z\u00e1chvaty nebere v\u00e1\u017en\u011b. Je to jako, no tak. M\u00edt n\u011bjakou d\u016fstojnost. Kde je va\u0161e sebe\u00facta? Opravdu stoj\u00ed za to, abychom se takto poni\u017eovali prosazov\u00e1n\u00ed informa\u010dn\u00edch z\u00e1jm\u016f Izraele a usnad\u0148ov\u00e1n\u00ed ciz\u00edch z\u00e1bor\u016f p\u016fdy?<\/span><\/p>\n<p><span>Tohle je skoro ta nej\u0161\u00edlen\u011bj\u0161\u00ed a nejtrapn\u011bj\u0161\u00ed v\u011bc, jakou jsem kdy vid\u011bl.<\/span><\/p>\n<p><span>\u2756<\/span><\/p>\n<p><span>Jo, a skromn\u00fd post\u0159eh: Pokud se kv\u016fli lidem protestuj\u00edc\u00edm proti genocid\u011b a etnick\u00fdm \u010distk\u00e1m c\u00edt\u00edte \u201enebezpe\u010dn\u00ed\u201c, pak jste mo\u017en\u00e1 ten zatracen\u00fd probl\u00e9m vy.<\/span><\/p>\n<p><span>\u2756<\/span><\/p>\n<p><em><span>Vtip je v tom, \u017ee by mi n\u011bkdo m\u011bl poslat elektronick\u00e9 za\u0159\u00edzen\u00ed vybaven\u00e9 v\u00fdbu\u0161ninami a zavra\u017edit m\u011b kv\u016fli m\u00fdm politick\u00fdm n\u00e1zor\u016fm. Izrael\u0161t\u00ed p\u0159\u00edznivci tento vtip miluj\u00ed. Povy\u0161uj\u00ed ho nad ka\u017ed\u00e9ho, kdo kritizuje Izrael. Mysl\u00ed si, \u017ee je to ta nejz\u00e1bavn\u011bj\u0161\u00ed v\u011bc, kter\u00e1 se kdy stala.<\/span><\/em><\/p>\n<div class=\"wp-block-image\">\n<figure class=\"aligncenter size-large\"><img decoding=\"async\" loading=\"lazy\" class=\"aligncenter\" src=\"https:\/\/i0.wp.com\/caitlinjohnstone.com.au\/wp-content\/uploads\/2025\/02\/screenshot-2025-02-28-at-23.03.57.png?w=800&amp;ssl=1\" alt=\"\" width=\"708\" height=\"555\" data-recalc-dims=\"1\" \/><\/figure>\n<\/div>\n<p><span>\u2756<\/span><\/p>\n<p><span>Jeff Bezos pr\u00e1v\u011b\u00a0<\/span><a href=\"https:\/\/x.com\/JeffBezos\/status\/1894757287052362088\" target=\"_blank\" rel=\"noreferrer noopener\"><span>ozn\u00e1mil<\/span><\/a><span>\u00a0, \u017ee z\u00e1sadn\u011b zm\u011bn\u00ed n\u00e1zorov\u00e9 str\u00e1nky Washington Post: &#8222;Budeme ps\u00e1t ka\u017ed\u00fd den na podporu a obranu dvou pil\u00ed\u0159\u016f: osobn\u00edch svobod a voln\u00e9ho trhu.&#8220;<\/span><\/p>\n<p><span>Jin\u00fdmi slovy, nech\u00e1 n\u00e1zorov\u00e9 str\u00e1nky sv\u00e9ho zpravodajsk\u00e9ho magaz\u00ednu ovl\u00e1dnout lidi, kte\u0159\u00ed argumentuj\u00ed nespoutan\u00fdm kapitalismem. Jeden z nejbohat\u0161\u00edch lid\u00ed na sv\u011bt\u011b koupil jedny z nejvlivn\u011bj\u0161\u00edch novin na sv\u011bt\u011b s c\u00edlem ud\u011blat z nich je\u0161t\u011b v\u011bt\u0161\u00ed kapitalistick\u00fd propagandistick\u00fd list, ne\u017e byl.<\/span><\/p>\n<p><span>\u2756<\/span><\/p>\n<p><span>Po \u010dty\u0159ech letech a m\u011bs\u00edci sledov\u00e1n\u00ed chov\u00e1n\u00ed Trumpov\u00fdch p\u0159\u00edznivc\u016f, kdy\u017e je jejich kultovn\u00ed v\u016fdce u moci, mohu s jistotou \u0159\u00edci, \u017ee ospravedln\u00ed v\u0161e, co jejich prezident ud\u011bl\u00e1. Doslova v\u0161echno. Maj\u00ed celou \u0159adu v\u00fdmluv, kter\u00fdmi prost\u011b proch\u00e1zej\u00ed, dokud nenajdou takovou, kter\u00e1 jim d\u00e1v\u00e1 smysl. V\u00fdmluvy, kter\u00fdmi ospravedl\u0148uj\u00ed ka\u017ed\u00fd o\u0161kliv\u00fd \u010din sv\u00e9ho prezidenta, jsou n\u00e1sleduj\u00edc\u00ed:<\/span><\/p>\n<p><span>1. To, co ud\u011blal Trump, je dobr\u00e9.<\/span><\/p>\n<p><span>2. Pokud to, co ud\u011blal Trump, nen\u00ed dobr\u00e9, pak to byl vlastn\u011b geni\u00e1ln\u00ed strategick\u00fd 4D \u0161achov\u00fd man\u00e9vr, kter\u00fd bude dlouhodob\u011b slou\u017eit obecn\u00e9mu dobru.<\/span><\/p>\n<p><span>3. Pokud z toho dlouhodob\u011b nic dobr\u00e9ho nevzejde, tak jen trolloval.<\/span><\/p>\n<p><span>4. Pokud to nebyl jen troll, tak ho k tomu Deep State donutil. Nem\u016f\u017ee\u0161 se jen tak postavit Deep State, v\u00ed\u0161 co jsi za naivn\u00edho idiota?<\/span><\/p>\n<p><span>\u2756<\/span><\/p>\n<p><span>Amnesty International ofici\u00e1ln\u011b\u00a0<\/span><a href=\"https:\/\/www.amnesty.org.au\/australian-universities-decision-to-adopt-contested-definition-of-antisemitism-is-an-attempt-to-stifle-freedom-of-expression-across-campuses-nationwide\/\" target=\"_blank\" rel=\"noreferrer noopener\"><span>odsoudila australsk\u00e9 univerzity za p\u0159ijet\u00ed \u0161\u00edlen\u00e9 a jazykov\u011b nep\u0159\u00e1telsk\u00e9 definice antisemitismu na podporu izraelsk\u00fdch pl\u00e1n\u016f na etnick\u00e9 \u010distky. To je alespo\u0148 n\u011bco.<\/span><\/a><\/p>\n<p><em>Caitlin Johnstoneov\u00e1<\/em><\/p>\n<\/div>\n<\/div>\n<div class=\"elementor-element elementor-element-8c57238 quelle dc-has-condition dc-condition-empty elementor-widget elementor-widget-heading\" data-id=\"8c57238\" data-element_type=\"widget\" data-widget_type=\"heading.default\">\n<div class=\"elementor-widget-container\">\n<h3 class=\"elementor-heading-title elementor-size-default\"><span style=\"font-size: 10pt;\"><a href=\"https:\/\/caitlinjohnstone.com.au\/2025\/02\/28\/palestinian-hostage-released-with-obvious-torture-scars-western-press-ignores-him\/\" target=\"_blank\" rel=\"nofollow noopener\">Zdroj<\/a><\/span><\/h3>\n<p>&nbsp;<\/p>\n<\/div>\n<\/div>\n","protected":false},"excerpt":{"rendered":"<p>Pokud by se izraelsk\u00e9 rukojm\u00ed vr\u00e1tilo s t\u011bmito zn\u00e1mkami mu\u010den\u00ed, cel\u00e1 z\u00e1padn\u00ed politick\u00e1 a medi\u00e1ln\u00ed&#8230;<\/p>\n","protected":false},"author":2,"featured_media":73709,"comment_status":"closed","ping_status":"closed","sticky":false,"template":"","format":"standard","meta":[],"categories":[7],"tags":[158,625,313,92],"_links":{"self":[{"href":"https:\/\/www.infokuryr.cz\/n\/wp-json\/wp\/v2\/posts\/73708"}],"collection":[{"href":"https:\/\/www.infokuryr.cz\/n\/wp-json\/wp\/v2\/posts"}],"about":[{"href":"https:\/\/www.infokuryr.cz\/n\/wp-json\/wp\/v2\/types\/post"}],"author":[{"embeddable":true,"href":"https:\/\/www.infokuryr.cz\/n\/wp-json\/wp\/v2\/users\/2"}],"replies":[{"embeddable":true,"href":"https:\/\/www.infokuryr.cz\/n\/wp-json\/wp\/v2\/comments?post=73708"}],"version-history":[{"count":0,"href":"https:\/\/www.infokuryr.cz\/n\/wp-json\/wp\/v2\/posts\/73708\/revisions"}],"wp:featuredmedia":[{"embeddable":true,"href":"https:\/\/www.infokuryr.cz\/n\/wp-json\/wp\/v2\/media\/73709"}],"wp:attachment":[{"href":"https:\/\/www.infokuryr.cz\/n\/wp-json\/wp\/v2\/media?parent=73708"}],"wp:term":[{"taxonomy":"category","embeddable":true,"href":"https:\/\/www.infokuryr.cz\/n\/wp-json\/wp\/v2\/categories?post=73708"},{"taxonomy":"post_tag","embeddable":true,"href":"https:\/\/www.infokuryr.cz\/n\/wp-json\/wp\/v2\/tags?post=73708"}],"curies":[{"name":"wp","href":"https:\/\/api.w.org\/{rel}","templated":true}]}}