{"id":73702,"date":"2025-03-05T05:36:48","date_gmt":"2025-03-05T04:36:48","guid":{"rendered":"https:\/\/www.infokuryr.cz\/n\/?p=73702"},"modified":"2025-03-05T05:36:48","modified_gmt":"2025-03-05T04:36:48","slug":"usa-a-rusko-uzavrely-dohodu-o-jednani-s-iranem","status":"publish","type":"post","link":"https:\/\/www.infokuryr.cz\/n\/2025\/03\/05\/usa-a-rusko-uzavrely-dohodu-o-jednani-s-iranem\/","title":{"rendered":"USA a Rusko uzav\u0159ely dohodu o jedn\u00e1n\u00ed s \u00cdr\u00e1nem"},"content":{"rendered":"<div id=\"fb-root\"><\/div>\n<h3>Prezident Donald Trump zp\u0159\u00edsnil sankce v\u016f\u010di Teher\u00e1nu, ale tak\u00e9 projevil z\u00e1jem o dohodu o jeho jadern\u00e9m programu<\/h3>\n<p><span>Washington a Moskva se rozhodly uspo\u0159\u00e1dat samostatn\u00e9 rozhovory zam\u011b\u0159en\u00e9 na \u00cdr\u00e1n b\u011bhem jedn\u00e1n\u00ed na vysok\u00e9 \u00farovni v Rij\u00e1du minul\u00fd m\u011bs\u00edc, \u0159ekl zahrani\u010dn\u011bpolitick\u00fd poradce rusk\u00e9ho prezidenta Vladimira Putina Jurij U\u0161akov.<\/span><\/p>\n<p><span>Vysoc\u00ed ameri\u010dt\u00ed a ru\u0161t\u00ed p\u0159edstavitel\u00e9 se v \u00fanoru setkali v Sa\u00fadsk\u00e9 Ar\u00e1bii p\u0159i prvn\u00edch velk\u00fdch rozhovorech mezi t\u011bmito dv\u011bma supervelmocemi od eskalace ukrajinsk\u00e9ho konfliktu v roce 2022.<\/span><\/p>\n<p><em><span>\u201eAno, diskutovali jsme o situaci kolem \u00cdr\u00e1nu. A dohodli jsme se, \u017ee o t\u00e9to z\u00e1le\u017eitosti povedeme samostatn\u00e1 jedn\u00e1n\u00ed,\u201c<\/span><\/em><span>\u00a0\u0159ekl Ushakov v \u00fater\u00fd tisku, kdy\u017e byl dot\u00e1z\u00e1n na zpr\u00e1vy z\u00e1padn\u00edch m\u00e9di\u00ed v tomto smyslu.<\/span><\/p>\n<p><span>Dodal, \u017ee zat\u00edm nen\u00ed dohodnuto \u017e\u00e1dn\u00e9 p\u0159esn\u00e9 datum jedn\u00e1n\u00ed.<\/span><\/p>\n<p><span>Americk\u00fd prezident Donald Trump uvalil na \u00cdr\u00e1n p\u0159\u00edsn\u011bj\u0161\u00ed sankce a propagoval n\u00e1vrat ke sv\u00e9 kampani\u00a0<\/span><em><span>\u201emaxim\u00e1ln\u00edho tlaku\u201c<\/span><\/em><span>\u00a0na \u00cdr\u00e1n ve snaze naru\u0161it jeho jadern\u00fd program, s\u00ed\u0165 region\u00e1ln\u00edch z\u00e1stupc\u016f a schopnosti konven\u010dn\u00edch zbran\u00ed. Z\u00e1rove\u0148 projevil z\u00e1jem o p\u0159ehodnocen\u00ed jadern\u00e9 dohody s Teher\u00e1nem.<\/span><\/p>\n<p><span>V roce 2015 \u00cdr\u00e1n podepsal Spole\u010dn\u00fd komplexn\u00ed ak\u010dn\u00ed pl\u00e1n se sv\u011btov\u00fdmi mocnostmi a souhlasil s omezen\u00edm sv\u00e9ho jadern\u00e9ho programu v\u00fdm\u011bnou za uvoln\u011bn\u00ed sankc\u00ed, ale Trump b\u011bhem sv\u00e9ho prvn\u00edho prezidentstv\u00ed jednostrann\u011b odstoupil od dohody s USA. V reakci na to Teher\u00e1n ustoupil od jadern\u00e9 dohody.<\/span><\/p>\n<p><span>N\u011bmecko, Francie a Spojen\u00e9 kr\u00e1lovstv\u00ed po\u017eaduj\u00ed, aby se \u00cdr\u00e1n v nadch\u00e1zej\u00edc\u00edch m\u011bs\u00edc\u00edch v revidovan\u00e9 dohod\u011b vzdal sv\u00e9ho jadern\u00e9ho programu pod hrozbou dal\u0161\u00edch sankc\u00ed, \u0159ekl minul\u00fd t\u00fdden britsk\u00fd velvyslanec v Izraeli Simon Walters.<\/span><\/p>\n<p><span>V posledn\u00edch n\u011bkolika letech byl \u00cdr\u00e1n obvi\u0148ov\u00e1n z navy\u0161ov\u00e1n\u00ed v\u00fdroby uranu p\u0159ed vyd\u00e1n\u00edm zbran\u00ed, co\u017e Teher\u00e1n pop\u0159el.<\/span><\/p>\n<p><em><span>\u201e\u00cdr\u00e1nsk\u00fd jadern\u00fd program je v mezin\u00e1rodn\u00edch r\u00e1mc\u00edch\u201c,<\/span><\/em><span>\u00a0dohod\u00e1ch a smlouv\u011b o ne\u0161\u00ed\u0159en\u00ed jadern\u00fdch zbran\u00ed a Mezin\u00e1rodn\u00ed agentura pro atomovou energii m\u00e1 v\u0161echna\u00a0<\/span><em><span>\u201enezbytn\u00e1 za\u0159\u00edzen\u00ed\u201c<\/span><\/em><span> pro jeho sledov\u00e1n\u00ed, zd\u016fraznila v pond\u011bl\u00ed na tiskov\u00e9 konferenci mluv\u010d\u00ed \u00edr\u00e1nsk\u00e9ho ministerstva zahrani\u010d\u00ed Esma&#8217;eel Baqayi.<\/span><\/p>\n<p><img decoding=\"async\" loading=\"lazy\" class=\"alignnone size-full wp-image-71983\" src=\"http:\/\/www.infokuryr.cz\/n\/wp-content\/uploads\/2025\/02\/aaa.jpg\" alt=\"\" width=\"89\" height=\"23\" \/><\/p>\n<p>&nbsp;<\/p>\n","protected":false},"excerpt":{"rendered":"<p>Prezident Donald Trump zp\u0159\u00edsnil sankce v\u016f\u010di Teher\u00e1nu, ale tak\u00e9 projevil z\u00e1jem o dohodu o jeho&#8230;<\/p>\n","protected":false},"author":2,"featured_media":64441,"comment_status":"closed","ping_status":"closed","sticky":false,"template":"","format":"standard","meta":[],"categories":[7],"tags":[924,38,22,37],"_links":{"self":[{"href":"https:\/\/www.infokuryr.cz\/n\/wp-json\/wp\/v2\/posts\/73702"}],"collection":[{"href":"https:\/\/www.infokuryr.cz\/n\/wp-json\/wp\/v2\/posts"}],"about":[{"href":"https:\/\/www.infokuryr.cz\/n\/wp-json\/wp\/v2\/types\/post"}],"author":[{"embeddable":true,"href":"https:\/\/www.infokuryr.cz\/n\/wp-json\/wp\/v2\/users\/2"}],"replies":[{"embeddable":true,"href":"https:\/\/www.infokuryr.cz\/n\/wp-json\/wp\/v2\/comments?post=73702"}],"version-history":[{"count":0,"href":"https:\/\/www.infokuryr.cz\/n\/wp-json\/wp\/v2\/posts\/73702\/revisions"}],"wp:featuredmedia":[{"embeddable":true,"href":"https:\/\/www.infokuryr.cz\/n\/wp-json\/wp\/v2\/media\/64441"}],"wp:attachment":[{"href":"https:\/\/www.infokuryr.cz\/n\/wp-json\/wp\/v2\/media?parent=73702"}],"wp:term":[{"taxonomy":"category","embeddable":true,"href":"https:\/\/www.infokuryr.cz\/n\/wp-json\/wp\/v2\/categories?post=73702"},{"taxonomy":"post_tag","embeddable":true,"href":"https:\/\/www.infokuryr.cz\/n\/wp-json\/wp\/v2\/tags?post=73702"}],"curies":[{"name":"wp","href":"https:\/\/api.w.org\/{rel}","templated":true}]}}