{"id":73699,"date":"2025-03-05T05:17:34","date_gmt":"2025-03-05T04:17:34","guid":{"rendered":"https:\/\/www.infokuryr.cz\/n\/?p=73699"},"modified":"2025-03-05T05:17:34","modified_gmt":"2025-03-05T04:17:34","slug":"trump-cas-ukoncit-nesmyslny-konflikt-na-ukrajine","status":"publish","type":"post","link":"https:\/\/www.infokuryr.cz\/n\/2025\/03\/05\/trump-cas-ukoncit-nesmyslny-konflikt-na-ukrajine\/","title":{"rendered":"Trump: \u010cas ukon\u010dit \u201enesmysln\u00fd\u201c konflikt na Ukrajin\u011b"},"content":{"rendered":"<div id=\"fb-root\"><\/div>\n<h3>Americk\u00fd prezident \u0159ekl, \u017ee \u201ene\u00fanavn\u011b\u201c pracuje na zastaven\u00ed krveprolit\u00ed<\/h3>\n<p><span>Americk\u00fd prezident Donald Trump potvrdil, \u017ee je odhodl\u00e1n zprost\u0159edkovat p\u0159\u00edm\u011b\u0159\u00ed mezi Ukrajinou a Ruskem.\u00a0<\/span><strong><br \/>\n<\/strong><\/p>\n<p><span>Ve sv\u00e9m projevu k ob\u011bma komor\u00e1m Kongresu v \u00fater\u00fd ve\u010der zd\u016fraznil d\u016fle\u017eitost ukon\u010den\u00ed nep\u0159\u00e1telstv\u00ed.<\/span><\/p>\n<p><em><span>\u201eMiliony Ukrajinc\u016f a Rus\u016f byly zbyte\u010dn\u011b zabity nebo zran\u011bny v tomto stra\u0161n\u00e9m a brut\u00e1ln\u00edm konfliktu, kter\u00fd nem\u00e1 \u017e\u00e1dn\u00fd konec,\u201c<\/span><\/em><span>\u00a0\u0159ekl a dodal, \u017ee\u00a0<\/span><em><span>\u201ene\u00fanavn\u011b pracuje\u201c<\/span><\/em><span>\u00a0na dosa\u017een\u00ed p\u0159\u00edm\u011b\u0159\u00ed.<\/span><\/p>\n<p><em><span>&#8222;Spojen\u00e9 st\u00e1ty poslaly stovky miliard dolar\u016f na podporu obrany Ukrajiny, bez zabezpe\u010den\u00ed, bez ni\u010deho&#8230; Chcete to udr\u017eet dal\u0161\u00edch p\u011bt let?&#8220;<\/span><\/em><\/p>\n<p><img decoding=\"async\" loading=\"lazy\" class=\"alignnone size-full wp-image-71983\" src=\"http:\/\/www.infokuryr.cz\/n\/wp-content\/uploads\/2025\/02\/aaa.jpg\" alt=\"\" width=\"89\" height=\"23\" \/><\/p>\n<p>&nbsp;<\/p>\n","protected":false},"excerpt":{"rendered":"<p>Americk\u00fd prezident \u0159ekl, \u017ee \u201ene\u00fanavn\u011b\u201c pracuje na zastaven\u00ed krveprolit\u00ed Americk\u00fd prezident Donald Trump potvrdil, \u017ee&#8230;<\/p>\n","protected":false},"author":2,"featured_media":73245,"comment_status":"closed","ping_status":"closed","sticky":false,"template":"","format":"standard","meta":[],"categories":[7],"tags":[565,452,26],"_links":{"self":[{"href":"https:\/\/www.infokuryr.cz\/n\/wp-json\/wp\/v2\/posts\/73699"}],"collection":[{"href":"https:\/\/www.infokuryr.cz\/n\/wp-json\/wp\/v2\/posts"}],"about":[{"href":"https:\/\/www.infokuryr.cz\/n\/wp-json\/wp\/v2\/types\/post"}],"author":[{"embeddable":true,"href":"https:\/\/www.infokuryr.cz\/n\/wp-json\/wp\/v2\/users\/2"}],"replies":[{"embeddable":true,"href":"https:\/\/www.infokuryr.cz\/n\/wp-json\/wp\/v2\/comments?post=73699"}],"version-history":[{"count":0,"href":"https:\/\/www.infokuryr.cz\/n\/wp-json\/wp\/v2\/posts\/73699\/revisions"}],"wp:featuredmedia":[{"embeddable":true,"href":"https:\/\/www.infokuryr.cz\/n\/wp-json\/wp\/v2\/media\/73245"}],"wp:attachment":[{"href":"https:\/\/www.infokuryr.cz\/n\/wp-json\/wp\/v2\/media?parent=73699"}],"wp:term":[{"taxonomy":"category","embeddable":true,"href":"https:\/\/www.infokuryr.cz\/n\/wp-json\/wp\/v2\/categories?post=73699"},{"taxonomy":"post_tag","embeddable":true,"href":"https:\/\/www.infokuryr.cz\/n\/wp-json\/wp\/v2\/tags?post=73699"}],"curies":[{"name":"wp","href":"https:\/\/api.w.org\/{rel}","templated":true}]}}