{"id":73673,"date":"2025-03-05T00:19:01","date_gmt":"2025-03-04T23:19:01","guid":{"rendered":"https:\/\/www.infokuryr.cz\/n\/?p=73673"},"modified":"2025-03-04T16:37:36","modified_gmt":"2025-03-04T15:37:36","slug":"izraelsky-ministr-obrany-usa-davaji-izraeli-zelenou-pro-neomezeny-pobyt-v-libanonu","status":"publish","type":"post","link":"https:\/\/www.infokuryr.cz\/n\/2025\/03\/05\/izraelsky-ministr-obrany-usa-davaji-izraeli-zelenou-pro-neomezeny-pobyt-v-libanonu\/","title":{"rendered":"Izraelsk\u00fd ministr obrany: USA d\u00e1vaj\u00ed Izraeli zelenou pro \u201eneomezen\u00fd\u201c pobyt v Libanonu"},"content":{"rendered":"<div id=\"fb-root\"><\/div>\n<div class=\"elementor-element elementor-element-1fb4c2c elementor-widget elementor-widget-theme-post-content\" data-id=\"1fb4c2c\" data-element_type=\"widget\" data-widget_type=\"theme-post-content.default\">\n<div class=\"elementor-widget-container\">\n<h3><span>Okupace ji\u017en\u00edho Libanonu nen\u00ed \u201e\u010dasov\u011b omezen\u00e1\u201c<\/span><\/h3>\n<p><span>Rozhodnut\u00ed Izraele pokra\u010dovat v okupaci \u00fazem\u00ed v ji\u017en\u00edm Libanonu po 18. \u00fanoru nebylo ofici\u00e1ln\u011b Spojen\u00fdmi st\u00e1ty komentov\u00e1no. Podle izraelsk\u00e9ho ministra obrany Israela Katze v\u0161ak Spojen\u00e9 st\u00e1ty daly \u201ezelenou\u201c setrv\u00e1n\u00ed vojensky v Libanonu na dobu neur\u010ditou.<\/span><\/p>\n<p><span>Izraelsk\u00e1 m\u00e9dia kolem uz\u00e1v\u011brky informovala, \u017ee USA podpo\u0159ily pokra\u010duj\u00edc\u00ed okupaci p\u011bti sledovac\u00edch stanovi\u0161\u0165 v ji\u017en\u00edm Libanonu. USA to v\u0161ak nikdy p\u0159\u00edmo nepotvrdily a skute\u010dnost, \u017ee Izrael z\u016fst\u00e1v\u00e1 v Libanonu, USA ofici\u00e1ln\u011b nekomentovaly.<\/span><\/p>\n<p><span>P\u0159\u00edm\u011b\u0159\u00ed, kter\u00e9 ukon\u010dilo izraelskou invazi do Libanonu, m\u011blo poskytnout 60denn\u00ed okno pro izraelsk\u00e9 sta\u017een\u00ed, kter\u00e9 by skon\u010dilo 26. ledna. USA garantovaly, \u017ee se Izrael do t\u00e9 doby st\u00e1hne, ale pot\u00e9 vyzvaly k prodlou\u017een\u00ed term\u00ednu do 18. \u00fanora. Podobn\u011b \u0159ekli, \u017ee 18. \u00fanor je pevn\u00e9 datum, kter\u00e9 nebude prodlou\u017eeno, ale pak p\u0159estali mluvit d\u00e1l.<\/span><\/p>\n<p><span>Izrael za\u010dal budovat sledovac\u00ed stanovi\u0161t\u011b na kopc\u00edch p\u0159ed 18. \u00fanorem a izraelsk\u00fd ministr zahrani\u010d\u00ed Gideon Sa&#8217;ar \u0159ekl, \u017ee \u201estrategick\u00e9 vysok\u00e9 body\u201c budou muset b\u00fdt do\u010dasn\u011b udr\u017eov\u00e1ny, dokud libanonsk\u00e1 arm\u00e1da nebude m\u00edt dostate\u010dnou kontrolu nad jihem.<\/span><\/p>\n<p><span>Katzovy koment\u00e1\u0159e vyvol\u00e1vaj\u00ed zna\u010dn\u00e9 pochybnosti, zda se nejedn\u00e1 o do\u010dasn\u00e9 pozice. U\u017e to neprezentoval jako n\u011bco, co souvis\u00ed s kontrolou oblasti libanonskou arm\u00e1dou, tvrdil pouze, \u017ee to \u201enen\u00ed \u010dasov\u011b v\u00e1z\u00e1no\u201c. Zd\u00e1 se, \u017ee Izrael z\u016fstane, jak dlouho bude cht\u00edt, a USA jsou s touto my\u0161lenkou v po\u0159\u00e1dku.<\/span><\/p>\n<p><span>Libanon nen\u00ed tak naklon\u011bn pokra\u010duj\u00edc\u00ed okupaci a odsoudil pokra\u010duj\u00edc\u00ed p\u0159\u00edtomnost Izraele v oblasti a vyzval USA a Francii, p\u016fvodn\u00ed garanty p\u0159\u00edm\u011b\u0159\u00ed, aby proti n\u011bmu zas\u00e1hly. Francie navrhla vyslat vlastn\u00ed voj\u00e1ky, aby nahradili Izraelce, ale Izrael odm\u00edtl.<\/span><\/p>\n<p><span>Libanonsk\u00e1 arm\u00e1da ozn\u00e1mila, \u017ee od sta\u017een\u00ed izraelsk\u00fdch jednotek z obydlen\u00fdch oblast\u00ed v ji\u017en\u00edm Libanonu nalezla \u0159adu skryt\u00fdch sledovac\u00edch za\u0159\u00edzen\u00ed, co\u017e zv\u00fd\u0161ilo libanonsk\u00e9 znepokojen\u00ed nad izraelskou okupac\u00ed zam\u011b\u0159enou na sledov\u00e1n\u00ed. Senzory a kamery byly \u00fadajn\u011b nalezeny ukryt\u00e9 ve stromech a mezi skalami v oblasti.<\/span><\/p>\n<p><span>V praxi p\u0159edstavuj\u00ed kamery men\u0161\u00ed probl\u00e9m ne\u017e izraelsk\u00e9 pozemn\u00ed jednotky, kter\u00e9 jsou st\u00e1le p\u0159\u00edtomny na libanonsk\u00e9m \u00fazem\u00ed pro \u00fa\u010dely sledov\u00e1n\u00ed. Ale i tyto kamery odr\u00e1\u017eej\u00ed realitu, ve kter\u00e9 je izraelsk\u00e9 vojensk\u00e9 sta\u017een\u00ed z Libanonu pouze prvn\u00edm krokem k ukon\u010den\u00ed sledovac\u00ed operace.<\/span><\/p>\n<p><em><strong>Jason Ditz<\/strong><\/em><\/p>\n<\/div>\n<\/div>\n<div class=\"elementor-element elementor-element-8c57238 quelle dc-has-condition dc-condition-empty elementor-widget elementor-widget-heading\" data-id=\"8c57238\" data-element_type=\"widget\" data-widget_type=\"heading.default\">\n<div class=\"elementor-widget-container\">\n<h3 class=\"elementor-heading-title elementor-size-default\"><span style=\"font-size: 10pt;\"><a href=\"https:\/\/news.antiwar.com\/2025\/02\/27\/israeli-dm-us-gave-israel-green-light-to-stay-in-lebanon-indefinitely\/\" target=\"_blank\" rel=\"nofollow noopener\">Zdroj<\/a><\/span><\/h3>\n<p>&nbsp;<\/p>\n<\/div>\n<\/div>\n","protected":false},"excerpt":{"rendered":"<p>Okupace ji\u017en\u00edho Libanonu nen\u00ed \u201e\u010dasov\u011b omezen\u00e1\u201c Rozhodnut\u00ed Izraele pokra\u010dovat v okupaci \u00fazem\u00ed v ji\u017en\u00edm Libanonu&#8230;<\/p>\n","protected":false},"author":2,"featured_media":59293,"comment_status":"closed","ping_status":"closed","sticky":false,"template":"","format":"standard","meta":[],"categories":[7],"tags":[107,405,111,37],"_links":{"self":[{"href":"https:\/\/www.infokuryr.cz\/n\/wp-json\/wp\/v2\/posts\/73673"}],"collection":[{"href":"https:\/\/www.infokuryr.cz\/n\/wp-json\/wp\/v2\/posts"}],"about":[{"href":"https:\/\/www.infokuryr.cz\/n\/wp-json\/wp\/v2\/types\/post"}],"author":[{"embeddable":true,"href":"https:\/\/www.infokuryr.cz\/n\/wp-json\/wp\/v2\/users\/2"}],"replies":[{"embeddable":true,"href":"https:\/\/www.infokuryr.cz\/n\/wp-json\/wp\/v2\/comments?post=73673"}],"version-history":[{"count":0,"href":"https:\/\/www.infokuryr.cz\/n\/wp-json\/wp\/v2\/posts\/73673\/revisions"}],"wp:featuredmedia":[{"embeddable":true,"href":"https:\/\/www.infokuryr.cz\/n\/wp-json\/wp\/v2\/media\/59293"}],"wp:attachment":[{"href":"https:\/\/www.infokuryr.cz\/n\/wp-json\/wp\/v2\/media?parent=73673"}],"wp:term":[{"taxonomy":"category","embeddable":true,"href":"https:\/\/www.infokuryr.cz\/n\/wp-json\/wp\/v2\/categories?post=73673"},{"taxonomy":"post_tag","embeddable":true,"href":"https:\/\/www.infokuryr.cz\/n\/wp-json\/wp\/v2\/tags?post=73673"}],"curies":[{"name":"wp","href":"https:\/\/api.w.org\/{rel}","templated":true}]}}