{"id":73651,"date":"2025-03-04T07:25:42","date_gmt":"2025-03-04T06:25:42","guid":{"rendered":"https:\/\/www.infokuryr.cz\/n\/?p=73651"},"modified":"2025-03-04T07:25:42","modified_gmt":"2025-03-04T06:25:42","slug":"sefka-narodniho-zpravodajstvi-usa-varovala-ze-eu-se-meni-na-totalitu-ktera-umlcuje-kazdeho-kdo-nechce-valku","status":"publish","type":"post","link":"https:\/\/www.infokuryr.cz\/n\/2025\/03\/04\/sefka-narodniho-zpravodajstvi-usa-varovala-ze-eu-se-meni-na-totalitu-ktera-umlcuje-kazdeho-kdo-nechce-valku\/","title":{"rendered":"\u0160\u00e9fka N\u00e1rodn\u00edho zpravodajstv\u00ed USA varovala, \u017ee EU se m\u011bn\u00ed na totalitu, kter\u00e1 uml\u010duje ka\u017ed\u00e9ho, kdo nechce v\u00e1lku!"},"content":{"rendered":"<div id=\"fb-root\"><\/div>\n<h4>\u0160\u00e9fka N\u00e1rodn\u00edho zpravodajstv\u00ed USA varovala, \u017ee EU se m\u011bn\u00ed na totalitu, kter\u00e1 uml\u010duje ka\u017ed\u00e9ho, kdo nechce v\u00e1lku! Schyluje se k separ\u00e1tn\u00edmu m\u00edru mezi USA a Ruskem? Zva\u017euje se zru\u0161en\u00ed sankc\u00ed na Rusko a Trump po\u017eaduje po Zelensk\u00e9m okam\u017eitou omluvu!\u00a0Summit o Ukrajin\u011b v Lond\u00fdn\u011b skon\u010dil fiaskem, \u00fa\u010dastn\u00edci se nedomluvili ani na p\u0159ed\u00e1n\u00ed zmrazen\u00fdch rusk\u00fdch aktiv Ukrajin\u011b!<\/h4>\n<p>Zelensk\u00e9ho p\u00e1te\u010dn\u00ed v\u00fdbuch v B\u00edl\u00e9m dom\u011b pomohl odhalit skute\u010dn\u00e9 pl\u00e1ny EU na pokra\u010dov\u00e1n\u00ed v\u00e1lky na Ukrajin\u011b. Spole\u010dn\u011b s vybran\u00fdmi zem\u011bmi NATO a EU se toti\u017e Ukrajina chyst\u00e1 pokra\u010dovat v sebezni\u010duj\u00edc\u00ed v\u00e1lce, a to podle nov\u00e9 \u0161\u00edlen\u00e9 doktr\u00edny\u00a0<strong>\u201c<em>k m\u00edru skrze s\u00edlu<\/em>\u201c<\/strong>\u00a0p\u0159evzat\u00e9 od Donalda Trumpa, kter\u00fd ale toto heslo prezentuje o pozn\u00e1n\u00ed jinak jako n\u00e1stroj k dotla\u010den\u00ed znep\u0159\u00e1telen\u00fdch stran k jednac\u00edmu stolu.<\/p>\n<p>EU si v\u0161ak toto heslo vysv\u011btlila tak, \u017ee EU ji\u017e bez asistence USA zah\u00e1j\u00ed obrovskou zbrojn\u00ed v\u00fdrobu v Evrop\u011b, kter\u00e1 zat\u00edm ani neexistuje, ale to zjevn\u011b nikomu nevad\u00ed. Skrze mohutn\u00e9 vyzbrojen\u00ed Ukrajiny pr\u00fd se m\u00e1 Rusko sesypat ze strachu a p\u0159istoupit na ukrajinsk\u00e9 m\u00edrov\u00e9 podm\u00ednky.<\/p>\n<div id=\"rumble_v6nuv9a\">\n<div id=\"vid_v6nuv9a\" class=\"rumble_v6nuv9a-Rumble-cls\" tabindex=\"-1\">\n<div class=\"bigPlayUI ctp\"><a href=\"https:\/\/rumble.com\/v6q2ry0-fka-nrodnho-zpravodajstv-usa-varovala-e-eu-se-mn-z-demokracie-na-totalitu.html\"><img decoding=\"async\" loading=\"lazy\" class=\"wp-image-73652 aligncenter\" src=\"http:\/\/www.infokuryr.cz\/n\/wp-content\/uploads\/2025\/03\/reditelka-300x166.jpg\" alt=\"\" width=\"573\" height=\"317\" srcset=\"https:\/\/www.infokuryr.cz\/n\/wp-content\/uploads\/2025\/03\/reditelka-300x166.jpg 300w, https:\/\/www.infokuryr.cz\/n\/wp-content\/uploads\/2025\/03\/reditelka-1024x567.jpg 1024w, https:\/\/www.infokuryr.cz\/n\/wp-content\/uploads\/2025\/03\/reditelka-768x425.jpg 768w, https:\/\/www.infokuryr.cz\/n\/wp-content\/uploads\/2025\/03\/reditelka.jpg 1030w\" sizes=\"(max-width: 573px) 100vw, 573px\" \/><\/a><\/p>\n<div class=\"bigPlayUIInner ctp\">\u0158editelka N\u00e1rodn\u00edho zpravodajstv\u00ed USA Tulsi Gabbardov\u00e1 to v ned\u011bli ozna\u010dila za zni\u010duj\u00edc\u00ed pl\u00e1n pro Ukrajinu, p\u0159i\u010dem\u017e upozornila na to, \u017ee EU se m\u011bn\u00ed v totalitu a nikdo nesm\u00ed \u0159\u00edct ani slovo proti v\u00e1lce, jinak je v EU uml\u010den, zav\u0159en, jsou zru\u0161eny v\u00fdsledky voleb, pokud vyhraje protiv\u00e1le\u010dn\u00fd kandid\u00e1t, jako se stalo v Rumunsku koncem minul\u00e9ho roku, prost\u011b evropsk\u00e9 elity ji\u017e nesd\u00edl\u00ed s USA podle Gabbardov\u00e9 hodnoty svobody a demokracie.<\/div>\n<\/div>\n<\/div>\n<\/div>\n<p>Jedin\u00fdm c\u00edlem je te\u010f v\u00e1lka na Ukrajin\u011b, a to proto, \u017ee EU nem\u00e1 \u017e\u00e1dn\u00fd jin\u00fd ekonomick\u00fd pl\u00e1n ne\u017e por\u00e1\u017eku Ruska a jeho n\u00e1sledn\u00e9 rozparcelov\u00e1n\u00ed. A kdy\u017e vsad\u00edte v\u0161e na jednu kartu, nem\u016f\u017eete od hry odej\u00edt, mus\u00edte pokra\u010dovat ve h\u0159e, proto\u017ee nem\u00e1te \u017e\u00e1dn\u00fd pl\u00e1n B a ani nic podobn\u00e9ho.<\/p>\n<h2>Trump se rozzu\u0159il na Zelensk\u00e9ho za jeho slova o tom, \u017ee m\u00edr na Ukrajin\u011b je velmi, velmi daleko<\/h2>\n<p>Donald Trump se mezit\u00edm rozzu\u0159il, kdy\u017e si p\u0159e\u010detl\u00a0<strong>[<a href=\"https:\/\/href.li\/?https:\/\/apnews.com\/article\/russia-ukraine-war-zelenskyy-starmer-trump-b025877c40ffe0ddf2a92adad1715231\" target=\"_blank\" rel=\"nofollow noopener\">1<\/a>]<\/strong>\u00a0posledn\u00ed v\u00fdroky Zelensk\u00e9ho z ned\u011ble, \u017ee konec v\u00e1lky je pr\u00fd velmi a velmi daleko.\u00a0Trump to uvedl na soci\u00e1ln\u00edch s\u00edt\u00edch v reakci na zpr\u00e1vy o Zelensk\u00e9ho koment\u00e1\u0159\u00edch. B\u00edl\u00fd d\u016fm uvedl, \u017ee chce od Zelensk\u00e9ho ve\u0159ejnou omluvu za p\u00e1te\u010dn\u00ed sporn\u00e9 setk\u00e1n\u00ed s Trumpem a viceprezidentem JD Vancem.<\/p>\n<p>\u201c<strong><em>Tohle je to nejhor\u0161\u00ed prohl\u00e1\u0161en\u00ed, kter\u00e9 mohl Zelenskyj pron\u00e9st, a Amerika si to u\u017e dlouho nenech\u00e1 l\u00edbit! To je to, co jsem \u0159\u00edkal. Ten chlap nechce, aby byl m\u00edr, dokud m\u00e1 podporu Ameriky<\/em><\/strong>,\u201d napsal Trump. \u201c<em>Evropa na sch\u016fzce se Zelensk\u00fdm na rovinu prohl\u00e1sila, \u017ee to bez USA nezvl\u00e1dne \u2013 Asi to nebylo zrovna skv\u011bl\u00e9 prohl\u00e1\u0161en\u00ed, kter\u00e9 m\u011blo b\u00fdt u\u010din\u011bno v r\u00e1mci demonstrace s\u00edly v\u016f\u010di Rusku. Co si vlastn\u011b mysl\u00ed?<\/em>\u201d dodal.<\/p>\n<div class=\"twitter-tweet twitter-tweet-rendered\"><iframe id=\"twitter-widget-0\" class=\"\" title=\"X Post\" src=\"https:\/\/platform.twitter.com\/embed\/Tweet.html?dnt=false&amp;embedId=twitter-widget-0&amp;features=eyJ0ZndfdGltZWxpbmVfbGlzdCI6eyJidWNrZXQiOltdLCJ2ZXJzaW9uIjpudWxsfSwidGZ3X2ZvbGxvd2VyX2NvdW50X3N1bnNldCI6eyJidWNrZXQiOnRydWUsInZlcnNpb24iOm51bGx9LCJ0ZndfdHdlZXRfZWRpdF9iYWNrZW5kIjp7ImJ1Y2tldCI6Im9uIiwidmVyc2lvbiI6bnVsbH0sInRmd19yZWZzcmNfc2Vzc2lvbiI6eyJidWNrZXQiOiJvbiIsInZlcnNpb24iOm51bGx9LCJ0ZndfZm9zbnJfc29mdF9pbnRlcnZlbnRpb25zX2VuYWJsZWQiOnsiYnVja2V0Ijoib24iLCJ2ZXJzaW9uIjpudWxsfSwidGZ3X21peGVkX21lZGlhXzE1ODk3Ijp7ImJ1Y2tldCI6InRyZWF0bWVudCIsInZlcnNpb24iOm51bGx9LCJ0ZndfZXhwZXJpbWVudHNfY29va2llX2V4cGlyYXRpb24iOnsiYnVja2V0IjoxMjA5NjAwLCJ2ZXJzaW9uIjpudWxsfSwidGZ3X3Nob3dfYmlyZHdhdGNoX3Bpdm90c19lbmFibGVkIjp7ImJ1Y2tldCI6Im9uIiwidmVyc2lvbiI6bnVsbH0sInRmd19kdXBsaWNhdGVfc2NyaWJlc190b19zZXR0aW5ncyI6eyJidWNrZXQiOiJvbiIsInZlcnNpb24iOm51bGx9LCJ0ZndfdXNlX3Byb2ZpbGVfaW1hZ2Vfc2hhcGVfZW5hYmxlZCI6eyJidWNrZXQiOiJvbiIsInZlcnNpb24iOm51bGx9LCJ0ZndfdmlkZW9faGxzX2R5bmFtaWNfbWFuaWZlc3RzXzE1MDgyIjp7ImJ1Y2tldCI6InRydWVfYml0cmF0ZSIsInZlcnNpb24iOm51bGx9LCJ0ZndfbGVnYWN5X3RpbWVsaW5lX3N1bnNldCI6eyJidWNrZXQiOnRydWUsInZlcnNpb24iOm51bGx9LCJ0ZndfdHdlZXRfZWRpdF9mcm9udGVuZCI6eyJidWNrZXQiOiJvbiIsInZlcnNpb24iOm51bGx9fQ%3D%3D&amp;frame=false&amp;hideCard=false&amp;hideThread=false&amp;id=1896602544618840468&amp;lang=cs&amp;origin=https%3A%2F%2Faeronet.news%2Fsefka-narodniho-zpravodajstvi-usa-varovala-ze-eu-se-meni-na-totalitu-ktera-umlcuje-kazdeho-kdo-nechce-valku-schyluje-se-k-separatnimu-miru-mezi-usa-a-ruskem-zvazuje-se-zruseni-sankci-na-rusko%2F&amp;sessionId=5fbbd1fdc777fdf44f0b6afe74b66b79a06c6ff4&amp;theme=light&amp;widgetsVersion=2615f7e52b7e0%3A1702314776716&amp;width=550px\" frameborder=\"0\" scrolling=\"no\" allowfullscreen=\"allowfullscreen\" data-tweet-id=\"1896602544618840468\" data-mce-fragment=\"1\"><\/iframe><\/div>\n<p dir=\"ltr\" lang=\"zxx\"><a href=\"https:\/\/href.li\/?https:\/\/t.co\/IUAW4TU7IQ\" target=\"_blank\" rel=\"nofollow noopener\">pic.twitter.com\/IUAW4TU7IQ<\/a><\/p>\n<p>\u2014 Rapid Response 47 (@RapidResponse47)\u00a0<a href=\"https:\/\/href.li\/?https:\/\/twitter.com\/RapidResponse47\/status\/1896602544618840468?ref_src=twsrc%5Etfw\" target=\"_blank\" rel=\"nofollow noopener\">March 3, 2025<\/a><\/p>\n<p>Trump rovn\u011b\u017e zva\u017euje zastav\u011bn\u00ed dod\u00e1vek zbran\u00ed, munice a pen\u011bz Ukrajin\u011b, p\u0159i\u010dem\u017e b\u011bhem pond\u011bln\u00edho ve\u010dera v USA se o tom m\u00e1 jednat v B\u00edl\u00e9m dom\u011b s bezpe\u010dnostn\u00edmi poradci. V pond\u011bl\u00ed rovn\u011b\u017e p\u0159inesl list\u00a0<em>Financial Times<\/em>\u00a0informace, \u017ee B\u00edl\u00fd d\u016fm ji\u017e d\u00e1v\u00e1 dohromady dokument, kter\u00fd zru\u0161\u00ed \u010d\u00e1st protirusk\u00fdch sankc\u00ed v r\u00e1mci zlep\u0161ov\u00e1n\u00ed vztah\u016f s Ruskem. Trump zkr\u00e1tka bez ohledu na Ukrajinu navazuje vztahy s Moskvou a podle v\u0161eho se zde rozv\u00edj\u00ed cesta k tzv.\u00a0<strong>separ\u00e1tn\u00edmu m\u00edru<\/strong>, tedy ukon\u010den\u00ed nep\u0159\u00e1telstv\u00ed pouze mezi USA a Ruskem, \u010d\u00edm\u017e by se lehce zopakoval a napodobil proces z roku 1917, se kter\u00fdm Rusko m\u00e1 ji\u017e historick\u00e9 zku\u0161enosti.<\/p>\n<div id=\"rumble_v6nv4d0\">\n<div id=\"vid_v6nv4d0\" class=\"rumble_v6nv4d0-Rumble-cls\" tabindex=\"-1\">\n<div class=\"bigPlayUI ctp\">\n<div class=\"bigPlayUIInner ctp\"><a href=\"https:\/\/rumble.com\/v6q311q-stanovisko-roberta-fica-k-plnu-eu-na-pokraovn-vlky-na-ukrajin.html\"><img decoding=\"async\" loading=\"lazy\" class=\"wp-image-73653 aligncenter\" src=\"http:\/\/www.infokuryr.cz\/n\/wp-content\/uploads\/2025\/03\/fico-video-300x165.jpg\" alt=\"\" width=\"627\" height=\"345\" srcset=\"https:\/\/www.infokuryr.cz\/n\/wp-content\/uploads\/2025\/03\/fico-video-300x165.jpg 300w, https:\/\/www.infokuryr.cz\/n\/wp-content\/uploads\/2025\/03\/fico-video-1024x564.jpg 1024w, https:\/\/www.infokuryr.cz\/n\/wp-content\/uploads\/2025\/03\/fico-video-768x423.jpg 768w, https:\/\/www.infokuryr.cz\/n\/wp-content\/uploads\/2025\/03\/fico-video.jpg 1035w\" sizes=\"(max-width: 627px) 100vw, 627px\" \/><\/a><\/div>\n<\/div>\n<\/div>\n<\/div>\n<p>A je jasn\u00e9, \u017ee separ\u00e1tn\u00ed m\u00edr tohoto typu bude likvida\u010dn\u00ed pro Ukrajinu i Evropskou unii, proto\u017ee USA se v r\u00e1mci separ\u00e1tn\u00ed dohody zav\u00e1\u017e\u00ed nevyzbrojovat a nefinancovat Ukrajinu. A podle v\u0161eho ani \u010dtvrte\u010dn\u00ed summit EU na tom nic nezm\u011bn\u00ed, proto\u017ee jednota se nenajde. Viktor Orb\u00e1n hodl\u00e1 dal\u0161\u00ed pen\u00edze pro Ukrajinu zablokovat a <strong>Robert Fico v podstat\u011b rovn\u011b\u017e. \u017d\u00e1dn\u00e1 EU jako celek, ale kdy\u017e financovat Ukrajinu, tak jenom bilater\u00e1ln\u011b, tedy ka\u017ed\u00e1 zem\u011b sama za sebe.<\/strong>\u00a0Robert Fico to na tiskovce \u0159ekl jasn\u011b. A z\u00e1zrak se nestal ani v ned\u011bli v Lond\u00fdn\u011b.<\/p>\n<h2>Banda v\u00e1le\u010dn\u00fdch \u0161tv\u00e1\u010d\u016f se fotila v Lond\u00fdn\u011b na schodech a Fiala se sna\u017eil schovat za Trudeaua<\/h2>\n<p>Ned\u011bln\u00ed summit o Ukrajin\u011b v Lond\u00fdn\u011b toti\u017e skon\u010dil naprost\u00fdm debaklem a fiaskem, kter\u00e9 na pam\u00e1tku zv\u011b\u010dnil fotograf na schodi\u0161ti, kde banda idiot\u016f a v\u00e1le\u010dn\u00fdch \u0161tv\u00e1\u010d\u016f p\u00f3zovala jako svat\u00ed na orloji, p\u0159i\u010dem\u017e Petr Fiala se marn\u011b sna\u017eil schovat za kanadsk\u00e9ho premi\u00e9ra Justina Trudeaua, aby nebyl vid\u011bt, proto\u017ee jako profesor tu\u0161\u00ed, \u017ee ta sch\u016fzka se dostane do u\u010debnic historie jako moment, kter\u00fd vedl ke zni\u010den\u00ed Evropsk\u00e9 unie.<\/p>\n<p>Sarkastick\u00e1 n\u00e1lada na fotografii nen\u00ed n\u00e1hodn\u00e1. Na summitu o Ukrajin\u011b, kdy \u0161pi\u010dky zem\u00ed tzv. koalice ochotn\u00fdch (v\u0161ehoschopn\u00fdch) zasedaly v s\u00e1le sestaven\u00e9m ze \u0161koln\u00edch lavic, se nevy\u0159e\u0161ilo nic, nedo\u0161lo k \u017e\u00e1dn\u00e9 dohod\u011b o vysl\u00e1n\u00ed vojsk, ani o zaji\u0161t\u011bn\u00ed zdroj\u016f pro Ukrajinu.<\/p>\n<p><img decoding=\"async\" loading=\"lazy\" class=\"aligncenter\" src=\"https:\/\/aeronet.news\/wp-content\/uploads\/IdiotsLondonUAsummit-1024x576.jpg\" width=\"615\" height=\"346\" \/><\/p>\n<figure id=\"attachment_62877\" class=\"wp-caption aligncenter\" style=\"width: 609px;\"><figcaption class=\"wp-caption-text\"><em>Skupinov\u00e9 foto v\u00e1le\u010dn\u00fdch \u0161tv\u00e1\u010d\u016f na schodi\u0161ti b\u00fdval\u00e9 konzervato\u0159e. Za dom\u00e1c\u00ed \u00fakol zkuste naj\u00edt schovanou fialu!<\/em><\/figcaption><\/figure>\n<p>Ani na t\u00e9to kritick\u00e9 sch\u016fzce v Lond\u00fdn\u011b se nepoda\u0159ilo dohodnout se na p\u0159ed\u00e1n\u00ed zmrazen\u00fdch rusk\u00fdch aktiv Ukrajin\u011b, proto\u017ee tomu br\u00e1n\u00ed hlavn\u011b N\u011bmecko a Francie, kter\u00e9 se boj\u00ed kolapsu sv\u00fdch bankovn\u00edch trh\u016f pro nalomen\u00ed d\u016fv\u011bry zahrani\u010dn\u00edch vkladatel\u016f a investor\u016f do bankovn\u00edho syst\u00e9mu v EU, a to zejm\u00e9na v N\u011bmecku a ve Francii.<\/p>\n<p>Ukrajina se sna\u017e\u00ed k t\u011bmto pen\u011bz\u016fm dostat, ale je zcela patrn\u00e9, \u017ee politici maj\u00ed strach z n\u00e1sledk\u016f, proto\u017ee ukraden\u00ed zmrazen\u00fdch pen\u011bz Rusku ve skute\u010dnosti znamen\u00e1 okraden\u00ed n\u011bkoho jin\u00e9ho. Nejde o pen\u00edze Ruska jako takov\u00e9ho, ale o pen\u00edze rusk\u00fdch korporac\u00ed a bank, jejich\u017e majetkov\u00e9 struktury Gazpromu a dal\u0161\u00edch rusk\u00fdch kolos\u016f vedou\u00a0<strong>k Evropsk\u00e9mu \u017eidovsk\u00e9mu kongresu, k Rusk\u00e9mu \u017eidovsk\u00e9mu kongresu, k Federaci \u017eidovsk\u00fdch obc\u00ed Ruska a p\u0159edev\u0161\u00edm k \u010dlen\u016fm rusk\u00e9ho klanu Chabad Lubavitch s izraelsk\u00fdmi pasy<\/strong>, kte\u0159\u00ed ovl\u00e1daj\u00ed mimo jin\u00e9 i izraelsk\u00fd Mossad.<\/p>\n<h2>Lavrov z\u0159ejm\u011b odsoudil Zelensk\u00e9ho, je pr\u00fd zr\u00e1dce \u017did\u016f<\/h2>\n<p>A ukr\u00e1st pen\u00edze n\u011bkomu, kdo je napojen\u00fd na Chabad, Izrael a Mossad, to opravdu nechce nikdo z politik\u016f riskovat. Nen\u00ed proto divu, \u017ee rusk\u00fd ministr zahrani\u010d\u00ed Sergej Lavrov v ned\u011bl\u00ed uvedl\u00a0<strong>[<a href=\"https:\/\/href.li\/?https:\/\/www.rt.com\/russia\/613590-lavrov-zelensky-traitor-to-jews\/\" target=\"_blank\" rel=\"nofollow noopener\">2<\/a>]<\/strong>\u00a0v rozs\u00e1hl\u00e9m rozhovoru, \u017ee Volodymyr Zelensk\u00fd je zr\u00e1dcem \u017did\u016f.\u00a0<strong><em>Ukrajinsk\u00fd v\u016fdce Vladimir Zelensk\u00fd, kter\u00fd je etnick\u00fdm \u017didem, je zr\u00e1dcem vlastn\u00edho n\u00e1roda, proto\u017ee se postavil na stranu krajn\u00ed pravice<\/em><\/strong>, prohl\u00e1sil rusk\u00fd ministr zahrani\u010d\u00ed Sergej Lavrov a nazna\u010dil, \u017ee ho t\u00edmto sm\u011brem dotla\u010dili z\u00e1padn\u00ed podporovatel\u00e9 Kyjeva.<\/p>\n<figure id=\"attachment_62878\" class=\"wp-caption aligncenter\" style=\"width: 593px;\"><a href=\"https:\/\/aeronet.news\/wp-content\/uploads\/LavrovJewsZelebubTraitor.jpg\"><img decoding=\"async\" loading=\"lazy\" class=\"wp-image-62878 \" src=\"https:\/\/aeronet.news\/wp-content\/uploads\/LavrovJewsZelebubTraitor-1024x576.jpg\" sizes=\"(max-width: 700px) 100vw, 700px\" srcset=\"https:\/\/aeronet.news\/wp-content\/uploads\/LavrovJewsZelebubTraitor-1024x576.jpg 1024w, https:\/\/aeronet.news\/wp-content\/uploads\/LavrovJewsZelebubTraitor-300x169.jpg 300w, https:\/\/aeronet.news\/wp-content\/uploads\/LavrovJewsZelebubTraitor-768x432.jpg 768w, https:\/\/aeronet.news\/wp-content\/uploads\/LavrovJewsZelebubTraitor-700x394.jpg 700w, https:\/\/aeronet.news\/wp-content\/uploads\/LavrovJewsZelebubTraitor-635x357.jpg 635w, https:\/\/aeronet.news\/wp-content\/uploads\/LavrovJewsZelebubTraitor-859x483.jpg 859w, https:\/\/aeronet.news\/wp-content\/uploads\/LavrovJewsZelebubTraitor.jpg 1280w\" alt=\"\" width=\"593\" height=\"334\" \/><\/a><figcaption class=\"wp-caption-text\">Sergej Lavrov b\u011bhem rozhovoru, ve kter\u00e9m ozna\u010dil Zelensk\u00e9ho za zr\u00e1dce \u017did\u016f<\/figcaption><\/figure>\n<p>Po eskalaci konfliktu na Ukrajin\u011b v \u00fanoru 2022 rusk\u00fd prezident Vladimir Putin ozna\u010dil \u201c<em>denacifikaci<\/em>\u201d sousedn\u00ed zem\u011b za jeden z c\u00edl\u016f vojensk\u00e9 akce Moskvy. V ned\u011bln\u00edm projevu pro rusk\u00e1 m\u00e9dia Lavrov vyj\u00e1d\u0159il skepsi ohledn\u011b pl\u00e1n\u016f vysloven\u00fdch n\u011bkolika evropsk\u00fdmi \u010dlensk\u00fdmi st\u00e1ty NATO na vysl\u00e1n\u00ed \u201c<em>m\u00edrov\u00fdch sil<\/em>\u201d na Ukrajinu. Diplomat prohl\u00e1sil, \u017ee z\u00e1padn\u00ed mocnosti by ve skute\u010dnosti m\u00edsto toho \u201c<em>podn\u011bcovaly kyjevsk\u00fd re\u017eim, aby \u0161el v\u00e1l\u010dit proti n\u00e1m.<\/em>\u201c<\/p>\n<p>Jako p\u0159\u00edklad uvedl ne\u00fasp\u011b\u0161n\u00e9 minsk\u00e9 dohody, kter\u00e9 byly podeps\u00e1ny v letech 2014 a 2015 a m\u011bly zastavit boje mezi Ukrajinou a Don\u011bckou a Luhanskou lidovou republikou.\u00a0<strong>N\u011bmecko a Francie byly garanty t\u011bchto dohod, ale pozd\u011bji ve\u0159ejn\u011b p\u0159iznaly, \u017ee je podepsaly jen proto, aby z\u00edskaly Kyjevu \u010das na vybudov\u00e1n\u00ed arm\u00e1dy.<\/strong>\u00a0Podle Lavrova z\u00e1padn\u00ed mocnosti \u201c<em>nejprve p\u0159ivedly Petro Poro\u0161enka k moci na sv\u00fdch bajonetech a pot\u00e9 Zelensk\u00e9ho<\/em>.\u201d Ofici\u00e1ln\u00ed p\u0159edstavitel nazna\u010dil, \u017ee stejn\u00ed z\u00e1padn\u00ed pomaha\u010di byli hnac\u00ed silou Zelensk\u00e9ho n\u00e1hl\u00e9ho opu\u0161t\u011bn\u00ed pro-m\u00edrov\u00e9 platformy, s n\u00ed\u017e vedl kampa\u0148 v roce 2019.<\/p>\n<h2>Zlomen\u00e1 h\u016fl nad Zelensk\u00fdm za to, \u017ee chce ukr\u00e1st zmrazen\u00e9 hebrejsk\u00e9 pen\u00edze z evropsk\u00fdch bank<\/h2>\n<p>\u201c<em>Zelensk\u00fd ud\u011blal obrat o 180 stup\u0148\u016f z \u010dlov\u011bka, kter\u00fd p\u0159i\u0161el k moci s m\u00edrov\u00fdmi hesly\u2026 a b\u011bhem p\u016fl roku se zm\u011bnil v ryz\u00edho nacistu, a jak spr\u00e1vn\u011b \u0159ekl rusk\u00fd prezident Vladimir Putin \u2013 zr\u00e1dce \u017eidovsk\u00e9ho n\u00e1roda<\/em>,\u201d \u0159ekl Lavrov. Lavrov\u016fv v\u00fdrok o tom, \u017ee Zelensk\u00fd je zr\u00e1dce \u017did\u016f, je podle nejen m\u00e9ho n\u00e1zoru tzv.\u00a0<em>kappurah<\/em>, tedy zlomen\u00ed ochrann\u00e9 hole nad Zelensk\u00fdm, p\u0159i\u010dem\u017e od t\u00e9 chv\u00edle ji\u017e nem\u00e1 ochranu a je vyd\u011bd\u011bn.<\/p>\n<p>Zelensk\u00e9ho snaha o odcizen\u00ed zmrazen\u00fdch rusk\u00fdch aktiv, o kter\u00fdch mus\u00ed v\u011bd\u011bt, komu skute\u010dn\u011b pat\u0159\u00ed, \u017ee to nen\u00ed \u201c<em>st\u00e1t\u00a0Rusko<\/em>\u201c, se podle v\u0161eho stala d\u016fvodem pro jeho vyd\u011bd\u011bn\u00ed z Abrah\u00e1movy linie. Jestli to opravdu tak je, m\u011bli by se Zelensk\u00fd rad\u011bji s\u00e1m zast\u0159elit.<\/p>\n<figure id=\"attachment_45035\" class=\"wp-caption aligncenter\" style=\"width: 608px;\"><a href=\"https:\/\/aeronet.news\/wp-content\/uploads\/PutinLazar.jpg\"><img decoding=\"async\" loading=\"lazy\" class=\"wp-image-45035 \" src=\"https:\/\/aeronet.news\/wp-content\/uploads\/PutinLazar.jpg\" sizes=\"(max-width: 880px) 100vw, 880px\" srcset=\"https:\/\/aeronet.news\/wp-content\/uploads\/PutinLazar.jpg 880w, https:\/\/aeronet.news\/wp-content\/uploads\/PutinLazar-300x169.jpg 300w, https:\/\/aeronet.news\/wp-content\/uploads\/PutinLazar-768x432.jpg 768w, https:\/\/aeronet.news\/wp-content\/uploads\/PutinLazar-700x394.jpg 700w, https:\/\/aeronet.news\/wp-content\/uploads\/PutinLazar-635x357.jpg 635w, https:\/\/aeronet.news\/wp-content\/uploads\/PutinLazar-859x483.jpg 859w\" alt=\"\" width=\"608\" height=\"342\" \/><\/a><figcaption class=\"wp-caption-text\">Vladimir Putin a Berel Lazar, nejvy\u0161\u0161\u00ed rab\u00edn Ruska v \u017didovsk\u00e9m muzeu. V pozad\u00ed na obrazu Menachem Mendel Schneerson, uct\u00edvan\u00fd a dnes ji\u017e zesnul\u00fd v\u016fdce Chabadu Lubavitch<\/figcaption><\/figure>\n<p>Nev\u011b\u0159\u00edm, \u017ee tento Lavrov\u016fv v\u00fdrok byl n\u00e1hodn\u00fd. Pokud se toti\u017e o \u017didovi ve\u0159ejn\u011b prohl\u00e1s\u00ed, \u017ee je zr\u00e1dce sv\u00e9ho vyvolen\u00e9ho n\u00e1roda, n\u00e1sleduje jedin\u00fd trest, a to je\u00a0<em>kappurah<\/em>. Od t\u00e9to chv\u00edle tak podle v\u0161eho Zelensk\u00fd ji\u017e nem\u00e1 ochranu \u010dlena Vyvolen\u00e9ho n\u00e1roda. Jde podle v\u0161eho o trest, \u017ee se se pokou\u0161\u00ed o kr\u00e1de\u017e hebrejsk\u00fdch \u201c<em>rusk\u00fdch<\/em>\u201d aktiv zmrazen\u00fdch v EU.<\/p>\n<p>Kokain podle v\u0161eho \u00fapln\u011b Zelensk\u00e9mu vymazal posledn\u00ed mozkov\u00e9 bu\u0148ky. Nejde toti\u017e o strach z Ruska nebo z odlivu klient\u016f bank. Jde o to, \u017ee v z\u00e1kulis\u00ed v\u0161ichni v\u011bd\u00ed, komu pat\u0159\u00ed pen\u00edze na zmrazen\u00fdch \u00fa\u010dtech, a co by se stalo, kdyby je n\u011bkdo ukradl, tedy p\u0159edal prezidentovi Ukrajiny, kter\u00fd je \u017did. A p\u0159esto o to Zelensk\u00fd usiluje. Jedin\u00e9, na co je dovoleno s\u00e1hnout, jsou \u00faroky ze zmrazen\u00fdch aktiv. Tedy pen\u00edze vyd\u011blan\u00e9 z aktiv na \u00faroc\u00edch. Zelensk\u00e9ho touha po samotn\u00fdch aktivech je de facto\u00a0<em>p\u0159\u00e1n\u00edm smrti<\/em>.<\/p>\n<h2>Na hebrejsk\u00e1 aktiva se nes\u00e1hne, pen\u00edze na zbrojen\u00ed se nakonec op\u011bt vezmou od obvykl\u00fdch podez\u0159el\u00fdch \u2013 ob\u010dan\u016f zem\u00ed EU<\/h2>\n<p>V Lond\u00fdn\u011b se nakonec dohodlo jen to, \u017ee\u00a0<strong>Evropa za\u010dne zbrojit. Je\u0161t\u011b se nev\u00ed jak, ani kolik to bude st\u00e1t, proto\u017ee to se m\u00e1 prob\u00edrat a\u017e na zm\u00edn\u011bn\u00e9m summitu EU ve \u010dtvrtek<\/strong>, kde se m\u00e1 schvalovat dal\u0161\u00ed pomoc Ukrajin\u011b a v\u011bci spojen\u00e9 s financov\u00e1n\u00edm dal\u0161\u00ed v\u00e1lky na Ukrajin\u011b.<\/p>\n<p>V z\u00e1kulis\u00ed se ji\u017e mezi europoslanci navrhuje, aby do\u0161lo nap\u0159. ke sn\u00ed\u017een\u00ed po\u010dt\u016f u\u010ditel\u016f ve \u010dlensk\u00fdch zem\u00edch EU a ke sjednocov\u00e1n\u00ed t\u0159\u00edd, k nasazen\u00ed um\u011bl\u00e9 inteligence m\u00edsto u\u010ditel\u016f, aby se omezila dokonce ne-akutn\u00ed zdravotn\u00ed p\u00e9\u010de a zmrazilo se navy\u0161ov\u00e1n\u00ed d\u016fchod\u016f a soci\u00e1ln\u00edch v\u00fddaj\u016f. Stejn\u011b tak se navrhuje sn\u00ed\u017eit po\u010dty \u00fa\u0159edn\u00edk\u016f a nahradit je op\u011bt zm\u00edn\u011bn\u00fdmi um\u011bl\u00fdmi inteligencemi.<\/p>\n<p><a href=\"https:\/\/aeronet.news\/wp-content\/uploads\/ZelenskyEndOfWarFarAway.jpg\"><img decoding=\"async\" loading=\"lazy\" class=\"wp-image-62879 aligncenter\" src=\"https:\/\/aeronet.news\/wp-content\/uploads\/ZelenskyEndOfWarFarAway.jpg\" sizes=\"(max-width: 766px) 100vw, 766px\" srcset=\"https:\/\/aeronet.news\/wp-content\/uploads\/ZelenskyEndOfWarFarAway.jpg 766w, https:\/\/aeronet.news\/wp-content\/uploads\/ZelenskyEndOfWarFarAway-285x300.jpg 285w, https:\/\/aeronet.news\/wp-content\/uploads\/ZelenskyEndOfWarFarAway-700x736.jpg 700w, https:\/\/aeronet.news\/wp-content\/uploads\/ZelenskyEndOfWarFarAway-340x357.jpg 340w, https:\/\/aeronet.news\/wp-content\/uploads\/ZelenskyEndOfWarFarAway-460x483.jpg 460w\" alt=\"\" width=\"509\" height=\"535\" \/><\/a><\/p>\n<p>Mezi dal\u0161\u00edmi n\u00e1vrhy je zru\u0161en\u00ed st\u00e1tn\u00edch plateb zdravotn\u00edho poji\u0161t\u011bn\u00ed za d\u016fchodce. \u00daspory by m\u011bly p\u0159in\u00e9st ro\u010dn\u011b vy\u0161\u0161\u00ed des\u00edtky a\u017e ni\u017e\u0161\u00ed stovky miliard ro\u010dn\u011b, kter\u00e9 se pou\u017eij\u00ed na zbrojen\u00ed a nastartov\u00e1n\u00ed v\u00e1le\u010dn\u00e9 v\u00fdroby proti Rusku. To je v kostce sb\u00edrka n\u00e1pad\u016f n\u011bkter\u00fdch europoslanc\u016f, kde vz\u00edt pen\u00edze na to, co vymysleli v ned\u011bli jest\u0159\u00e1bi v Lond\u00fdn\u011b.<\/p>\n<p>Evropa chce znovu vyvolat v\u00e1lku s Ruskem, znovu chce Evropa t\u00e1hnout na v\u00fdchod. Prost\u011b ub\u011bhlo 80 let od konce posledn\u00ed sv\u011btov\u00e9 v\u00e1lky a banda idiot\u016f na schodi\u0161ti b\u00fdval\u00e9 konzervato\u0159e chyst\u00e1 znovu ta\u017een\u00ed do rusk\u00e9ho prostoru, tedy na Ukrajinu a a proti Rusku. Nen\u00ed prost\u011b m\u00edru tam, kde lid\u00e9 zapom\u00ednaj\u00ed vlastn\u00ed minulost a hr\u016fzy p\u0159edchoz\u00edch v\u00e1lek! Takov\u00e1 je realita!<\/p>\n<h3><strong>Aktualizace 02:40<\/strong><\/h3>\n<h2>Trumpova administrativa v noci na \u00fater\u00fd zastavila ve\u0161kerou vojenskou pomoc Ukrajin\u011b!<\/h2>\n<p>Americk\u00fd prezident Donald Trump na\u0159\u00eddil ministerstvu obrany, aby po jeho ve\u0159ejn\u00e9 roztr\u017ece s Vladimirem Zelensk\u00fdm pozastavilo ve\u0161kerou vojenskou pomoc Ukrajin\u011b, informovaly v pond\u011bl\u00ed ve\u010der americk\u00e9ho \u010dasu tiskov\u00e9 agentury s odvol\u00e1n\u00edm na americk\u00e9 p\u0159edstavitele. Podle agentury Bloomberg se zmrazen\u00ed t\u00fdk\u00e1 vybaven\u00ed, kter\u00e9 ji\u017e bylo ur\u010deno k dod\u00e1n\u00ed, v\u010detn\u011b zbran\u00ed p\u0159epravovan\u00fdch v letadlech a na lod\u00edch nebo \u010dekaj\u00edc\u00edch v tranzitn\u00edch prostorech v Polsku.<\/p>\n<div class=\"twitter-tweet twitter-tweet-rendered\"><iframe id=\"twitter-widget-1\" class=\"\" title=\"X Post\" src=\"https:\/\/platform.twitter.com\/embed\/Tweet.html?dnt=false&amp;embedId=twitter-widget-1&amp;features=eyJ0ZndfdGltZWxpbmVfbGlzdCI6eyJidWNrZXQiOltdLCJ2ZXJzaW9uIjpudWxsfSwidGZ3X2ZvbGxvd2VyX2NvdW50X3N1bnNldCI6eyJidWNrZXQiOnRydWUsInZlcnNpb24iOm51bGx9LCJ0ZndfdHdlZXRfZWRpdF9iYWNrZW5kIjp7ImJ1Y2tldCI6Im9uIiwidmVyc2lvbiI6bnVsbH0sInRmd19yZWZzcmNfc2Vzc2lvbiI6eyJidWNrZXQiOiJvbiIsInZlcnNpb24iOm51bGx9LCJ0ZndfZm9zbnJfc29mdF9pbnRlcnZlbnRpb25zX2VuYWJsZWQiOnsiYnVja2V0Ijoib24iLCJ2ZXJzaW9uIjpudWxsfSwidGZ3X21peGVkX21lZGlhXzE1ODk3Ijp7ImJ1Y2tldCI6InRyZWF0bWVudCIsInZlcnNpb24iOm51bGx9LCJ0ZndfZXhwZXJpbWVudHNfY29va2llX2V4cGlyYXRpb24iOnsiYnVja2V0IjoxMjA5NjAwLCJ2ZXJzaW9uIjpudWxsfSwidGZ3X3Nob3dfYmlyZHdhdGNoX3Bpdm90c19lbmFibGVkIjp7ImJ1Y2tldCI6Im9uIiwidmVyc2lvbiI6bnVsbH0sInRmd19kdXBsaWNhdGVfc2NyaWJlc190b19zZXR0aW5ncyI6eyJidWNrZXQiOiJvbiIsInZlcnNpb24iOm51bGx9LCJ0ZndfdXNlX3Byb2ZpbGVfaW1hZ2Vfc2hhcGVfZW5hYmxlZCI6eyJidWNrZXQiOiJvbiIsInZlcnNpb24iOm51bGx9LCJ0ZndfdmlkZW9faGxzX2R5bmFtaWNfbWFuaWZlc3RzXzE1MDgyIjp7ImJ1Y2tldCI6InRydWVfYml0cmF0ZSIsInZlcnNpb24iOm51bGx9LCJ0ZndfbGVnYWN5X3RpbWVsaW5lX3N1bnNldCI6eyJidWNrZXQiOnRydWUsInZlcnNpb24iOm51bGx9LCJ0ZndfdHdlZXRfZWRpdF9mcm9udGVuZCI6eyJidWNrZXQiOiJvbiIsInZlcnNpb24iOm51bGx9fQ%3D%3D&amp;frame=false&amp;hideCard=false&amp;hideThread=false&amp;id=1896727184569721081&amp;lang=cs&amp;origin=https%3A%2F%2Faeronet.news%2Fsefka-narodniho-zpravodajstvi-usa-varovala-ze-eu-se-meni-na-totalitu-ktera-umlcuje-kazdeho-kdo-nechce-valku-schyluje-se-k-separatnimu-miru-mezi-usa-a-ruskem-zvazuje-se-zruseni-sankci-na-rusko%2F&amp;sessionId=5fbbd1fdc777fdf44f0b6afe74b66b79a06c6ff4&amp;theme=light&amp;widgetsVersion=2615f7e52b7e0%3A1702314776716&amp;width=550px\" frameborder=\"0\" scrolling=\"no\" allowfullscreen=\"allowfullscreen\" data-tweet-id=\"1896727184569721081\" data-mce-fragment=\"1\"><\/iframe><\/div>\n<p dir=\"ltr\" lang=\"en\">\ud83d\udea8BREAKING: DONALD TRUMP HAS PAUSED ALL MILITARY AID TO UKRAINE<\/p>\n<p>\u2013 Trump given no choice after he claims Zelenskyy does not want peace<\/p>\n<p>White House official confirmed the news to CBS NEWS moments ago<\/p>\n<p>One way or another, this war will end soon.\u00a0<a href=\"https:\/\/href.li\/?https:\/\/t.co\/c3RHLTmIpt\" target=\"_blank\" rel=\"nofollow noopener\">pic.twitter.com\/c3RHLTmIpt<\/a><\/p>\n<p>\u2014 Basil the Great (@Basil_TGMD)\u00a0<a href=\"https:\/\/href.li\/?https:\/\/twitter.com\/Basil_TGMD\/status\/1896727184569721081?ref_src=twsrc%5Etfw\" target=\"_blank\" rel=\"nofollow noopener\">March 4, 2025<\/a><\/p>\n<p>Pozastaven\u00ed z\u016fstane v platnosti, dokud Trump neuvid\u00ed, \u017ee ukrajin\u0161t\u00ed p\u0159edstavitel\u00e9 \u201e<em>prok\u00e1\u017e\u00ed dobrou v\u016fli k m\u00edru<\/em>\u201c, uvedla agentura Bloomberg\u00a0<strong>[<a href=\"https:\/\/href.li\/?https:\/\/www.bloomberg.com\/news\/articles\/2025-03-03\/trump-pauses-military-aid-to-ukraine-after-clash-with-zelenskiy?srnd=homepage-europe\" target=\"_blank\" rel=\"nofollow noopener\">3<\/a>]<\/strong>\u00a0s odvol\u00e1n\u00edm na vysok\u00e9ho p\u0159edstavitele Pentagonu. \u201e<strong><em>Prezident jasn\u011b \u0159ekl, \u017ee se zam\u011b\u0159uje na m\u00edr. Pot\u0159ebujeme, aby se k tomuto c\u00edli zav\u00e1zali i na\u0161i partne\u0159i. Pozastavujeme a p\u0159ezkoum\u00e1v\u00e1me na\u0161i pomoc, abychom se ujistili, \u017ee p\u0159isp\u00edv\u00e1 k \u0159e\u0161en\u00ed<\/em>,<\/strong>\u201c \u0159ekl agentu\u0159e Reuters p\u0159edstavitel B\u00edl\u00e9ho domu. Den\u00edk Wall Street Journal ji\u017e d\u0159\u00edve v pond\u011bl\u00ed informoval, \u017ee Washington zastavil financov\u00e1n\u00ed prodeje nov\u00fdch zbran\u00ed na Ukrajinu a zva\u017euje zmrazen\u00ed dod\u00e1vek zbran\u00ed.<\/p>\n<p>-VK-<\/p>\n","protected":false},"excerpt":{"rendered":"<p>\u0160\u00e9fka N\u00e1rodn\u00edho zpravodajstv\u00ed USA varovala, \u017ee EU se m\u011bn\u00ed na totalitu, kter\u00e1 uml\u010duje ka\u017ed\u00e9ho, kdo&#8230;<\/p>\n","protected":false},"author":2,"featured_media":73654,"comment_status":"closed","ping_status":"closed","sticky":false,"template":"","format":"standard","meta":[],"categories":[6],"tags":[1042,41,48,37,1000],"_links":{"self":[{"href":"https:\/\/www.infokuryr.cz\/n\/wp-json\/wp\/v2\/posts\/73651"}],"collection":[{"href":"https:\/\/www.infokuryr.cz\/n\/wp-json\/wp\/v2\/posts"}],"about":[{"href":"https:\/\/www.infokuryr.cz\/n\/wp-json\/wp\/v2\/types\/post"}],"author":[{"embeddable":true,"href":"https:\/\/www.infokuryr.cz\/n\/wp-json\/wp\/v2\/users\/2"}],"replies":[{"embeddable":true,"href":"https:\/\/www.infokuryr.cz\/n\/wp-json\/wp\/v2\/comments?post=73651"}],"version-history":[{"count":1,"href":"https:\/\/www.infokuryr.cz\/n\/wp-json\/wp\/v2\/posts\/73651\/revisions"}],"predecessor-version":[{"id":73655,"href":"https:\/\/www.infokuryr.cz\/n\/wp-json\/wp\/v2\/posts\/73651\/revisions\/73655"}],"wp:featuredmedia":[{"embeddable":true,"href":"https:\/\/www.infokuryr.cz\/n\/wp-json\/wp\/v2\/media\/73654"}],"wp:attachment":[{"href":"https:\/\/www.infokuryr.cz\/n\/wp-json\/wp\/v2\/media?parent=73651"}],"wp:term":[{"taxonomy":"category","embeddable":true,"href":"https:\/\/www.infokuryr.cz\/n\/wp-json\/wp\/v2\/categories?post=73651"},{"taxonomy":"post_tag","embeddable":true,"href":"https:\/\/www.infokuryr.cz\/n\/wp-json\/wp\/v2\/tags?post=73651"}],"curies":[{"name":"wp","href":"https:\/\/api.w.org\/{rel}","templated":true}]}}