{"id":73640,"date":"2025-03-04T00:26:51","date_gmt":"2025-03-03T23:26:51","guid":{"rendered":"https:\/\/www.infokuryr.cz\/n\/?p=73640"},"modified":"2025-03-03T17:50:30","modified_gmt":"2025-03-03T16:50:30","slug":"jiri-vyvadil-slape-to-jako-hodinky","status":"publish","type":"post","link":"https:\/\/www.infokuryr.cz\/n\/2025\/03\/04\/jiri-vyvadil-slape-to-jako-hodinky\/","title":{"rendered":"Ji\u0159\u00ed Vyvadil: \u0160lape to jako hodinky"},"content":{"rendered":"<div id=\"fb-root\"><\/div>\n<p><strong>Jestli si Zelenskyj myslel, \u017ee se m\u016f\u017ee postavit jednozna\u010dn\u00e9mu p\u0159\u00e1n\u00ed dnes objektivn\u011b nejmocn\u011bj\u0161\u00edho sv\u011btov\u00e9ho podporovatele m\u00edru Donalda Trumpa, tak se \u0161eredn\u011b m\u00fdl\u00ed. A jestli si mysl\u00ed, \u017ee mu pomohou jeho evrop\u0161t\u00ed podporovatel\u00e9, kter\u00e9 i nez\u00e1visl\u00fd ukrajinsk\u00fd port\u00e1l Strana UA naz\u00fdv\u00e1 stranou v\u00e1lky, tak se m\u00fdl\u00ed je\u0161t\u011b v\u00edc.<\/strong><\/p>\n<p>Z\u00e1hy po jeho vystoupen\u00ed v\u00a0ov\u00e1ln\u00e9 pracovn\u011b B\u00edl\u00e9ho domu zadul studen\u00fd v\u00edtr i od jeho podporovatel\u016f.<\/p>\n<p>Prvn\u00ed, kdo obr\u00e1til byl gener\u00e1ln\u00ed tajemn\u00edk NATO Rutte, kter\u00fd su\u0161e ozn\u00e1mil, \u017ee Zelenskyj bude muset ud\u011blat v\u0161e, aby napravil sv\u00e9 vztahy s\u00a0Trumpem.<\/p>\n<p>Sen\u00e1tor Lindsey Graham, doned\u00e1vna nejhlasit\u011bj\u0161\u00ed zast\u00e1nce Ukrajiny, dnes stejn\u011b nahlas \u0159\u00edk\u00e1, \u017ee by Zelenskyj m\u011bl zmizet. Je\u0161t\u011b v\u00a0ned\u00e1vn\u00e9 dob\u011b, kdy sen\u00e1tor st\u00e1l jasn\u011b na stran\u011b Ukrajiny, se s n\u00edm za\u010d\u00e1tkem tohoto \u00fanora setkal a vyfotil \u010desk\u00fd ministr zahrani\u010d\u00ed Lipavsk\u00fd. (Jo jo, Honz\u00edku, dlouho Ti to nevydr\u017eelo)<\/p>\n<p>A ikona americk\u00e9ho alternativn\u00edho my\u0161len\u00ed \u0161\u00e9fka tajn\u00fdch slu\u017eeb\u00a0 Gabbardov\u00e1 zve\u0159ejnila na s\u00edti X \u00a0zni\u010duj\u00edc\u00ed koment\u00e1\u0159: \u00a0\u201eD\u011bkuju @DonaldTrump za va\u0161e neochv\u011bjn\u00e9 veden\u00ed p\u0159i h\u00e1jen\u00ed z\u00e1jm\u016f americk\u00e9ho lidu a m\u00edru. To, co jste \u0159ekl, je naprost\u00e1 pravda: Zelenskyj se u\u017e roky sna\u017e\u00ed zat\u00e1hnout Spojen\u00e9 st\u00e1ty do jadern\u00e9 v\u00e1lky s\u00a0Ruskem ke 3. sv\u011btov\u00e9\u00a0 v\u00e1lce a nikdo ho k tomu nepovolal. D\u011bkuji, viceprezidentovi @JDVanceemu za to, \u017ee se tak d\u016frazn\u011b a jasn\u011b vyj\u00e1d\u0159il o nutnosti diplomacie.<\/p>\n<p>Je vid\u011bt, \u017ee to u Trumpa \u0161lape jako hodinky.<\/p>\n<p>Kdo si myslel, \u017ee ta pond\u011bln\u00ed ta\u0161ka\u0159ice v\u00a0Lond\u00fdn\u011b n\u011bco zm\u011bn\u00ed, tak by m\u011bl b\u00fdt vyveden z\u00a0omylu.\u00a0 Proto\u017ee na z\u00e1v\u011br lekce z\u00a0americk\u00e9 re\u00e1l politiky:\u00a0 \u201eAmerick\u00fd ministr zahrani\u010d\u00ed Marco Rubio v ned\u011bln\u00edm rozhovoru pro stanici ABC uvedl, \u017ee nejd\u016fle\u017eit\u011bj\u0161\u00edm c\u00edlem v ot\u00e1zce v\u00e1lky na Ukrajin\u011b je dostat rusk\u00e9ho prezidenta Vladimira Putina k jednac\u00edmu stolu. Jak\u00e9koli jin\u00e9 diskuse pova\u017euje za vedlej\u0161\u00ed.\u201c<\/p>\n<p>\u201eJedin\u00fd zp\u016fsob, jak tato v\u00e1lka skon\u010d\u00ed, je, pokud Vladimir Putin usedne k jednac\u00edmu stolu. A v tuto chv\u00edli je jedin\u00fdm \u010dlov\u011bkem na sv\u011bt\u011b, kter\u00fd m\u00e1 v\u016fbec n\u011bjakou \u0161anci ho k tomu p\u0159iv\u00e9st, prezident Trump,\u201c \u0159ekl podle\u00a0Politica\u00a0Rubio v po\u0159adu \u201eThis Week\u201c.<\/p>\n<p>A v\u00a0tom je podstata.<\/p>\n<p><a href=\"https:\/\/vasevec.info\/komentare\/slape-jako-hodinky\">Ji\u0159\u00ed Vyvadil<\/a><\/p>\n<p><img decoding=\"async\" loading=\"lazy\" class=\"alignnone size-medium wp-image-16474\" src=\"http:\/\/www.infokuryr.cz\/n\/wp-content\/uploads\/2022\/10\/jiri-vyvadil-300x200.jpg\" alt=\"\" width=\"300\" height=\"200\" srcset=\"https:\/\/www.infokuryr.cz\/n\/wp-content\/uploads\/2022\/10\/jiri-vyvadil-300x200.jpg 300w, https:\/\/www.infokuryr.cz\/n\/wp-content\/uploads\/2022\/10\/jiri-vyvadil-768x512.jpg 768w, https:\/\/www.infokuryr.cz\/n\/wp-content\/uploads\/2022\/10\/jiri-vyvadil.jpg 800w\" sizes=\"(max-width: 300px) 100vw, 300px\" \/><\/p>\n<p><img decoding=\"async\" loading=\"lazy\" class=\"wp-image-73173 aligncenter\" src=\"http:\/\/www.infokuryr.cz\/n\/wp-content\/uploads\/2025\/02\/demonstrace-08-05-2025-209x300.jpg\" alt=\"\" width=\"434\" height=\"623\" srcset=\"https:\/\/www.infokuryr.cz\/n\/wp-content\/uploads\/2025\/02\/demonstrace-08-05-2025-209x300.jpg 209w, https:\/\/www.infokuryr.cz\/n\/wp-content\/uploads\/2025\/02\/demonstrace-08-05-2025-713x1024.jpg 713w, https:\/\/www.infokuryr.cz\/n\/wp-content\/uploads\/2025\/02\/demonstrace-08-05-2025-768x1103.jpg 768w, https:\/\/www.infokuryr.cz\/n\/wp-content\/uploads\/2025\/02\/demonstrace-08-05-2025.jpg 891w\" sizes=\"(max-width: 434px) 100vw, 434px\" \/><\/p>\n<p>&nbsp;<\/p>\n","protected":false},"excerpt":{"rendered":"<p>Jestli si Zelenskyj myslel, \u017ee se m\u016f\u017ee postavit jednozna\u010dn\u00e9mu p\u0159\u00e1n\u00ed dnes objektivn\u011b nejmocn\u011bj\u0161\u00edho sv\u011btov\u00e9ho podporovatele&#8230;<\/p>\n","protected":false},"author":2,"featured_media":60489,"comment_status":"closed","ping_status":"closed","sticky":false,"template":"","format":"standard","meta":[],"categories":[6],"tags":[1503,452,1000],"_links":{"self":[{"href":"https:\/\/www.infokuryr.cz\/n\/wp-json\/wp\/v2\/posts\/73640"}],"collection":[{"href":"https:\/\/www.infokuryr.cz\/n\/wp-json\/wp\/v2\/posts"}],"about":[{"href":"https:\/\/www.infokuryr.cz\/n\/wp-json\/wp\/v2\/types\/post"}],"author":[{"embeddable":true,"href":"https:\/\/www.infokuryr.cz\/n\/wp-json\/wp\/v2\/users\/2"}],"replies":[{"embeddable":true,"href":"https:\/\/www.infokuryr.cz\/n\/wp-json\/wp\/v2\/comments?post=73640"}],"version-history":[{"count":0,"href":"https:\/\/www.infokuryr.cz\/n\/wp-json\/wp\/v2\/posts\/73640\/revisions"}],"wp:featuredmedia":[{"embeddable":true,"href":"https:\/\/www.infokuryr.cz\/n\/wp-json\/wp\/v2\/media\/60489"}],"wp:attachment":[{"href":"https:\/\/www.infokuryr.cz\/n\/wp-json\/wp\/v2\/media?parent=73640"}],"wp:term":[{"taxonomy":"category","embeddable":true,"href":"https:\/\/www.infokuryr.cz\/n\/wp-json\/wp\/v2\/categories?post=73640"},{"taxonomy":"post_tag","embeddable":true,"href":"https:\/\/www.infokuryr.cz\/n\/wp-json\/wp\/v2\/tags?post=73640"}],"curies":[{"name":"wp","href":"https:\/\/api.w.org\/{rel}","templated":true}]}}