{"id":73638,"date":"2025-03-04T00:19:00","date_gmt":"2025-03-03T23:19:00","guid":{"rendered":"https:\/\/www.infokuryr.cz\/n\/?p=73638"},"modified":"2025-03-03T17:43:23","modified_gmt":"2025-03-03T16:43:23","slug":"ondrej-prokop-rakusan-vs-bartos-predvolebni-souboj-se-blizi-prida-se-i-ods-ustoji-to-koalice","status":"publish","type":"post","link":"https:\/\/www.infokuryr.cz\/n\/2025\/03\/04\/ondrej-prokop-rakusan-vs-bartos-predvolebni-souboj-se-blizi-prida-se-i-ods-ustoji-to-koalice\/","title":{"rendered":"Ond\u0159ej Prokop: Raku\u0161an vs Barto\u0161. P\u0159edvolebn\u00ed souboj se bl\u00ed\u017e\u00ed. P\u0159id\u00e1 se i ODS. Ustoj\u00ed to koalice?"},"content":{"rendered":"<div id=\"fb-root\"><\/div>\n<p>Barto\u0161 versus Raku\u0161an! B\u00fdval\u00ed spojenci jdou tvrd\u011b proti sob\u011b. Volby se bl\u00ed\u017e\u00ed a rivalov\u00e9 se nebudou \u0161t\u00edtit ni\u010deho. Tohle bude je\u0161t\u011b hodn\u011b zaj\u00edmav\u00e9. Do souboje ve St\u0159edo\u010desk\u00e9m kraji se nav\u00edc p\u0159id\u00e1 i Kupka (ODS). Ustoj\u00ed drsnou volebn\u00ed kampa\u0148 vl\u00e1dn\u00ed koalice?<\/p>\n<p>\ud83d\udc49 Fiala \u0159ekl, \u017ee zakl\u00e1d\u00e1 se z\u00e1padn\u00edmi mocnostmi koalici zodpov\u011bdn\u00fdch na pomoc Ukrajin\u011b. Tak nev\u00edm, jestli mu to v\u011b\u0159\u00edte vy, ale j\u00e1 pana premi\u00e9ra za zodpov\u011bdn\u00e9ho zrovna nepova\u017euji. N\u011bkolik let jeho vl\u00e1dy uvrhlo \u010cesko do probl\u00e9m\u016f, rekordn\u00edho dluhu, sn\u00ed\u017een\u00ed \u017eivotn\u00ed \u00farovn\u011b a tak d\u00e1le.<\/p>\n<p>\ud83d\udc49 Poslanci ODS bojuj\u00ed jako psi za zv\u00fd\u0161en\u00ed sv\u00fdch plat\u016f! Prezident jim zv\u00fd\u0161en\u00ed sice vetoval, ale \u010dty\u0159koalice ho chce nyn\u00ed p\u0159ehlasovat. Tady vid\u00edme, jak\u00e9 jsou jejich skute\u010dn\u00e9 priority.<\/p>\n<p>\ud83d\udc49 Sen\u00e1t schv\u00e1lil vy\u0161\u0161\u00ed limity pro mal\u00e9 zak\u00e1zky bez v\u00fdb\u011brov\u00e9ho \u0159\u00edzen\u00ed. Pro\u010d je to \u0161patn\u00e1 zpr\u00e1va? Proto\u017ee se t\u00edm vytv\u00e1\u0159\u00ed lep\u0161\u00ed podm\u00ednky pro korupci. Ve\u0159ejn\u00e9 zak\u00e1zky d\u00edky tomu bude mo\u017en\u00e9 rozd\u00e1vat netransparentn\u011b a &#8222;z ruky&#8220;. Co ale \u010dekat od Fialovy vl\u00e1dy?<\/p>\n<p>\ud83d\udc49U\u017e i sen\u00e1to\u0159i se bou\u0159\u00ed proti Fialov\u011b nov\u00e9 smlouv\u011b s Vatik\u00e1nem. Tato smlouva m\u00e1 toti\u017e nad\u0159adit c\u00edrkev nad \u010desk\u00fd trestn\u00ed z\u00e1kon. Z toho nekouk\u00e1 nic dobr\u00e9ho. Sen\u00e1tory proto za tohle mus\u00edm pochv\u00e1lit.<\/p>\n<p>\ud83d\udc49 Rodiny p\u0159ijdou o tis\u00edce korun na da\u0148ov\u00fdch slev\u00e1ch. OSV\u010c \u010dekaj\u00ed letos rekordn\u00ed odvody. Do toho p\u0159i\u010dt\u011bme aktu\u00e1ln\u00ed ekonomickou situaci a nen\u00ed divu, \u017ee se v \u010cesku rod\u00ed st\u00e1le m\u00e9n\u011b d\u011bt\u00ed. Lid\u00e9 na to jednodu\u0161e nemaj\u00ed.<\/p>\n<p>\ud83d\udc49 Nesl\u00fdchan\u00e9. \u0158editelem pra\u017esk\u00e9ho Dopravn\u00edho podniku bude Urb\u00e1nek. Zku\u0161en\u00fd odborn\u00edk, ale \u0161okuj\u00edc\u00ed je, \u017ee byl z\u00e1rove\u0148 p\u0159edsedou v\u00fdb\u011brov\u00e9 komise. Jin\u00fdmi slovy spole\u010dn\u011b se Zde\u0148kem H\u0159ibem vybral s\u00e1m sebe. Tohle je ta Pir\u00e1tsk\u00e1 transparentnost?<\/p>\n<p>\ud83d\udc49 H\u0159ib vybral jako nov\u00e9ho bezpe\u010dnostn\u00edho \u0159editele DPP policistu, kter\u00fd byl p\u0159ed n\u011bkolika lety p\u0159ichycen naprosto opil\u00fd za volantem na d\u00e1lnici. Tak kde to jsme?<\/p>\n<p>\ud83d\udc49Dal\u0161\u00ed pr\u016f\u0161vih. (U\u017e kolik\u00e1t\u00fd?) Antimonopoln\u00ed \u00fa\u0159ad zru\u0161il v\u00edt\u011bze na dostavbu metra D. To znamen\u00e1, \u017ee stavbu prakticky zablokoval na dlouhou dobu. Ji\u017e p\u0159ed rokem jsem na dozor\u010d\u00ed rad\u011b upozor\u0148oval, \u017ee je nutn\u00e9 v\u00fdb\u011brov\u00e9 \u0159\u00edzen\u00ed p\u0159ezkoumat nebo budou probl\u00e9my. Zde v\u00fdsledek.<\/p>\n<p>\ud83d\udc49Jak trefn\u011b \u0159ekl Patrik Nacher: &#8222;Pra\u017esk\u00e9 slu\u017eby jsou posledn\u00ed m\u011bstskou firmou, kterou Pir\u00e1ti je\u0161t\u011b nestihli rozlo\u017eit.&#8220; Nane\u0161t\u011bst\u00ed se o to nyn\u00ed ale velmi sna\u017e\u00ed a firma na to reaguje hroz\u00edc\u00ed st\u00e1vkou.<\/p>\n<p>To v\u0161e a mnohem v\u00edc se dozv\u00edte ve 122. d\u00edlu m\u00e9ho politick\u00e9ho podcastu. D\u011bkuji v\u00e1m p\u0159edem za zhl\u00e9dnut\u00ed a pros\u00edm o dal\u0161\u00ed sd\u00edlen\u00ed, a\u0165 se pravdu dozv\u00ed co nejv\u00edc lid\u00ed! T\u011b\u0161\u00edm se na dotazy i koment\u00e1\u0159e!<\/p>\n<p><iframe loading=\"lazy\" title=\"P\u0159edvolebn\u00ed souboj se bl\u00ed\u017e\u00ed. Raku\u0161an vs Barto\u0161. P\u0159id\u00e1 se i ODS. Ustoj\u00ed to koalice? | \u010cau Praho #122\" width=\"640\" height=\"360\" src=\"https:\/\/www.youtube.com\/embed\/09HDS7XFjB0?feature=oembed\" frameborder=\"0\" allow=\"accelerometer; autoplay; clipboard-write; encrypted-media; gyroscope; picture-in-picture; web-share\" referrerpolicy=\"strict-origin-when-cross-origin\" allowfullscreen><\/iframe><\/p>\n<p><span style=\"font-size: 14pt;\"><strong>Ing. Ond\u0159ej Prokop<\/strong><\/span><\/p>\n<p>&nbsp;<\/p>\n","protected":false},"excerpt":{"rendered":"<p>Barto\u0161 versus Raku\u0161an! B\u00fdval\u00ed spojenci jdou tvrd\u011b proti sob\u011b. Volby se bl\u00ed\u017e\u00ed a rivalov\u00e9 se&#8230;<\/p>\n","protected":false},"author":2,"featured_media":4032,"comment_status":"closed","ping_status":"closed","sticky":false,"template":"","format":"standard","meta":[],"categories":[6],"tags":[1503,137,122,1032,424,889],"_links":{"self":[{"href":"https:\/\/www.infokuryr.cz\/n\/wp-json\/wp\/v2\/posts\/73638"}],"collection":[{"href":"https:\/\/www.infokuryr.cz\/n\/wp-json\/wp\/v2\/posts"}],"about":[{"href":"https:\/\/www.infokuryr.cz\/n\/wp-json\/wp\/v2\/types\/post"}],"author":[{"embeddable":true,"href":"https:\/\/www.infokuryr.cz\/n\/wp-json\/wp\/v2\/users\/2"}],"replies":[{"embeddable":true,"href":"https:\/\/www.infokuryr.cz\/n\/wp-json\/wp\/v2\/comments?post=73638"}],"version-history":[{"count":0,"href":"https:\/\/www.infokuryr.cz\/n\/wp-json\/wp\/v2\/posts\/73638\/revisions"}],"wp:featuredmedia":[{"embeddable":true,"href":"https:\/\/www.infokuryr.cz\/n\/wp-json\/wp\/v2\/media\/4032"}],"wp:attachment":[{"href":"https:\/\/www.infokuryr.cz\/n\/wp-json\/wp\/v2\/media?parent=73638"}],"wp:term":[{"taxonomy":"category","embeddable":true,"href":"https:\/\/www.infokuryr.cz\/n\/wp-json\/wp\/v2\/categories?post=73638"},{"taxonomy":"post_tag","embeddable":true,"href":"https:\/\/www.infokuryr.cz\/n\/wp-json\/wp\/v2\/tags?post=73638"}],"curies":[{"name":"wp","href":"https:\/\/api.w.org\/{rel}","templated":true}]}}